{"id":22165,"date":"2018-03-07T09:36:07","date_gmt":"2018-03-07T09:36:07","guid":{"rendered":"http:\/\/www.prestigemag.co\/2018\/03\/georges-chakra-aux-oscars\/"},"modified":"2018-03-07T09:36:07","modified_gmt":"2018-03-07T09:36:07","slug":"georges-chakra-aux-oscars","status":"publish","type":"post","link":"https:\/\/www.prestigemag.co\/fr\/2018\/03\/georges-chakra-aux-oscars\/","title":{"rendered":"Georges Chakra aux Oscars"},"content":{"rendered":"<figure id=\"attachment_14644\" aria-describedby=\"caption-attachment-14644\" style=\"width: 945px\" class=\"wp-caption aligncenter\"><a href=\"http:\/\/www.prestigemag.co\/wp-content\/uploads\/2018\/03\/Stars-in-Georges-Chakra.jpg\"><img src=\"data:image\/svg+xml,%3Csvg%20xmlns='http:\/\/www.w3.org\/2000\/svg'%20viewBox='0%200%20945%20409'%3E%3C\/svg%3E\" class=\"zeen-lazy-load-base zeen-lazy-load wp-image-14644 size-full\" data-lazy-src=\"http:\/\/www.prestigemag.co\/wp-content\/uploads\/2018\/03\/Stars-in-Georges-Chakra.jpg\" alt=\"\" width=\"945\" height=\"409\" data-lazy-srcset=\"https:\/\/www.prestigemag.co\/wp-content\/uploads\/2018\/03\/Stars-in-Georges-Chakra.jpg 945w, https:\/\/www.prestigemag.co\/wp-content\/uploads\/2018\/03\/Stars-in-Georges-Chakra-300x130.jpg 300w, https:\/\/www.prestigemag.co\/wp-content\/uploads\/2018\/03\/Stars-in-Georges-Chakra-770x333.jpg 770w, https:\/\/www.prestigemag.co\/wp-content\/uploads\/2018\/03\/Stars-in-Georges-Chakra-293x127.jpg 293w, https:\/\/www.prestigemag.co\/wp-content\/uploads\/2018\/03\/Stars-in-Georges-Chakra-390x169.jpg 390w, https:\/\/www.prestigemag.co\/wp-content\/uploads\/2018\/03\/Stars-in-Georges-Chakra-768x332.jpg 768w, https:\/\/www.prestigemag.co\/wp-content\/uploads\/2018\/03\/Stars-in-Georges-Chakra-150x65.jpg 150w, https:\/\/www.prestigemag.co\/wp-content\/uploads\/2018\/03\/Stars-in-Georges-Chakra-600x260.jpg 600w, https:\/\/www.prestigemag.co\/wp-content\/uploads\/2018\/03\/Stars-in-Georges-Chakra-289x125.jpg 289w, https:\/\/www.prestigemag.co\/wp-content\/uploads\/2018\/03\/Stars-in-Georges-Chakra-155x67.jpg 155w\" data-lazy-sizes=\"(max-width: 945px) 100vw, 945px\" \/><figcaption id=\"caption-attachment-14644\" class=\"wp-caption-text\"><noscript><img class=\"wp-image-14644 size-full\" src=\"http:\/\/www.prestigemag.co\/wp-content\/uploads\/2018\/03\/Stars-in-Georges-Chakra.jpg\" alt=\"\" width=\"945\" height=\"409\" srcset=\"https:\/\/www.prestigemag.co\/wp-content\/uploads\/2018\/03\/Stars-in-Georges-Chakra.jpg 945w, https:\/\/www.prestigemag.co\/wp-content\/uploads\/2018\/03\/Stars-in-Georges-Chakra-300x130.jpg 300w, https:\/\/www.prestigemag.co\/wp-content\/uploads\/2018\/03\/Stars-in-Georges-Chakra-770x333.jpg 770w, https:\/\/www.prestigemag.co\/wp-content\/uploads\/2018\/03\/Stars-in-Georges-Chakra-293x127.jpg 293w, https:\/\/www.prestigemag.co\/wp-content\/uploads\/2018\/03\/Stars-in-Georges-Chakra-390x169.jpg 390w, https:\/\/www.prestigemag.co\/wp-content\/uploads\/2018\/03\/Stars-in-Georges-Chakra-768x332.jpg 768w, https:\/\/www.prestigemag.co\/wp-content\/uploads\/2018\/03\/Stars-in-Georges-Chakra-150x65.jpg 150w, https:\/\/www.prestigemag.co\/wp-content\/uploads\/2018\/03\/Stars-in-Georges-Chakra-600x260.jpg 600w, https:\/\/www.prestigemag.co\/wp-content\/uploads\/2018\/03\/Stars-in-Georges-Chakra-289x125.jpg 289w, https:\/\/www.prestigemag.co\/wp-content\/uploads\/2018\/03\/Stars-in-Georges-Chakra-155x67.jpg 155w\" sizes=\"(max-width: 945px) 100vw, 945px\" \/><\/noscript><\/a> \u00a9 Georges Chakra<\/figcaption><\/figure>\n<p>&nbsp;<\/p>\n<p><strong>Andie MacDowell \u00e0 la Elton John Oscars Party<\/strong><\/p>\n<figure id=\"attachment_14645\" aria-describedby=\"caption-attachment-14645\" style=\"width: 682px\" class=\"wp-caption alignleft\"><a href=\"http:\/\/www.prestigemag.co\/wp-content\/uploads\/2018\/03\/Andie-MacDowell.jpg\"><img src=\"data:image\/svg+xml,%3Csvg%20xmlns='http:\/\/www.w3.org\/2000\/svg'%20viewBox='0%200%20682%201024'%3E%3C\/svg%3E\" class=\"zeen-lazy-load-base zeen-lazy-load wp-image-14645 size-large\" data-lazy-src=\"http:\/\/www.prestigemag.co\/wp-content\/uploads\/2018\/03\/Andie-MacDowell-682x1024.jpg\" alt=\"\" width=\"682\" height=\"1024\" data-lazy-srcset=\"https:\/\/www.prestigemag.co\/wp-content\/uploads\/2018\/03\/Andie-MacDowell-682x1024.jpg 682w, https:\/\/www.prestigemag.co\/wp-content\/uploads\/2018\/03\/Andie-MacDowell-200x300.jpg 200w, https:\/\/www.prestigemag.co\/wp-content\/uploads\/2018\/03\/Andie-MacDowell-768x1152.jpg 768w, https:\/\/www.prestigemag.co\/wp-content\/uploads\/2018\/03\/Andie-MacDowell-100x150.jpg 100w, https:\/\/www.prestigemag.co\/wp-content\/uploads\/2018\/03\/Andie-MacDowell-250x375.jpg 250w, https:\/\/www.prestigemag.co\/wp-content\/uploads\/2018\/03\/Andie-MacDowell-83x125.jpg 83w, https:\/\/www.prestigemag.co\/wp-content\/uploads\/2018\/03\/Andie-MacDowell-45x67.jpg 45w\" data-lazy-sizes=\"(max-width: 682px) 100vw, 682px\" \/><figcaption id=\"caption-attachment-14645\" class=\"wp-caption-text\"><noscript><img class=\"wp-image-14645 size-large\" src=\"http:\/\/www.prestigemag.co\/wp-content\/uploads\/2018\/03\/Andie-MacDowell-682x1024.jpg\" alt=\"\" width=\"682\" height=\"1024\" srcset=\"https:\/\/www.prestigemag.co\/wp-content\/uploads\/2018\/03\/Andie-MacDowell-682x1024.jpg 682w, https:\/\/www.prestigemag.co\/wp-content\/uploads\/2018\/03\/Andie-MacDowell-200x300.jpg 200w, https:\/\/www.prestigemag.co\/wp-content\/uploads\/2018\/03\/Andie-MacDowell-768x1152.jpg 768w, https:\/\/www.prestigemag.co\/wp-content\/uploads\/2018\/03\/Andie-MacDowell-100x150.jpg 100w, https:\/\/www.prestigemag.co\/wp-content\/uploads\/2018\/03\/Andie-MacDowell-250x375.jpg 250w, https:\/\/www.prestigemag.co\/wp-content\/uploads\/2018\/03\/Andie-MacDowell-83x125.jpg 83w, https:\/\/www.prestigemag.co\/wp-content\/uploads\/2018\/03\/Andie-MacDowell-45x67.jpg 45w\" sizes=\"(max-width: 682px) 100vw, 682px\" \/><\/noscript><\/a> L\u2019actrice Andie MacDowell, une beaut\u00e9 classique \u00e0 la soir\u00e9e de la Fondation Elton John Aids, dans une robe asym\u00e9trique \u00e0 manches longues avec un d\u00e9tail volant\u00e9 en cascade de la collection Pr\u00eat-\u00e0-porter Georges Chakra Automne Hiver 2017-2018. \u00a9 Georges Chakra<\/figcaption><\/figure>\n<p>&nbsp;<\/p>\n<p>&nbsp;<\/p>\n<p>&nbsp;<\/p>\n<p>&nbsp;<\/p>\n<p>&nbsp;<\/p>\n<p>&nbsp;<\/p>\n<p>&nbsp;<\/p>\n<p>&nbsp;<\/p>\n<p>&nbsp;<\/p>\n<p>&nbsp;<\/p>\n<p>&nbsp;<\/p>\n<p>&nbsp;<\/p>\n<p>&nbsp;<\/p>\n<p>&nbsp;<\/p>\n<p>&nbsp;<\/p>\n<p>&nbsp;<\/p>\n<p>&nbsp;<\/p>\n<p>&nbsp;<\/p>\n<p>&nbsp;<\/p>\n<p>&nbsp;<\/p>\n<p>&nbsp;<\/p>\n<p>&nbsp;<\/p>\n<p>&nbsp;<\/p>\n<p>&nbsp;<\/p>\n<p>&nbsp;<\/p>\n<p>&nbsp;<\/p>\n<p>&nbsp;<\/p>\n<p>&nbsp;<\/p>\n<p>&nbsp;<\/p>\n<p>&nbsp;<\/p>\n<p>&nbsp;<\/p>\n<p>&nbsp;<\/p>\n<p>&nbsp;<\/p>\n<p>&nbsp;<\/p>\n<p>&nbsp;<\/p>\n<p>&nbsp;<\/p>\n<p>&nbsp;<\/p>\n<p>&nbsp;<\/p>\n<p>&nbsp;<\/p>\n<p><strong>Giuliana Rancic \u00e0 la c\u00e9r\u00e9monie des Oscars 2018<\/strong><\/p>\n<figure id=\"attachment_14646\" aria-describedby=\"caption-attachment-14646\" style=\"width: 682px\" class=\"wp-caption alignleft\"><a href=\"http:\/\/www.prestigemag.co\/wp-content\/uploads\/2018\/03\/Giuliana-Rancic-Oscars-2018.jpg\"><img src=\"data:image\/svg+xml,%3Csvg%20xmlns='http:\/\/www.w3.org\/2000\/svg'%20viewBox='0%200%20682%201024'%3E%3C\/svg%3E\" class=\"zeen-lazy-load-base zeen-lazy-load wp-image-14646 size-large\" data-lazy-src=\"http:\/\/www.prestigemag.co\/wp-content\/uploads\/2018\/03\/Giuliana-Rancic-Oscars-2018-682x1024.jpg\" alt=\"\" width=\"682\" height=\"1024\" data-lazy-srcset=\"https:\/\/www.prestigemag.co\/wp-content\/uploads\/2018\/03\/Giuliana-Rancic-Oscars-2018-682x1024.jpg 682w, https:\/\/www.prestigemag.co\/wp-content\/uploads\/2018\/03\/Giuliana-Rancic-Oscars-2018-200x300.jpg 200w, https:\/\/www.prestigemag.co\/wp-content\/uploads\/2018\/03\/Giuliana-Rancic-Oscars-2018-768x1154.jpg 768w, https:\/\/www.prestigemag.co\/wp-content\/uploads\/2018\/03\/Giuliana-Rancic-Oscars-2018-100x150.jpg 100w, https:\/\/www.prestigemag.co\/wp-content\/uploads\/2018\/03\/Giuliana-Rancic-Oscars-2018-250x375.jpg 250w, https:\/\/www.prestigemag.co\/wp-content\/uploads\/2018\/03\/Giuliana-Rancic-Oscars-2018-83x125.jpg 83w, https:\/\/www.prestigemag.co\/wp-content\/uploads\/2018\/03\/Giuliana-Rancic-Oscars-2018-45x67.jpg 45w\" data-lazy-sizes=\"(max-width: 682px) 100vw, 682px\" \/><figcaption id=\"caption-attachment-14646\" class=\"wp-caption-text\"><noscript><img class=\"wp-image-14646 size-large\" src=\"http:\/\/www.prestigemag.co\/wp-content\/uploads\/2018\/03\/Giuliana-Rancic-Oscars-2018-682x1024.jpg\" alt=\"\" width=\"682\" height=\"1024\" srcset=\"https:\/\/www.prestigemag.co\/wp-content\/uploads\/2018\/03\/Giuliana-Rancic-Oscars-2018-682x1024.jpg 682w, https:\/\/www.prestigemag.co\/wp-content\/uploads\/2018\/03\/Giuliana-Rancic-Oscars-2018-200x300.jpg 200w, https:\/\/www.prestigemag.co\/wp-content\/uploads\/2018\/03\/Giuliana-Rancic-Oscars-2018-768x1154.jpg 768w, https:\/\/www.prestigemag.co\/wp-content\/uploads\/2018\/03\/Giuliana-Rancic-Oscars-2018-100x150.jpg 100w, https:\/\/www.prestigemag.co\/wp-content\/uploads\/2018\/03\/Giuliana-Rancic-Oscars-2018-250x375.jpg 250w, https:\/\/www.prestigemag.co\/wp-content\/uploads\/2018\/03\/Giuliana-Rancic-Oscars-2018-83x125.jpg 83w, https:\/\/www.prestigemag.co\/wp-content\/uploads\/2018\/03\/Giuliana-Rancic-Oscars-2018-45x67.jpg 45w\" sizes=\"(max-width: 682px) 100vw, 682px\" \/><\/noscript><\/a> Giuliana Rancic rayonnait sur le tapis rouge de la 90e c\u00e9r\u00e9monie des Oscars dans une robe blanche \u00e0 une \u00e9paule avec des d\u00e9tails floraux et appliqu\u00e9s roses et blancs peints \u00e0 la main de la Collection Couture Georges Chakra Printemps-Et\u00e9 2018. \u00a9 Georges Chakra<\/figcaption><\/figure>\n<p>&nbsp;<\/p>\n<p>&nbsp;<\/p>\n<p>&nbsp;<\/p>\n<p>&nbsp;<\/p>\n<p>&nbsp;<\/p>\n<p>&nbsp;<\/p>\n<p>&nbsp;<\/p>\n<p>&nbsp;<\/p>\n<p>&nbsp;<\/p>\n<p>&nbsp;<\/p>\n<p>&nbsp;<\/p>\n<p>&nbsp;<\/p>\n<p>&nbsp;<\/p>\n<p>&nbsp;<\/p>\n<p>&nbsp;<\/p>\n<p>&nbsp;<\/p>\n<p>&nbsp;<\/p>\n<p>&nbsp;<\/p>\n<p>&nbsp;<\/p>\n<p>&nbsp;<\/p>\n<p>&nbsp;<\/p>\n<p>&nbsp;<\/p>\n<p>&nbsp;<\/p>\n<p>&nbsp;<\/p>\n<p>&nbsp;<\/p>\n<p>&nbsp;<\/p>\n<p>&nbsp;<\/p>\n<p>&nbsp;<\/p>\n<p>&nbsp;<\/p>\n<p>&nbsp;<\/p>\n<p>&nbsp;<\/p>\n<p>&nbsp;<\/p>\n<p>&nbsp;<\/p>\n<p>&nbsp;<\/p>\n<p>&nbsp;<\/p>\n<p>&nbsp;<\/p>\n<p>&nbsp;<\/p>\n<p>&nbsp;<\/p>\n<p>&nbsp;<\/p>\n<p><strong>Madeline Brewer \u00e0 la Vanity Fair Oscars Party 2018<\/strong><\/p>\n<figure id=\"attachment_14647\" aria-describedby=\"caption-attachment-14647\" style=\"width: 673px\" class=\"wp-caption alignleft\"><a href=\"http:\/\/www.prestigemag.co\/wp-content\/uploads\/2018\/03\/Madeline-Brewer-high-res.jpg\"><img src=\"data:image\/svg+xml,%3Csvg%20xmlns='http:\/\/www.w3.org\/2000\/svg'%20viewBox='0%200%20673%201024'%3E%3C\/svg%3E\" class=\"zeen-lazy-load-base zeen-lazy-load wp-image-14647 size-large\" data-lazy-src=\"http:\/\/www.prestigemag.co\/wp-content\/uploads\/2018\/03\/Madeline-Brewer-high-res-673x1024.jpg\" alt=\"\" width=\"673\" height=\"1024\" data-lazy-srcset=\"https:\/\/www.prestigemag.co\/wp-content\/uploads\/2018\/03\/Madeline-Brewer-high-res-673x1024.jpg 673w, https:\/\/www.prestigemag.co\/wp-content\/uploads\/2018\/03\/Madeline-Brewer-high-res-197x300.jpg 197w, https:\/\/www.prestigemag.co\/wp-content\/uploads\/2018\/03\/Madeline-Brewer-high-res-768x1168.jpg 768w, https:\/\/www.prestigemag.co\/wp-content\/uploads\/2018\/03\/Madeline-Brewer-high-res-99x150.jpg 99w, https:\/\/www.prestigemag.co\/wp-content\/uploads\/2018\/03\/Madeline-Brewer-high-res-246x375.jpg 246w, https:\/\/www.prestigemag.co\/wp-content\/uploads\/2018\/03\/Madeline-Brewer-high-res-82x125.jpg 82w, https:\/\/www.prestigemag.co\/wp-content\/uploads\/2018\/03\/Madeline-Brewer-high-res-44x67.jpg 44w\" data-lazy-sizes=\"(max-width: 673px) 100vw, 673px\" \/><figcaption id=\"caption-attachment-14647\" class=\"wp-caption-text\"><noscript><img class=\"wp-image-14647 size-large\" src=\"http:\/\/www.prestigemag.co\/wp-content\/uploads\/2018\/03\/Madeline-Brewer-high-res-673x1024.jpg\" alt=\"\" width=\"673\" height=\"1024\" srcset=\"https:\/\/www.prestigemag.co\/wp-content\/uploads\/2018\/03\/Madeline-Brewer-high-res-673x1024.jpg 673w, https:\/\/www.prestigemag.co\/wp-content\/uploads\/2018\/03\/Madeline-Brewer-high-res-197x300.jpg 197w, https:\/\/www.prestigemag.co\/wp-content\/uploads\/2018\/03\/Madeline-Brewer-high-res-768x1168.jpg 768w, https:\/\/www.prestigemag.co\/wp-content\/uploads\/2018\/03\/Madeline-Brewer-high-res-99x150.jpg 99w, https:\/\/www.prestigemag.co\/wp-content\/uploads\/2018\/03\/Madeline-Brewer-high-res-246x375.jpg 246w, https:\/\/www.prestigemag.co\/wp-content\/uploads\/2018\/03\/Madeline-Brewer-high-res-82x125.jpg 82w, https:\/\/www.prestigemag.co\/wp-content\/uploads\/2018\/03\/Madeline-Brewer-high-res-44x67.jpg 44w\" sizes=\"(max-width: 673px) 100vw, 673px\" \/><\/noscript><\/a> L\u2019actrice Madeline Brewer para\u00eessait superbe \u00e0 la Vanity Fair Oscars Party dans une robe grise en mousseline de soie et tulle, avec un d\u00e9collet\u00e9 asym\u00e9trique de la collection Couture Georges Chakra Automne-Hiver 2017-2018. \u00a9 Georges Chakra<\/figcaption><\/figure>\n<p>&nbsp;<\/p>\n","protected":false},"excerpt":{"rendered":"<p><em>Georges Chakra aux Oscars<\/em><\/p>\n","protected":false},"author":3,"featured_media":22166,"comment_status":"closed","ping_status":"closed","sticky":false,"template":"","format":"standard","meta":[],"categories":[13364,13346],"tags":[],"yoast_head":"<!-- This site is optimized with the Yoast SEO plugin v19.4 - https:\/\/yoast.com\/wordpress\/plugins\/seo\/ -->\n<title>Georges Chakra aux Oscars - Prestige Magazine<\/title>\n<meta name=\"description\" content=\"Georges Chakra aux Oscars\" \/>\n<meta name=\"robots\" content=\"index, follow, max-snippet:-1, max-image-preview:large, max-video-preview:-1\" \/>\n<link rel=\"canonical\" href=\"https:\/\/www.prestigemag.co\/fr\/2018\/03\/georges-chakra-aux-oscars\/\" \/>\n<meta property=\"og:locale\" content=\"fr_FR\" \/>\n<meta property=\"og:type\" content=\"article\" \/>\n<meta property=\"og:title\" content=\"Georges Chakra aux Oscars - Prestige Magazine\" \/>\n<meta property=\"og:description\" content=\"Georges Chakra aux Oscars\" \/>\n<meta property=\"og:url\" content=\"https:\/\/www.prestigemag.co\/fr\/2018\/03\/georges-chakra-aux-oscars\/\" \/>\n<meta property=\"og:site_name\" content=\"Prestige Magazine\" \/>\n<meta property=\"article:publisher\" content=\"https:\/\/www.facebook.com\/prestigemag.co\/\" \/>\n<meta property=\"article:published_time\" content=\"2018-03-07T09:36:07+00:00\" \/>\n<meta property=\"og:image\" content=\"https:\/\/www.prestigemag.co\/wp-content\/uploads\/2018\/03\/Stars-in-Georges-Chakra.jpg\" \/>\n\t<meta property=\"og:image:width\" content=\"945\" \/>\n\t<meta property=\"og:image:height\" content=\"409\" \/>\n\t<meta property=\"og:image:type\" content=\"image\/jpeg\" \/>\n<meta name=\"author\" content=\"prestige\" \/>\n<meta name=\"twitter:card\" content=\"summary\" \/>\n<meta name=\"twitter:label1\" content=\"\u00c9crit par\" \/>\n\t<meta name=\"twitter:data1\" content=\"prestige\" \/>\n\t<meta name=\"twitter:label2\" content=\"Dur\u00e9e de lecture estim\u00e9e\" \/>\n\t<meta name=\"twitter:data2\" content=\"1 minute\" \/>\n<script type=\"application\/ld+json\" class=\"yoast-schema-graph\">{\"@context\":\"https:\/\/schema.org\",\"@graph\":[{\"@type\":\"Organization\",\"@id\":\"https:\/\/www.prestigemag.co\/#organization\",\"name\":\"Prestige\",\"url\":\"https:\/\/www.prestigemag.co\/\",\"sameAs\":[\"https:\/\/www.instagram.com\/prestige.mag\/\",\"https:\/\/www.facebook.com\/prestigemag.co\/\"],\"logo\":{\"@type\":\"ImageObject\",\"inLanguage\":\"fr-FR\",\"@id\":\"https:\/\/www.prestigemag.co\/#\/schema\/logo\/image\/\",\"url\":\"https:\/\/www.prestigemag.co\/wp-content\/uploads\/2021\/11\/logo-Prestige-800x200-1.png\",\"contentUrl\":\"https:\/\/www.prestigemag.co\/wp-content\/uploads\/2021\/11\/logo-Prestige-800x200-1.png\",\"width\":800,\"height\":200,\"caption\":\"Prestige\"},\"image\":{\"@id\":\"https:\/\/www.prestigemag.co\/#\/schema\/logo\/image\/\"}},{\"@type\":\"WebSite\",\"@id\":\"https:\/\/www.prestigemag.co\/#website\",\"url\":\"https:\/\/www.prestigemag.co\/\",\"name\":\"Prestige Magazine\",\"description\":\"Le Monde Des C\u00e9l\u00e9brit\u00e9s\",\"publisher\":{\"@id\":\"https:\/\/www.prestigemag.co\/#organization\"},\"potentialAction\":[{\"@type\":\"SearchAction\",\"target\":{\"@type\":\"EntryPoint\",\"urlTemplate\":\"https:\/\/www.prestigemag.co\/?s={search_term_string}\"},\"query-input\":\"required name=search_term_string\"}],\"inLanguage\":\"fr-FR\"},{\"@type\":\"WebPage\",\"@id\":\"https:\/\/www.prestigemag.co\/fr\/2018\/03\/georges-chakra-aux-oscars\/\",\"url\":\"https:\/\/www.prestigemag.co\/fr\/2018\/03\/georges-chakra-aux-oscars\/\",\"name\":\"Georges Chakra aux Oscars - Prestige Magazine\",\"isPartOf\":{\"@id\":\"https:\/\/www.prestigemag.co\/#website\"},\"datePublished\":\"2018-03-07T09:36:07+00:00\",\"dateModified\":\"2018-03-07T09:36:07+00:00\",\"description\":\"Georges Chakra aux Oscars\",\"breadcrumb\":{\"@id\":\"https:\/\/www.prestigemag.co\/fr\/2018\/03\/georges-chakra-aux-oscars\/#breadcrumb\"},\"inLanguage\":\"fr-FR\",\"potentialAction\":[{\"@type\":\"ReadAction\",\"target\":[\"https:\/\/www.prestigemag.co\/fr\/2018\/03\/georges-chakra-aux-oscars\/\"]}]},{\"@type\":\"BreadcrumbList\",\"@id\":\"https:\/\/www.prestigemag.co\/fr\/2018\/03\/georges-chakra-aux-oscars\/#breadcrumb\",\"itemListElement\":[{\"@type\":\"ListItem\",\"position\":1,\"name\":\"Home\",\"item\":\"https:\/\/www.prestigemag.co\/fr\/\"},{\"@type\":\"ListItem\",\"position\":2,\"name\":\"Georges Chakra aux Oscars\"}]},{\"@type\":\"Article\",\"@id\":\"https:\/\/www.prestigemag.co\/fr\/2018\/03\/georges-chakra-aux-oscars\/#article\",\"isPartOf\":{\"@id\":\"https:\/\/www.prestigemag.co\/fr\/2018\/03\/georges-chakra-aux-oscars\/\"},\"author\":{\"name\":\"prestige\",\"@id\":\"https:\/\/www.prestigemag.co\/#\/schema\/person\/e3f149368970128d68bb2d797bf30fbc\"},\"headline\":\"Georges Chakra aux Oscars\",\"datePublished\":\"2018-03-07T09:36:07+00:00\",\"dateModified\":\"2018-03-07T09:36:07+00:00\",\"mainEntityOfPage\":{\"@id\":\"https:\/\/www.prestigemag.co\/fr\/2018\/03\/georges-chakra-aux-oscars\/\"},\"wordCount\":261,\"publisher\":{\"@id\":\"https:\/\/www.prestigemag.co\/#organization\"},\"articleSection\":[\"C\u00e9l\u00e9brit\u00e9s &amp; Tapis Rouge\",\"Mode\"],\"inLanguage\":\"fr-FR\"},{\"@type\":\"Person\",\"@id\":\"https:\/\/www.prestigemag.co\/#\/schema\/person\/e3f149368970128d68bb2d797bf30fbc\",\"name\":\"prestige\",\"image\":{\"@type\":\"ImageObject\",\"inLanguage\":\"fr-FR\",\"@id\":\"https:\/\/www.prestigemag.co\/#\/schema\/person\/image\/\",\"url\":\"https:\/\/secure.gravatar.com\/avatar\/0aa2dff5484d35e50578639a2c3ccef9?s=96&d=mm&r=g\",\"contentUrl\":\"https:\/\/secure.gravatar.com\/avatar\/0aa2dff5484d35e50578639a2c3ccef9?s=96&d=mm&r=g\",\"caption\":\"prestige\"},\"url\":\"https:\/\/www.prestigemag.co\/fr\/author\/prestige\/\"}]}<\/script>\n<!-- \/ Yoast SEO plugin. -->","yoast_head_json":{"title":"Georges Chakra aux Oscars - Prestige Magazine","description":"Georges Chakra aux Oscars","robots":{"index":"index","follow":"follow","max-snippet":"max-snippet:-1","max-image-preview":"max-image-preview:large","max-video-preview":"max-video-preview:-1"},"canonical":"https:\/\/www.prestigemag.co\/fr\/2018\/03\/georges-chakra-aux-oscars\/","og_locale":"fr_FR","og_type":"article","og_title":"Georges Chakra aux Oscars - Prestige Magazine","og_description":"Georges Chakra aux Oscars","og_url":"https:\/\/www.prestigemag.co\/fr\/2018\/03\/georges-chakra-aux-oscars\/","og_site_name":"Prestige Magazine","article_publisher":"https:\/\/www.facebook.com\/prestigemag.co\/","article_published_time":"2018-03-07T09:36:07+00:00","og_image":[{"width":945,"height":409,"url":"https:\/\/www.prestigemag.co\/wp-content\/uploads\/2018\/03\/Stars-in-Georges-Chakra.jpg","type":"image\/jpeg"}],"author":"prestige","twitter_card":"summary","twitter_misc":{"\u00c9crit par":"prestige","Dur\u00e9e de lecture estim\u00e9e":"1 minute"},"schema":{"@context":"https:\/\/schema.org","@graph":[{"@type":"Organization","@id":"https:\/\/www.prestigemag.co\/#organization","name":"Prestige","url":"https:\/\/www.prestigemag.co\/","sameAs":["https:\/\/www.instagram.com\/prestige.mag\/","https:\/\/www.facebook.com\/prestigemag.co\/"],"logo":{"@type":"ImageObject","inLanguage":"fr-FR","@id":"https:\/\/www.prestigemag.co\/#\/schema\/logo\/image\/","url":"https:\/\/www.prestigemag.co\/wp-content\/uploads\/2021\/11\/logo-Prestige-800x200-1.png","contentUrl":"https:\/\/www.prestigemag.co\/wp-content\/uploads\/2021\/11\/logo-Prestige-800x200-1.png","width":800,"height":200,"caption":"Prestige"},"image":{"@id":"https:\/\/www.prestigemag.co\/#\/schema\/logo\/image\/"}},{"@type":"WebSite","@id":"https:\/\/www.prestigemag.co\/#website","url":"https:\/\/www.prestigemag.co\/","name":"Prestige Magazine","description":"Le Monde Des C\u00e9l\u00e9brit\u00e9s","publisher":{"@id":"https:\/\/www.prestigemag.co\/#organization"},"potentialAction":[{"@type":"SearchAction","target":{"@type":"EntryPoint","urlTemplate":"https:\/\/www.prestigemag.co\/?s={search_term_string}"},"query-input":"required name=search_term_string"}],"inLanguage":"fr-FR"},{"@type":"WebPage","@id":"https:\/\/www.prestigemag.co\/fr\/2018\/03\/georges-chakra-aux-oscars\/","url":"https:\/\/www.prestigemag.co\/fr\/2018\/03\/georges-chakra-aux-oscars\/","name":"Georges Chakra aux Oscars - Prestige Magazine","isPartOf":{"@id":"https:\/\/www.prestigemag.co\/#website"},"datePublished":"2018-03-07T09:36:07+00:00","dateModified":"2018-03-07T09:36:07+00:00","description":"Georges Chakra aux Oscars","breadcrumb":{"@id":"https:\/\/www.prestigemag.co\/fr\/2018\/03\/georges-chakra-aux-oscars\/#breadcrumb"},"inLanguage":"fr-FR","potentialAction":[{"@type":"ReadAction","target":["https:\/\/www.prestigemag.co\/fr\/2018\/03\/georges-chakra-aux-oscars\/"]}]},{"@type":"BreadcrumbList","@id":"https:\/\/www.prestigemag.co\/fr\/2018\/03\/georges-chakra-aux-oscars\/#breadcrumb","itemListElement":[{"@type":"ListItem","position":1,"name":"Home","item":"https:\/\/www.prestigemag.co\/fr\/"},{"@type":"ListItem","position":2,"name":"Georges Chakra aux Oscars"}]},{"@type":"Article","@id":"https:\/\/www.prestigemag.co\/fr\/2018\/03\/georges-chakra-aux-oscars\/#article","isPartOf":{"@id":"https:\/\/www.prestigemag.co\/fr\/2018\/03\/georges-chakra-aux-oscars\/"},"author":{"name":"prestige","@id":"https:\/\/www.prestigemag.co\/#\/schema\/person\/e3f149368970128d68bb2d797bf30fbc"},"headline":"Georges Chakra aux Oscars","datePublished":"2018-03-07T09:36:07+00:00","dateModified":"2018-03-07T09:36:07+00:00","mainEntityOfPage":{"@id":"https:\/\/www.prestigemag.co\/fr\/2018\/03\/georges-chakra-aux-oscars\/"},"wordCount":261,"publisher":{"@id":"https:\/\/www.prestigemag.co\/#organization"},"articleSection":["C\u00e9l\u00e9brit\u00e9s &amp; Tapis Rouge","Mode"],"inLanguage":"fr-FR"},{"@type":"Person","@id":"https:\/\/www.prestigemag.co\/#\/schema\/person\/e3f149368970128d68bb2d797bf30fbc","name":"prestige","image":{"@type":"ImageObject","inLanguage":"fr-FR","@id":"https:\/\/www.prestigemag.co\/#\/schema\/person\/image\/","url":"https:\/\/secure.gravatar.com\/avatar\/0aa2dff5484d35e50578639a2c3ccef9?s=96&d=mm&r=g","contentUrl":"https:\/\/secure.gravatar.com\/avatar\/0aa2dff5484d35e50578639a2c3ccef9?s=96&d=mm&r=g","caption":"prestige"},"url":"https:\/\/www.prestigemag.co\/fr\/author\/prestige\/"}]}},"_links":{"self":[{"href":"https:\/\/www.prestigemag.co\/fr\/wp-json\/wp\/v2\/posts\/22165"}],"collection":[{"href":"https:\/\/www.prestigemag.co\/fr\/wp-json\/wp\/v2\/posts"}],"about":[{"href":"https:\/\/www.prestigemag.co\/fr\/wp-json\/wp\/v2\/types\/post"}],"author":[{"embeddable":true,"href":"https:\/\/www.prestigemag.co\/fr\/wp-json\/wp\/v2\/users\/3"}],"replies":[{"embeddable":true,"href":"https:\/\/www.prestigemag.co\/fr\/wp-json\/wp\/v2\/comments?post=22165"}],"version-history":[{"count":0,"href":"https:\/\/www.prestigemag.co\/fr\/wp-json\/wp\/v2\/posts\/22165\/revisions"}],"wp:featuredmedia":[{"embeddable":true,"href":"https:\/\/www.prestigemag.co\/fr\/wp-json\/wp\/v2\/media\/22166"}],"wp:attachment":[{"href":"https:\/\/www.prestigemag.co\/fr\/wp-json\/wp\/v2\/media?parent=22165"}],"wp:term":[{"taxonomy":"category","embeddable":true,"href":"https:\/\/www.prestigemag.co\/fr\/wp-json\/wp\/v2\/categories?post=22165"},{"taxonomy":"post_tag","embeddable":true,"href":"https:\/\/www.prestigemag.co\/fr\/wp-json\/wp\/v2\/tags?post=22165"}],"curies":[{"name":"wp","href":"https:\/\/api.w.org\/{rel}","templated":true}]}}