{"id":22264,"date":"2018-04-05T13:14:30","date_gmt":"2018-04-05T13:14:30","guid":{"rendered":"http:\/\/www.prestigemag.co\/2018\/04\/collections-printemps-ete-2018-etro-pour-femmes-et-hommes\/"},"modified":"2018-04-05T13:14:30","modified_gmt":"2018-04-05T13:14:30","slug":"collections-printemps-ete-2018-etro-pour-femmes-et-hommes","status":"publish","type":"post","link":"https:\/\/www.prestigemag.co\/fr\/2018\/04\/collections-printemps-ete-2018-etro-pour-femmes-et-hommes\/","title":{"rendered":"Collections Printemps-Et\u00e9 2018 Etro pour Femmes et Hommes"},"content":{"rendered":"<figure id=\"attachment_14904\" aria-describedby=\"caption-attachment-14904\" style=\"width: 902px\" class=\"wp-caption aligncenter\"><a href=\"http:\/\/www.prestigemag.co\/wp-content\/uploads\/2018\/04\/Untitled-1-2.jpg\"><img src=\"data:image\/svg+xml,%3Csvg%20xmlns='http:\/\/www.w3.org\/2000\/svg'%20viewBox='0%200%20902%20408'%3E%3C\/svg%3E\" class=\"zeen-lazy-load-base zeen-lazy-load wp-image-14904 size-full\" data-lazy-src=\"http:\/\/www.prestigemag.co\/wp-content\/uploads\/2018\/04\/Untitled-1-2.jpg\" alt=\"\" width=\"902\" height=\"408\" data-lazy-srcset=\"https:\/\/www.prestigemag.co\/wp-content\/uploads\/2018\/04\/Untitled-1-2.jpg 902w, https:\/\/www.prestigemag.co\/wp-content\/uploads\/2018\/04\/Untitled-1-2-300x136.jpg 300w, https:\/\/www.prestigemag.co\/wp-content\/uploads\/2018\/04\/Untitled-1-2-770x348.jpg 770w, https:\/\/www.prestigemag.co\/wp-content\/uploads\/2018\/04\/Untitled-1-2-900x408.jpg 900w, https:\/\/www.prestigemag.co\/wp-content\/uploads\/2018\/04\/Untitled-1-2-293x133.jpg 293w, https:\/\/www.prestigemag.co\/wp-content\/uploads\/2018\/04\/Untitled-1-2-390x176.jpg 390w, https:\/\/www.prestigemag.co\/wp-content\/uploads\/2018\/04\/Untitled-1-2-768x347.jpg 768w, https:\/\/www.prestigemag.co\/wp-content\/uploads\/2018\/04\/Untitled-1-2-150x68.jpg 150w, https:\/\/www.prestigemag.co\/wp-content\/uploads\/2018\/04\/Untitled-1-2-600x271.jpg 600w, https:\/\/www.prestigemag.co\/wp-content\/uploads\/2018\/04\/Untitled-1-2-276x125.jpg 276w, https:\/\/www.prestigemag.co\/wp-content\/uploads\/2018\/04\/Untitled-1-2-148x67.jpg 148w\" data-lazy-sizes=\"(max-width: 902px) 100vw, 902px\" \/><figcaption id=\"caption-attachment-14904\" class=\"wp-caption-text\"><noscript><img class=\"wp-image-14904 size-full\" src=\"http:\/\/www.prestigemag.co\/wp-content\/uploads\/2018\/04\/Untitled-1-2.jpg\" alt=\"\" width=\"902\" height=\"408\" srcset=\"https:\/\/www.prestigemag.co\/wp-content\/uploads\/2018\/04\/Untitled-1-2.jpg 902w, https:\/\/www.prestigemag.co\/wp-content\/uploads\/2018\/04\/Untitled-1-2-300x136.jpg 300w, https:\/\/www.prestigemag.co\/wp-content\/uploads\/2018\/04\/Untitled-1-2-770x348.jpg 770w, https:\/\/www.prestigemag.co\/wp-content\/uploads\/2018\/04\/Untitled-1-2-900x408.jpg 900w, https:\/\/www.prestigemag.co\/wp-content\/uploads\/2018\/04\/Untitled-1-2-293x133.jpg 293w, https:\/\/www.prestigemag.co\/wp-content\/uploads\/2018\/04\/Untitled-1-2-390x176.jpg 390w, https:\/\/www.prestigemag.co\/wp-content\/uploads\/2018\/04\/Untitled-1-2-768x347.jpg 768w, https:\/\/www.prestigemag.co\/wp-content\/uploads\/2018\/04\/Untitled-1-2-150x68.jpg 150w, https:\/\/www.prestigemag.co\/wp-content\/uploads\/2018\/04\/Untitled-1-2-600x271.jpg 600w, https:\/\/www.prestigemag.co\/wp-content\/uploads\/2018\/04\/Untitled-1-2-276x125.jpg 276w, https:\/\/www.prestigemag.co\/wp-content\/uploads\/2018\/04\/Untitled-1-2-148x67.jpg 148w\" sizes=\"(max-width: 902px) 100vw, 902px\" \/><\/noscript><\/a> \u00a9 Etro<\/figcaption><\/figure>\n<p>&nbsp;<\/p>\n<p>&nbsp;<\/p>\n<p>Deux moiti\u00e9s d&rsquo;un tout s&rsquo;unissent pour c\u00e9l\u00e9brer en 2018 le 50e anniversaire de la maison de couture et entreprise familiale Etro. Imagin\u00e9 en tandem par les enfants Veronica et Kean Etro, qui ensemble, pr\u00e9sentent leur premi\u00e8re collection Printemps\/Et\u00e9 2018 pour femmes et hommes, guid\u00e9s par les tendances adopt\u00e9es par leur p\u00e8re Gerolamo fondateur d&rsquo;Etro. Les voyages initiaux de Gerolamo en Inde restent la source d\u2019inspiration des imprim\u00e9s color\u00e9s d&rsquo;Etro. L&rsquo;offre de cette saison est une interpr\u00e9tation du folklore indien \u00e0 travers le regard haute-boh\u00e8me d&rsquo;Etro. L&rsquo;imprim\u00e9 iconique Paisley est un rendu graphique de la graine qui jaillit de l&rsquo;Arbre de Vie. Des blancs brillants \u00e0 l&rsquo;arc-en-ciel kal\u00e9idoscopique, la collection se d\u00e9ploie comme la lumi\u00e8re \u00e0 travers un prisme.<\/p>\n<p>Le blanc, symbole de puret\u00e9, inaugure la collection. De longues robes en voile de coton aussi doux que la soie ont \u00e9t\u00e9 imprim\u00e9es avec un pigment blanc pour conf\u00e9rer une ombre \u00e9th\u00e9r\u00e9e au motif embl\u00e9matique d\u2019Etro. Dentelle d\u00e9licate, cr\u00eape de soie et apesanteur, le coton est agr\u00e9ment\u00e9 de fils m\u00e9talliques et de perles sur une s\u00e9rie de robes qui explorent les nuances de cr\u00e8me, d&rsquo;ivoire et de taupe. Les couleurs s&rsquo;\u00e9panouissent lentement: des notes d&rsquo;acide jaune et de moutarde sont introduites dans des motifs d\u00e9licats sur des ensembles de pyjama de soie\u00a0 pour hommes et femmes.<\/p>\n<p>&nbsp;<\/p>\n<p>&nbsp;<\/p>\n<figure id=\"attachment_14905\" aria-describedby=\"caption-attachment-14905\" style=\"width: 1024px\" class=\"wp-caption aligncenter\"><a href=\"http:\/\/www.prestigemag.co\/wp-content\/uploads\/2018\/04\/Untitled-11-2.jpg\"><img src=\"data:image\/svg+xml,%3Csvg%20xmlns='http:\/\/www.w3.org\/2000\/svg'%20viewBox='0%200%201024%20520'%3E%3C\/svg%3E\" class=\"zeen-lazy-load-base zeen-lazy-load wp-image-14905 size-large\" data-lazy-src=\"http:\/\/www.prestigemag.co\/wp-content\/uploads\/2018\/04\/Untitled-11-2-1024x520.jpg\" alt=\"\" width=\"1024\" height=\"520\" data-lazy-srcset=\"https:\/\/www.prestigemag.co\/wp-content\/uploads\/2018\/04\/Untitled-11-2-1024x520.jpg 1024w, https:\/\/www.prestigemag.co\/wp-content\/uploads\/2018\/04\/Untitled-11-2-300x152.jpg 300w, https:\/\/www.prestigemag.co\/wp-content\/uploads\/2018\/04\/Untitled-11-2-768x390.jpg 768w, https:\/\/www.prestigemag.co\/wp-content\/uploads\/2018\/04\/Untitled-11-2-150x76.jpg 150w, https:\/\/www.prestigemag.co\/wp-content\/uploads\/2018\/04\/Untitled-11-2-600x305.jpg 600w, https:\/\/www.prestigemag.co\/wp-content\/uploads\/2018\/04\/Untitled-11-2-246x125.jpg 246w, https:\/\/www.prestigemag.co\/wp-content\/uploads\/2018\/04\/Untitled-11-2-132x67.jpg 132w, https:\/\/www.prestigemag.co\/wp-content\/uploads\/2018\/04\/Untitled-11-2.jpg 1886w\" data-lazy-sizes=\"(max-width: 1024px) 100vw, 1024px\" \/><figcaption id=\"caption-attachment-14905\" class=\"wp-caption-text\"><noscript><img class=\"wp-image-14905 size-large\" src=\"http:\/\/www.prestigemag.co\/wp-content\/uploads\/2018\/04\/Untitled-11-2-1024x520.jpg\" alt=\"\" width=\"1024\" height=\"520\" srcset=\"https:\/\/www.prestigemag.co\/wp-content\/uploads\/2018\/04\/Untitled-11-2-1024x520.jpg 1024w, https:\/\/www.prestigemag.co\/wp-content\/uploads\/2018\/04\/Untitled-11-2-300x152.jpg 300w, https:\/\/www.prestigemag.co\/wp-content\/uploads\/2018\/04\/Untitled-11-2-768x390.jpg 768w, https:\/\/www.prestigemag.co\/wp-content\/uploads\/2018\/04\/Untitled-11-2-150x76.jpg 150w, https:\/\/www.prestigemag.co\/wp-content\/uploads\/2018\/04\/Untitled-11-2-600x305.jpg 600w, https:\/\/www.prestigemag.co\/wp-content\/uploads\/2018\/04\/Untitled-11-2-246x125.jpg 246w, https:\/\/www.prestigemag.co\/wp-content\/uploads\/2018\/04\/Untitled-11-2-132x67.jpg 132w, https:\/\/www.prestigemag.co\/wp-content\/uploads\/2018\/04\/Untitled-11-2.jpg 1886w\" sizes=\"(max-width: 1024px) 100vw, 1024px\" \/><\/noscript><\/a> \u00a9 Etro<\/figcaption><\/figure>\n","protected":false},"excerpt":{"rendered":"<p><em>Deux moiti\u00e9s d&rsquo;un tout s&rsquo;unissent pour c\u00e9l\u00e9brer en 2018 le 50e anniversaire de la maison de couture et entreprise familiale Etro. Imagin\u00e9 en tandem par les enfants Veronica et Kean Etro<\/em><\/p>\n","protected":false},"author":3,"featured_media":22265,"comment_status":"closed","ping_status":"closed","sticky":false,"template":"","format":"standard","meta":[],"categories":[13346,13351],"tags":[],"yoast_head":"<!-- This site is optimized with the Yoast SEO plugin v19.4 - https:\/\/yoast.com\/wordpress\/plugins\/seo\/ -->\n<title>Collections Printemps-Et\u00e9 2018 Etro pour Femmes et Hommes - Prestige Magazine<\/title>\n<meta name=\"description\" content=\"Deux moiti\u00e9s d&#039;un tout s&#039;unissent pour c\u00e9l\u00e9brer en 2018 le 50e anniversaire de la maison de couture et entreprise familiale Etro. Imagin\u00e9 en tandem par les enfants Veronica et Kean Etro\" \/>\n<meta name=\"robots\" content=\"index, follow, max-snippet:-1, max-image-preview:large, max-video-preview:-1\" \/>\n<link rel=\"canonical\" href=\"https:\/\/www.prestigemag.co\/fr\/2018\/04\/collections-printemps-ete-2018-etro-pour-femmes-et-hommes\/\" \/>\n<meta property=\"og:locale\" content=\"fr_FR\" \/>\n<meta property=\"og:type\" content=\"article\" \/>\n<meta property=\"og:title\" content=\"Collections Printemps-Et\u00e9 2018 Etro pour Femmes et Hommes - Prestige Magazine\" \/>\n<meta property=\"og:description\" content=\"Deux moiti\u00e9s d&#039;un tout s&#039;unissent pour c\u00e9l\u00e9brer en 2018 le 50e anniversaire de la maison de couture et entreprise familiale Etro. Imagin\u00e9 en tandem par les enfants Veronica et Kean Etro\" \/>\n<meta property=\"og:url\" content=\"https:\/\/www.prestigemag.co\/fr\/2018\/04\/collections-printemps-ete-2018-etro-pour-femmes-et-hommes\/\" \/>\n<meta property=\"og:site_name\" content=\"Prestige Magazine\" \/>\n<meta property=\"article:publisher\" content=\"https:\/\/www.facebook.com\/prestigemag.co\/\" \/>\n<meta property=\"article:published_time\" content=\"2018-04-05T13:14:30+00:00\" \/>\n<meta property=\"og:image\" content=\"https:\/\/www.prestigemag.co\/wp-content\/uploads\/2018\/04\/Untitled-1-2.jpg\" \/>\n\t<meta property=\"og:image:width\" content=\"902\" \/>\n\t<meta property=\"og:image:height\" content=\"408\" \/>\n\t<meta property=\"og:image:type\" content=\"image\/jpeg\" \/>\n<meta name=\"author\" content=\"prestige\" \/>\n<meta name=\"twitter:card\" content=\"summary\" \/>\n<meta name=\"twitter:label1\" content=\"\u00c9crit par\" \/>\n\t<meta name=\"twitter:data1\" content=\"prestige\" \/>\n\t<meta name=\"twitter:label2\" content=\"Dur\u00e9e de lecture estim\u00e9e\" \/>\n\t<meta name=\"twitter:data2\" content=\"1 minute\" \/>\n<script type=\"application\/ld+json\" class=\"yoast-schema-graph\">{\"@context\":\"https:\/\/schema.org\",\"@graph\":[{\"@type\":\"Organization\",\"@id\":\"https:\/\/www.prestigemag.co\/#organization\",\"name\":\"Prestige\",\"url\":\"https:\/\/www.prestigemag.co\/\",\"sameAs\":[\"https:\/\/www.instagram.com\/prestige.mag\/\",\"https:\/\/www.facebook.com\/prestigemag.co\/\"],\"logo\":{\"@type\":\"ImageObject\",\"inLanguage\":\"fr-FR\",\"@id\":\"https:\/\/www.prestigemag.co\/#\/schema\/logo\/image\/\",\"url\":\"https:\/\/www.prestigemag.co\/wp-content\/uploads\/2021\/11\/logo-Prestige-800x200-1.png\",\"contentUrl\":\"https:\/\/www.prestigemag.co\/wp-content\/uploads\/2021\/11\/logo-Prestige-800x200-1.png\",\"width\":800,\"height\":200,\"caption\":\"Prestige\"},\"image\":{\"@id\":\"https:\/\/www.prestigemag.co\/#\/schema\/logo\/image\/\"}},{\"@type\":\"WebSite\",\"@id\":\"https:\/\/www.prestigemag.co\/#website\",\"url\":\"https:\/\/www.prestigemag.co\/\",\"name\":\"Prestige Magazine\",\"description\":\"Le Monde Des C\u00e9l\u00e9brit\u00e9s\",\"publisher\":{\"@id\":\"https:\/\/www.prestigemag.co\/#organization\"},\"potentialAction\":[{\"@type\":\"SearchAction\",\"target\":{\"@type\":\"EntryPoint\",\"urlTemplate\":\"https:\/\/www.prestigemag.co\/?s={search_term_string}\"},\"query-input\":\"required name=search_term_string\"}],\"inLanguage\":\"fr-FR\"},{\"@type\":\"WebPage\",\"@id\":\"https:\/\/www.prestigemag.co\/fr\/2018\/04\/collections-printemps-ete-2018-etro-pour-femmes-et-hommes\/\",\"url\":\"https:\/\/www.prestigemag.co\/fr\/2018\/04\/collections-printemps-ete-2018-etro-pour-femmes-et-hommes\/\",\"name\":\"Collections Printemps-Et\u00e9 2018 Etro pour Femmes et Hommes - Prestige Magazine\",\"isPartOf\":{\"@id\":\"https:\/\/www.prestigemag.co\/#website\"},\"datePublished\":\"2018-04-05T13:14:30+00:00\",\"dateModified\":\"2018-04-05T13:14:30+00:00\",\"description\":\"Deux moiti\u00e9s d'un tout s'unissent pour c\u00e9l\u00e9brer en 2018 le 50e anniversaire de la maison de couture et entreprise familiale Etro. Imagin\u00e9 en tandem par les enfants Veronica et Kean Etro\",\"breadcrumb\":{\"@id\":\"https:\/\/www.prestigemag.co\/fr\/2018\/04\/collections-printemps-ete-2018-etro-pour-femmes-et-hommes\/#breadcrumb\"},\"inLanguage\":\"fr-FR\",\"potentialAction\":[{\"@type\":\"ReadAction\",\"target\":[\"https:\/\/www.prestigemag.co\/fr\/2018\/04\/collections-printemps-ete-2018-etro-pour-femmes-et-hommes\/\"]}]},{\"@type\":\"BreadcrumbList\",\"@id\":\"https:\/\/www.prestigemag.co\/fr\/2018\/04\/collections-printemps-ete-2018-etro-pour-femmes-et-hommes\/#breadcrumb\",\"itemListElement\":[{\"@type\":\"ListItem\",\"position\":1,\"name\":\"Home\",\"item\":\"https:\/\/www.prestigemag.co\/fr\/\"},{\"@type\":\"ListItem\",\"position\":2,\"name\":\"Collections Printemps-Et\u00e9 2018 Etro pour Femmes et Hommes\"}]},{\"@type\":\"Article\",\"@id\":\"https:\/\/www.prestigemag.co\/fr\/2018\/04\/collections-printemps-ete-2018-etro-pour-femmes-et-hommes\/#article\",\"isPartOf\":{\"@id\":\"https:\/\/www.prestigemag.co\/fr\/2018\/04\/collections-printemps-ete-2018-etro-pour-femmes-et-hommes\/\"},\"author\":{\"name\":\"prestige\",\"@id\":\"https:\/\/www.prestigemag.co\/#\/schema\/person\/e3f149368970128d68bb2d797bf30fbc\"},\"headline\":\"Collections Printemps-Et\u00e9 2018 Etro pour Femmes et Hommes\",\"datePublished\":\"2018-04-05T13:14:30+00:00\",\"dateModified\":\"2018-04-05T13:14:30+00:00\",\"mainEntityOfPage\":{\"@id\":\"https:\/\/www.prestigemag.co\/fr\/2018\/04\/collections-printemps-ete-2018-etro-pour-femmes-et-hommes\/\"},\"wordCount\":267,\"publisher\":{\"@id\":\"https:\/\/www.prestigemag.co\/#organization\"},\"articleSection\":[\"Mode\",\"News\"],\"inLanguage\":\"fr-FR\"},{\"@type\":\"Person\",\"@id\":\"https:\/\/www.prestigemag.co\/#\/schema\/person\/e3f149368970128d68bb2d797bf30fbc\",\"name\":\"prestige\",\"image\":{\"@type\":\"ImageObject\",\"inLanguage\":\"fr-FR\",\"@id\":\"https:\/\/www.prestigemag.co\/#\/schema\/person\/image\/\",\"url\":\"https:\/\/secure.gravatar.com\/avatar\/0aa2dff5484d35e50578639a2c3ccef9?s=96&d=mm&r=g\",\"contentUrl\":\"https:\/\/secure.gravatar.com\/avatar\/0aa2dff5484d35e50578639a2c3ccef9?s=96&d=mm&r=g\",\"caption\":\"prestige\"},\"url\":\"https:\/\/www.prestigemag.co\/fr\/author\/prestige\/\"}]}<\/script>\n<!-- \/ Yoast SEO plugin. -->","yoast_head_json":{"title":"Collections Printemps-Et\u00e9 2018 Etro pour Femmes et Hommes - Prestige Magazine","description":"Deux moiti\u00e9s d'un tout s'unissent pour c\u00e9l\u00e9brer en 2018 le 50e anniversaire de la maison de couture et entreprise familiale Etro. Imagin\u00e9 en tandem par les enfants Veronica et Kean Etro","robots":{"index":"index","follow":"follow","max-snippet":"max-snippet:-1","max-image-preview":"max-image-preview:large","max-video-preview":"max-video-preview:-1"},"canonical":"https:\/\/www.prestigemag.co\/fr\/2018\/04\/collections-printemps-ete-2018-etro-pour-femmes-et-hommes\/","og_locale":"fr_FR","og_type":"article","og_title":"Collections Printemps-Et\u00e9 2018 Etro pour Femmes et Hommes - Prestige Magazine","og_description":"Deux moiti\u00e9s d'un tout s'unissent pour c\u00e9l\u00e9brer en 2018 le 50e anniversaire de la maison de couture et entreprise familiale Etro. Imagin\u00e9 en tandem par les enfants Veronica et Kean Etro","og_url":"https:\/\/www.prestigemag.co\/fr\/2018\/04\/collections-printemps-ete-2018-etro-pour-femmes-et-hommes\/","og_site_name":"Prestige Magazine","article_publisher":"https:\/\/www.facebook.com\/prestigemag.co\/","article_published_time":"2018-04-05T13:14:30+00:00","og_image":[{"width":902,"height":408,"url":"https:\/\/www.prestigemag.co\/wp-content\/uploads\/2018\/04\/Untitled-1-2.jpg","type":"image\/jpeg"}],"author":"prestige","twitter_card":"summary","twitter_misc":{"\u00c9crit par":"prestige","Dur\u00e9e de lecture estim\u00e9e":"1 minute"},"schema":{"@context":"https:\/\/schema.org","@graph":[{"@type":"Organization","@id":"https:\/\/www.prestigemag.co\/#organization","name":"Prestige","url":"https:\/\/www.prestigemag.co\/","sameAs":["https:\/\/www.instagram.com\/prestige.mag\/","https:\/\/www.facebook.com\/prestigemag.co\/"],"logo":{"@type":"ImageObject","inLanguage":"fr-FR","@id":"https:\/\/www.prestigemag.co\/#\/schema\/logo\/image\/","url":"https:\/\/www.prestigemag.co\/wp-content\/uploads\/2021\/11\/logo-Prestige-800x200-1.png","contentUrl":"https:\/\/www.prestigemag.co\/wp-content\/uploads\/2021\/11\/logo-Prestige-800x200-1.png","width":800,"height":200,"caption":"Prestige"},"image":{"@id":"https:\/\/www.prestigemag.co\/#\/schema\/logo\/image\/"}},{"@type":"WebSite","@id":"https:\/\/www.prestigemag.co\/#website","url":"https:\/\/www.prestigemag.co\/","name":"Prestige Magazine","description":"Le Monde Des C\u00e9l\u00e9brit\u00e9s","publisher":{"@id":"https:\/\/www.prestigemag.co\/#organization"},"potentialAction":[{"@type":"SearchAction","target":{"@type":"EntryPoint","urlTemplate":"https:\/\/www.prestigemag.co\/?s={search_term_string}"},"query-input":"required name=search_term_string"}],"inLanguage":"fr-FR"},{"@type":"WebPage","@id":"https:\/\/www.prestigemag.co\/fr\/2018\/04\/collections-printemps-ete-2018-etro-pour-femmes-et-hommes\/","url":"https:\/\/www.prestigemag.co\/fr\/2018\/04\/collections-printemps-ete-2018-etro-pour-femmes-et-hommes\/","name":"Collections Printemps-Et\u00e9 2018 Etro pour Femmes et Hommes - Prestige Magazine","isPartOf":{"@id":"https:\/\/www.prestigemag.co\/#website"},"datePublished":"2018-04-05T13:14:30+00:00","dateModified":"2018-04-05T13:14:30+00:00","description":"Deux moiti\u00e9s d'un tout s'unissent pour c\u00e9l\u00e9brer en 2018 le 50e anniversaire de la maison de couture et entreprise familiale Etro. Imagin\u00e9 en tandem par les enfants Veronica et Kean Etro","breadcrumb":{"@id":"https:\/\/www.prestigemag.co\/fr\/2018\/04\/collections-printemps-ete-2018-etro-pour-femmes-et-hommes\/#breadcrumb"},"inLanguage":"fr-FR","potentialAction":[{"@type":"ReadAction","target":["https:\/\/www.prestigemag.co\/fr\/2018\/04\/collections-printemps-ete-2018-etro-pour-femmes-et-hommes\/"]}]},{"@type":"BreadcrumbList","@id":"https:\/\/www.prestigemag.co\/fr\/2018\/04\/collections-printemps-ete-2018-etro-pour-femmes-et-hommes\/#breadcrumb","itemListElement":[{"@type":"ListItem","position":1,"name":"Home","item":"https:\/\/www.prestigemag.co\/fr\/"},{"@type":"ListItem","position":2,"name":"Collections Printemps-Et\u00e9 2018 Etro pour Femmes et Hommes"}]},{"@type":"Article","@id":"https:\/\/www.prestigemag.co\/fr\/2018\/04\/collections-printemps-ete-2018-etro-pour-femmes-et-hommes\/#article","isPartOf":{"@id":"https:\/\/www.prestigemag.co\/fr\/2018\/04\/collections-printemps-ete-2018-etro-pour-femmes-et-hommes\/"},"author":{"name":"prestige","@id":"https:\/\/www.prestigemag.co\/#\/schema\/person\/e3f149368970128d68bb2d797bf30fbc"},"headline":"Collections Printemps-Et\u00e9 2018 Etro pour Femmes et Hommes","datePublished":"2018-04-05T13:14:30+00:00","dateModified":"2018-04-05T13:14:30+00:00","mainEntityOfPage":{"@id":"https:\/\/www.prestigemag.co\/fr\/2018\/04\/collections-printemps-ete-2018-etro-pour-femmes-et-hommes\/"},"wordCount":267,"publisher":{"@id":"https:\/\/www.prestigemag.co\/#organization"},"articleSection":["Mode","News"],"inLanguage":"fr-FR"},{"@type":"Person","@id":"https:\/\/www.prestigemag.co\/#\/schema\/person\/e3f149368970128d68bb2d797bf30fbc","name":"prestige","image":{"@type":"ImageObject","inLanguage":"fr-FR","@id":"https:\/\/www.prestigemag.co\/#\/schema\/person\/image\/","url":"https:\/\/secure.gravatar.com\/avatar\/0aa2dff5484d35e50578639a2c3ccef9?s=96&d=mm&r=g","contentUrl":"https:\/\/secure.gravatar.com\/avatar\/0aa2dff5484d35e50578639a2c3ccef9?s=96&d=mm&r=g","caption":"prestige"},"url":"https:\/\/www.prestigemag.co\/fr\/author\/prestige\/"}]}},"_links":{"self":[{"href":"https:\/\/www.prestigemag.co\/fr\/wp-json\/wp\/v2\/posts\/22264"}],"collection":[{"href":"https:\/\/www.prestigemag.co\/fr\/wp-json\/wp\/v2\/posts"}],"about":[{"href":"https:\/\/www.prestigemag.co\/fr\/wp-json\/wp\/v2\/types\/post"}],"author":[{"embeddable":true,"href":"https:\/\/www.prestigemag.co\/fr\/wp-json\/wp\/v2\/users\/3"}],"replies":[{"embeddable":true,"href":"https:\/\/www.prestigemag.co\/fr\/wp-json\/wp\/v2\/comments?post=22264"}],"version-history":[{"count":0,"href":"https:\/\/www.prestigemag.co\/fr\/wp-json\/wp\/v2\/posts\/22264\/revisions"}],"wp:featuredmedia":[{"embeddable":true,"href":"https:\/\/www.prestigemag.co\/fr\/wp-json\/wp\/v2\/media\/22265"}],"wp:attachment":[{"href":"https:\/\/www.prestigemag.co\/fr\/wp-json\/wp\/v2\/media?parent=22264"}],"wp:term":[{"taxonomy":"category","embeddable":true,"href":"https:\/\/www.prestigemag.co\/fr\/wp-json\/wp\/v2\/categories?post=22264"},{"taxonomy":"post_tag","embeddable":true,"href":"https:\/\/www.prestigemag.co\/fr\/wp-json\/wp\/v2\/tags?post=22264"}],"curies":[{"name":"wp","href":"https:\/\/api.w.org\/{rel}","templated":true}]}}