{"id":22324,"date":"2018-05-09T11:36:38","date_gmt":"2018-05-09T11:36:38","guid":{"rendered":"http:\/\/www.prestigemag.co\/2018\/05\/festival-du-film-de-cannes-premier-jour\/"},"modified":"2018-05-09T11:36:38","modified_gmt":"2018-05-09T11:36:38","slug":"festival-du-film-de-cannes-premier-jour","status":"publish","type":"post","link":"https:\/\/www.prestigemag.co\/fr\/2018\/05\/festival-du-film-de-cannes-premier-jour\/","title":{"rendered":"Festival du Film de Cannes: Premier Jour"},"content":{"rendered":"<p>Le 71<sup>e <\/sup>Festival de Cannes a \u00e9t\u00e9 d\u00e9clar\u00e9 ouvert le 8 mai et se prolongera jusqu\u2019au samedi 19 mai 2018. L\u2019actrice Cate Blanchett, qui pr\u00e9side le jury cette ann\u00e9e,\u00a0 a d\u00e9clar\u00e9 d\u2019une m\u00eame voix avec Martin Scorsese le Festival ouvert lors de la c\u00e9r\u00e9monie d\u2019ouverture.<\/p>\n<p>Premier film de la comp\u00e9tition Todos Lo Saben (Everybody Knows) d\u2019Asghar Farhadi a \u00e9t\u00e9 projet\u00e9 \u00e0 l\u2019issue de la c\u00e9r\u00e9monie en pr\u00e9sence de son r\u00e9alisateur et de ses acteurs\u00a0: Pen\u00e9lope Cruz, Javier Bardem et Ricardo Darin.<\/p>\n<p>Ci-apr\u00e8s notre s\u00e9lection du tapis rouge de ce premier jour de la manifestation.<\/p>\n<p>&nbsp;<\/p>\n<p>&nbsp;<\/p>\n<figure id=\"attachment_15142\" aria-describedby=\"caption-attachment-15142\" style=\"width: 710px\" class=\"wp-caption aligncenter\"><a href=\"http:\/\/www.prestigemag.co\/wp-content\/uploads\/2018\/05\/Cannes-Film-Festival-1.jpg\"><img src=\"data:image\/svg+xml,%3Csvg%20xmlns='http:\/\/www.w3.org\/2000\/svg'%20viewBox='0%200%20710%20449'%3E%3C\/svg%3E\" class=\"zeen-lazy-load-base zeen-lazy-load wp-image-15142 size-full\" data-lazy-src=\"http:\/\/www.prestigemag.co\/wp-content\/uploads\/2018\/05\/Cannes-Film-Festival-1.jpg\" alt=\"\" width=\"710\" height=\"449\" data-lazy-srcset=\"https:\/\/www.prestigemag.co\/wp-content\/uploads\/2018\/05\/Cannes-Film-Festival-1.jpg 710w, https:\/\/www.prestigemag.co\/wp-content\/uploads\/2018\/05\/Cannes-Film-Festival-1-300x190.jpg 300w, https:\/\/www.prestigemag.co\/wp-content\/uploads\/2018\/05\/Cannes-Film-Festival-1-293x185.jpg 293w, https:\/\/www.prestigemag.co\/wp-content\/uploads\/2018\/05\/Cannes-Film-Festival-1-390x247.jpg 390w, https:\/\/www.prestigemag.co\/wp-content\/uploads\/2018\/05\/Cannes-Film-Festival-1-150x95.jpg 150w, https:\/\/www.prestigemag.co\/wp-content\/uploads\/2018\/05\/Cannes-Film-Festival-1-593x375.jpg 593w, https:\/\/www.prestigemag.co\/wp-content\/uploads\/2018\/05\/Cannes-Film-Festival-1-198x125.jpg 198w, https:\/\/www.prestigemag.co\/wp-content\/uploads\/2018\/05\/Cannes-Film-Festival-1-106x67.jpg 106w\" data-lazy-sizes=\"(max-width: 710px) 100vw, 710px\" \/><figcaption id=\"caption-attachment-15142\" class=\"wp-caption-text\"><noscript><img class=\"wp-image-15142 size-full\" src=\"http:\/\/www.prestigemag.co\/wp-content\/uploads\/2018\/05\/Cannes-Film-Festival-1.jpg\" alt=\"\" width=\"710\" height=\"449\" srcset=\"https:\/\/www.prestigemag.co\/wp-content\/uploads\/2018\/05\/Cannes-Film-Festival-1.jpg 710w, https:\/\/www.prestigemag.co\/wp-content\/uploads\/2018\/05\/Cannes-Film-Festival-1-300x190.jpg 300w, https:\/\/www.prestigemag.co\/wp-content\/uploads\/2018\/05\/Cannes-Film-Festival-1-293x185.jpg 293w, https:\/\/www.prestigemag.co\/wp-content\/uploads\/2018\/05\/Cannes-Film-Festival-1-390x247.jpg 390w, https:\/\/www.prestigemag.co\/wp-content\/uploads\/2018\/05\/Cannes-Film-Festival-1-150x95.jpg 150w, https:\/\/www.prestigemag.co\/wp-content\/uploads\/2018\/05\/Cannes-Film-Festival-1-593x375.jpg 593w, https:\/\/www.prestigemag.co\/wp-content\/uploads\/2018\/05\/Cannes-Film-Festival-1-198x125.jpg 198w, https:\/\/www.prestigemag.co\/wp-content\/uploads\/2018\/05\/Cannes-Film-Festival-1-106x67.jpg 106w\" sizes=\"(max-width: 710px) 100vw, 710px\" \/><\/noscript><\/a> Le jury des longs m\u00e9trages: Kristen Stewart, Chang Chen, Denis Villeneuve, Cate Blanchett, Robert Gu\u00e9diguian, Khadja Nin.<\/figcaption><\/figure>\n<p>&nbsp;<\/p>\n<p>Ci-apr\u00e8s des c\u00e9l\u00e9brit\u00e9s qui ont choisi Dior pour rayonner sur le tapis rouge:<\/p>\n<p>&nbsp;<\/p>\n<figure id=\"attachment_15113\" aria-describedby=\"caption-attachment-15113\" style=\"width: 281px\" class=\"wp-caption alignleft\"><a href=\"http:\/\/www.prestigemag.co\/wp-content\/uploads\/2018\/05\/L\u00e9a-Seydoux.jpg\"><img src=\"data:image\/svg+xml,%3Csvg%20xmlns='http:\/\/www.w3.org\/2000\/svg'%20viewBox='0%200%20281%20422'%3E%3C\/svg%3E\" class=\"zeen-lazy-load-base zeen-lazy-load wp-image-15113\" data-lazy-src=\"http:\/\/www.prestigemag.co\/wp-content\/uploads\/2018\/05\/L\u00e9a-Seydoux-250x375.jpg\" alt=\"\" width=\"281\" height=\"422\" data-lazy-srcset=\"https:\/\/www.prestigemag.co\/wp-content\/uploads\/2018\/05\/L\u00e9a-Seydoux-250x375.jpg 250w, https:\/\/www.prestigemag.co\/wp-content\/uploads\/2018\/05\/L\u00e9a-Seydoux-200x300.jpg 200w, https:\/\/www.prestigemag.co\/wp-content\/uploads\/2018\/05\/L\u00e9a-Seydoux-100x150.jpg 100w, https:\/\/www.prestigemag.co\/wp-content\/uploads\/2018\/05\/L\u00e9a-Seydoux-83x125.jpg 83w, https:\/\/www.prestigemag.co\/wp-content\/uploads\/2018\/05\/L\u00e9a-Seydoux-45x67.jpg 45w, https:\/\/www.prestigemag.co\/wp-content\/uploads\/2018\/05\/L\u00e9a-Seydoux.jpg 630w\" data-lazy-sizes=\"(max-width: 281px) 100vw, 281px\" \/><figcaption id=\"caption-attachment-15113\" class=\"wp-caption-text\"><noscript><img class=\"wp-image-15113\" src=\"http:\/\/www.prestigemag.co\/wp-content\/uploads\/2018\/05\/L\u00e9a-Seydoux-250x375.jpg\" alt=\"\" width=\"281\" height=\"422\" srcset=\"https:\/\/www.prestigemag.co\/wp-content\/uploads\/2018\/05\/L\u00e9a-Seydoux-250x375.jpg 250w, https:\/\/www.prestigemag.co\/wp-content\/uploads\/2018\/05\/L\u00e9a-Seydoux-200x300.jpg 200w, https:\/\/www.prestigemag.co\/wp-content\/uploads\/2018\/05\/L\u00e9a-Seydoux-100x150.jpg 100w, https:\/\/www.prestigemag.co\/wp-content\/uploads\/2018\/05\/L\u00e9a-Seydoux-83x125.jpg 83w, https:\/\/www.prestigemag.co\/wp-content\/uploads\/2018\/05\/L\u00e9a-Seydoux-45x67.jpg 45w, https:\/\/www.prestigemag.co\/wp-content\/uploads\/2018\/05\/L\u00e9a-Seydoux.jpg 630w\" sizes=\"(max-width: 281px) 100vw, 281px\" \/><\/noscript><\/a> L\u00e9a Seydoux a choisi Dior alors qu&rsquo;elle assistait \u00e0 la projection du film Everybody Knows (Todos Lo Saben). \u00a9 Dior<\/figcaption><\/figure>\n<figure id=\"attachment_15114\" aria-describedby=\"caption-attachment-15114\" style=\"width: 274px\" class=\"wp-caption alignleft\"><a href=\"http:\/\/www.prestigemag.co\/wp-content\/uploads\/2018\/05\/Romee-Stridj.jpg\"><img src=\"data:image\/svg+xml,%3Csvg%20xmlns='http:\/\/www.w3.org\/2000\/svg'%20viewBox='0%200%20274%20422'%3E%3C\/svg%3E\" class=\"zeen-lazy-load-base zeen-lazy-load wp-image-15114\" data-lazy-src=\"http:\/\/www.prestigemag.co\/wp-content\/uploads\/2018\/05\/Romee-Stridj-243x375.jpg\" alt=\"\" width=\"274\" height=\"422\" data-lazy-srcset=\"https:\/\/www.prestigemag.co\/wp-content\/uploads\/2018\/05\/Romee-Stridj-243x375.jpg 243w, https:\/\/www.prestigemag.co\/wp-content\/uploads\/2018\/05\/Romee-Stridj-195x300.jpg 195w, https:\/\/www.prestigemag.co\/wp-content\/uploads\/2018\/05\/Romee-Stridj-97x150.jpg 97w, https:\/\/www.prestigemag.co\/wp-content\/uploads\/2018\/05\/Romee-Stridj-81x125.jpg 81w, https:\/\/www.prestigemag.co\/wp-content\/uploads\/2018\/05\/Romee-Stridj-43x67.jpg 43w, https:\/\/www.prestigemag.co\/wp-content\/uploads\/2018\/05\/Romee-Stridj.jpg 630w\" data-lazy-sizes=\"(max-width: 274px) 100vw, 274px\" \/><figcaption id=\"caption-attachment-15114\" class=\"wp-caption-text\"><noscript><img class=\"wp-image-15114\" src=\"http:\/\/www.prestigemag.co\/wp-content\/uploads\/2018\/05\/Romee-Stridj-243x375.jpg\" alt=\"\" width=\"274\" height=\"422\" srcset=\"https:\/\/www.prestigemag.co\/wp-content\/uploads\/2018\/05\/Romee-Stridj-243x375.jpg 243w, https:\/\/www.prestigemag.co\/wp-content\/uploads\/2018\/05\/Romee-Stridj-195x300.jpg 195w, https:\/\/www.prestigemag.co\/wp-content\/uploads\/2018\/05\/Romee-Stridj-97x150.jpg 97w, https:\/\/www.prestigemag.co\/wp-content\/uploads\/2018\/05\/Romee-Stridj-81x125.jpg 81w, https:\/\/www.prestigemag.co\/wp-content\/uploads\/2018\/05\/Romee-Stridj-43x67.jpg 43w, https:\/\/www.prestigemag.co\/wp-content\/uploads\/2018\/05\/Romee-Stridj.jpg 630w\" sizes=\"(max-width: 274px) 100vw, 274px\" \/><\/noscript><\/a> Romee Stridj a choisi Dior alors qu&rsquo;elle assistait \u00e0 la projection de Everybody Knows (Todos Lo Saben) au Festival de Cannes. \u00a9 Dior<\/figcaption><\/figure>\n<p>&nbsp;<\/p>\n<p>&nbsp;<\/p>\n<p>&nbsp;<\/p>\n<p>&nbsp;<\/p>\n<p>&nbsp;<\/p>\n<p>&nbsp;<\/p>\n<p>&nbsp;<\/p>\n<p>&nbsp;<\/p>\n<p>&nbsp;<\/p>\n<p>&nbsp;<\/p>\n<p>&nbsp;<\/p>\n<p>&nbsp;<\/p>\n<p>&nbsp;<\/p>\n<p>&nbsp;<\/p>\n<p>&nbsp;<\/p>\n<p>&nbsp;<\/p>\n<p>&nbsp;<\/p>\n<p>&nbsp;<\/p>\n<p>&nbsp;<\/p>\n<figure id=\"attachment_15115\" aria-describedby=\"caption-attachment-15115\" style=\"width: 274px\" class=\"wp-caption alignleft\"><a href=\"http:\/\/www.prestigemag.co\/wp-content\/uploads\/2018\/05\/vertical_Isabelle_Adjani1.jpg\"><img src=\"data:image\/svg+xml,%3Csvg%20xmlns='http:\/\/www.w3.org\/2000\/svg'%20viewBox='0%200%20274%20422'%3E%3C\/svg%3E\" class=\"zeen-lazy-load-base zeen-lazy-load wp-image-15115\" data-lazy-src=\"http:\/\/www.prestigemag.co\/wp-content\/uploads\/2018\/05\/vertical_Isabelle_Adjani1-244x375.jpg\" alt=\"\" width=\"274\" height=\"422\" data-lazy-srcset=\"https:\/\/www.prestigemag.co\/wp-content\/uploads\/2018\/05\/vertical_Isabelle_Adjani1-244x375.jpg 244w, https:\/\/www.prestigemag.co\/wp-content\/uploads\/2018\/05\/vertical_Isabelle_Adjani1-195x300.jpg 195w, https:\/\/www.prestigemag.co\/wp-content\/uploads\/2018\/05\/vertical_Isabelle_Adjani1-98x150.jpg 98w, https:\/\/www.prestigemag.co\/wp-content\/uploads\/2018\/05\/vertical_Isabelle_Adjani1-81x125.jpg 81w, https:\/\/www.prestigemag.co\/wp-content\/uploads\/2018\/05\/vertical_Isabelle_Adjani1-44x67.jpg 44w, https:\/\/www.prestigemag.co\/wp-content\/uploads\/2018\/05\/vertical_Isabelle_Adjani1.jpg 630w\" data-lazy-sizes=\"(max-width: 274px) 100vw, 274px\" \/><figcaption id=\"caption-attachment-15115\" class=\"wp-caption-text\"><noscript><img class=\"wp-image-15115\" src=\"http:\/\/www.prestigemag.co\/wp-content\/uploads\/2018\/05\/vertical_Isabelle_Adjani1-244x375.jpg\" alt=\"\" width=\"274\" height=\"422\" srcset=\"https:\/\/www.prestigemag.co\/wp-content\/uploads\/2018\/05\/vertical_Isabelle_Adjani1-244x375.jpg 244w, https:\/\/www.prestigemag.co\/wp-content\/uploads\/2018\/05\/vertical_Isabelle_Adjani1-195x300.jpg 195w, https:\/\/www.prestigemag.co\/wp-content\/uploads\/2018\/05\/vertical_Isabelle_Adjani1-98x150.jpg 98w, https:\/\/www.prestigemag.co\/wp-content\/uploads\/2018\/05\/vertical_Isabelle_Adjani1-81x125.jpg 81w, https:\/\/www.prestigemag.co\/wp-content\/uploads\/2018\/05\/vertical_Isabelle_Adjani1-44x67.jpg 44w, https:\/\/www.prestigemag.co\/wp-content\/uploads\/2018\/05\/vertical_Isabelle_Adjani1.jpg 630w\" sizes=\"(max-width: 274px) 100vw, 274px\" \/><\/noscript><\/a> Isabelle Adjani \u00e9tait habill\u00e9e en Dior pour assister \u00e0 la projection de Everybody Knows (Todos Lo Saben) au Festival de Cannes. \u00a9 Dior<\/figcaption><\/figure>\n<figure id=\"attachment_15116\" aria-describedby=\"caption-attachment-15116\" style=\"width: 281px\" class=\"wp-caption alignleft\"><a href=\"http:\/\/www.prestigemag.co\/wp-content\/uploads\/2018\/05\/Virginie-Ledoyen.jpg\"><img src=\"data:image\/svg+xml,%3Csvg%20xmlns='http:\/\/www.w3.org\/2000\/svg'%20viewBox='0%200%20281%20422'%3E%3C\/svg%3E\" class=\"zeen-lazy-load-base zeen-lazy-load wp-image-15116\" data-lazy-src=\"http:\/\/www.prestigemag.co\/wp-content\/uploads\/2018\/05\/Virginie-Ledoyen-250x375.jpg\" alt=\"\" width=\"281\" height=\"422\" data-lazy-srcset=\"https:\/\/www.prestigemag.co\/wp-content\/uploads\/2018\/05\/Virginie-Ledoyen-250x375.jpg 250w, https:\/\/www.prestigemag.co\/wp-content\/uploads\/2018\/05\/Virginie-Ledoyen-200x300.jpg 200w, https:\/\/www.prestigemag.co\/wp-content\/uploads\/2018\/05\/Virginie-Ledoyen-100x150.jpg 100w, https:\/\/www.prestigemag.co\/wp-content\/uploads\/2018\/05\/Virginie-Ledoyen-83x125.jpg 83w, https:\/\/www.prestigemag.co\/wp-content\/uploads\/2018\/05\/Virginie-Ledoyen-45x67.jpg 45w, https:\/\/www.prestigemag.co\/wp-content\/uploads\/2018\/05\/Virginie-Ledoyen.jpg 630w\" data-lazy-sizes=\"(max-width: 281px) 100vw, 281px\" \/><figcaption id=\"caption-attachment-15116\" class=\"wp-caption-text\"><noscript><img class=\"wp-image-15116\" src=\"http:\/\/www.prestigemag.co\/wp-content\/uploads\/2018\/05\/Virginie-Ledoyen-250x375.jpg\" alt=\"\" width=\"281\" height=\"422\" srcset=\"https:\/\/www.prestigemag.co\/wp-content\/uploads\/2018\/05\/Virginie-Ledoyen-250x375.jpg 250w, https:\/\/www.prestigemag.co\/wp-content\/uploads\/2018\/05\/Virginie-Ledoyen-200x300.jpg 200w, https:\/\/www.prestigemag.co\/wp-content\/uploads\/2018\/05\/Virginie-Ledoyen-100x150.jpg 100w, https:\/\/www.prestigemag.co\/wp-content\/uploads\/2018\/05\/Virginie-Ledoyen-83x125.jpg 83w, https:\/\/www.prestigemag.co\/wp-content\/uploads\/2018\/05\/Virginie-Ledoyen-45x67.jpg 45w, https:\/\/www.prestigemag.co\/wp-content\/uploads\/2018\/05\/Virginie-Ledoyen.jpg 630w\" sizes=\"(max-width: 281px) 100vw, 281px\" \/><\/noscript><\/a> Virginie Ledoyen portait une robe Dior alors qu&rsquo;elle assistait \u00e0 la projection de Everybody Knows (Todos Lo Saben) au Festival de Cannes. \u00a9 Dior<\/figcaption><\/figure>\n<p>&nbsp;<\/p>\n<p>&nbsp;<\/p>\n<p>&nbsp;<\/p>\n<p>&nbsp;<\/p>\n<p>&nbsp;<\/p>\n<p>&nbsp;<\/p>\n<p>&nbsp;<\/p>\n<p>&nbsp;<\/p>\n<p>&nbsp;<\/p>\n<p>&nbsp;<\/p>\n<p>&nbsp;<\/p>\n<p>&nbsp;<\/p>\n<p>&nbsp;<\/p>\n<p>&nbsp;<\/p>\n<p>&nbsp;<\/p>\n<p>&nbsp;<\/p>\n<figure id=\"attachment_15117\" aria-describedby=\"caption-attachment-15117\" style=\"width: 787px\" class=\"wp-caption aligncenter\"><a href=\"http:\/\/www.prestigemag.co\/wp-content\/uploads\/2018\/05\/CANNES-2018-CHIARA-MASTROIANNI.jpg\"><img src=\"data:image\/svg+xml,%3Csvg%20xmlns='http:\/\/www.w3.org\/2000\/svg'%20viewBox='0%200%20787%20525'%3E%3C\/svg%3E\" class=\"zeen-lazy-load-base zeen-lazy-load wp-image-15117 size-full\" data-lazy-src=\"http:\/\/www.prestigemag.co\/wp-content\/uploads\/2018\/05\/CANNES-2018-CHIARA-MASTROIANNI.jpg\" alt=\"\" width=\"787\" height=\"525\" data-lazy-srcset=\"https:\/\/www.prestigemag.co\/wp-content\/uploads\/2018\/05\/CANNES-2018-CHIARA-MASTROIANNI.jpg 787w, https:\/\/www.prestigemag.co\/wp-content\/uploads\/2018\/05\/CANNES-2018-CHIARA-MASTROIANNI-300x200.jpg 300w, https:\/\/www.prestigemag.co\/wp-content\/uploads\/2018\/05\/CANNES-2018-CHIARA-MASTROIANNI-768x512.jpg 768w, https:\/\/www.prestigemag.co\/wp-content\/uploads\/2018\/05\/CANNES-2018-CHIARA-MASTROIANNI-150x100.jpg 150w, https:\/\/www.prestigemag.co\/wp-content\/uploads\/2018\/05\/CANNES-2018-CHIARA-MASTROIANNI-562x375.jpg 562w, https:\/\/www.prestigemag.co\/wp-content\/uploads\/2018\/05\/CANNES-2018-CHIARA-MASTROIANNI-187x125.jpg 187w, https:\/\/www.prestigemag.co\/wp-content\/uploads\/2018\/05\/CANNES-2018-CHIARA-MASTROIANNI-100x67.jpg 100w\" data-lazy-sizes=\"(max-width: 787px) 100vw, 787px\" \/><figcaption id=\"caption-attachment-15117\" class=\"wp-caption-text\"><noscript><img class=\"wp-image-15117 size-full\" src=\"http:\/\/www.prestigemag.co\/wp-content\/uploads\/2018\/05\/CANNES-2018-CHIARA-MASTROIANNI.jpg\" alt=\"\" width=\"787\" height=\"525\" srcset=\"https:\/\/www.prestigemag.co\/wp-content\/uploads\/2018\/05\/CANNES-2018-CHIARA-MASTROIANNI.jpg 787w, https:\/\/www.prestigemag.co\/wp-content\/uploads\/2018\/05\/CANNES-2018-CHIARA-MASTROIANNI-300x200.jpg 300w, https:\/\/www.prestigemag.co\/wp-content\/uploads\/2018\/05\/CANNES-2018-CHIARA-MASTROIANNI-768x512.jpg 768w, https:\/\/www.prestigemag.co\/wp-content\/uploads\/2018\/05\/CANNES-2018-CHIARA-MASTROIANNI-150x100.jpg 150w, https:\/\/www.prestigemag.co\/wp-content\/uploads\/2018\/05\/CANNES-2018-CHIARA-MASTROIANNI-562x375.jpg 562w, https:\/\/www.prestigemag.co\/wp-content\/uploads\/2018\/05\/CANNES-2018-CHIARA-MASTROIANNI-187x125.jpg 187w, https:\/\/www.prestigemag.co\/wp-content\/uploads\/2018\/05\/CANNES-2018-CHIARA-MASTROIANNI-100x67.jpg 100w\" sizes=\"(max-width: 787px) 100vw, 787px\" \/><\/noscript><\/a> L&rsquo;actrice franco-Italienne Chiara Mastroianni a \u00e9bloui avec une paire de boucles d&rsquo;oreilles en or jaune de la collection High Jewelry Serpenti de Bulgari. \u00a9 Bulgari<\/figcaption><\/figure>\n<p>&nbsp;<\/p>\n<p>&nbsp;<\/p>\n<p>&nbsp;<\/p>\n<figure id=\"attachment_15119\" aria-describedby=\"caption-attachment-15119\" style=\"width: 787px\" class=\"wp-caption aligncenter\"><a href=\"http:\/\/www.prestigemag.co\/wp-content\/uploads\/2018\/05\/Chaumet-Barbara-Lennie-1.jpg\"><img src=\"data:image\/svg+xml,%3Csvg%20xmlns='http:\/\/www.w3.org\/2000\/svg'%20viewBox='0%200%20787%20525'%3E%3C\/svg%3E\" class=\"zeen-lazy-load-base zeen-lazy-load wp-image-15119 size-full\" data-lazy-src=\"http:\/\/www.prestigemag.co\/wp-content\/uploads\/2018\/05\/Chaumet-Barbara-Lennie-1.jpg\" alt=\"\" width=\"787\" height=\"525\" data-lazy-srcset=\"https:\/\/www.prestigemag.co\/wp-content\/uploads\/2018\/05\/Chaumet-Barbara-Lennie-1.jpg 787w, https:\/\/www.prestigemag.co\/wp-content\/uploads\/2018\/05\/Chaumet-Barbara-Lennie-1-300x200.jpg 300w, https:\/\/www.prestigemag.co\/wp-content\/uploads\/2018\/05\/Chaumet-Barbara-Lennie-1-768x512.jpg 768w, https:\/\/www.prestigemag.co\/wp-content\/uploads\/2018\/05\/Chaumet-Barbara-Lennie-1-150x100.jpg 150w, https:\/\/www.prestigemag.co\/wp-content\/uploads\/2018\/05\/Chaumet-Barbara-Lennie-1-562x375.jpg 562w, https:\/\/www.prestigemag.co\/wp-content\/uploads\/2018\/05\/Chaumet-Barbara-Lennie-1-187x125.jpg 187w, https:\/\/www.prestigemag.co\/wp-content\/uploads\/2018\/05\/Chaumet-Barbara-Lennie-1-100x67.jpg 100w\" data-lazy-sizes=\"(max-width: 787px) 100vw, 787px\" \/><figcaption id=\"caption-attachment-15119\" class=\"wp-caption-text\"><noscript><img class=\"wp-image-15119 size-full\" src=\"http:\/\/www.prestigemag.co\/wp-content\/uploads\/2018\/05\/Chaumet-Barbara-Lennie-1.jpg\" alt=\"\" width=\"787\" height=\"525\" srcset=\"https:\/\/www.prestigemag.co\/wp-content\/uploads\/2018\/05\/Chaumet-Barbara-Lennie-1.jpg 787w, https:\/\/www.prestigemag.co\/wp-content\/uploads\/2018\/05\/Chaumet-Barbara-Lennie-1-300x200.jpg 300w, https:\/\/www.prestigemag.co\/wp-content\/uploads\/2018\/05\/Chaumet-Barbara-Lennie-1-768x512.jpg 768w, https:\/\/www.prestigemag.co\/wp-content\/uploads\/2018\/05\/Chaumet-Barbara-Lennie-1-150x100.jpg 150w, https:\/\/www.prestigemag.co\/wp-content\/uploads\/2018\/05\/Chaumet-Barbara-Lennie-1-562x375.jpg 562w, https:\/\/www.prestigemag.co\/wp-content\/uploads\/2018\/05\/Chaumet-Barbara-Lennie-1-187x125.jpg 187w, https:\/\/www.prestigemag.co\/wp-content\/uploads\/2018\/05\/Chaumet-Barbara-Lennie-1-100x67.jpg 100w\" sizes=\"(max-width: 787px) 100vw, 787px\" \/><\/noscript><\/a> L&rsquo;actrice espagnole Barbara Lennie \u00e9tait ravissante, portant des boucles d&rsquo;oreilles Chaumet en or blanc serties de diamants de la collection Jos\u00e9phine. \u00a9 Chaumet<\/figcaption><\/figure>\n<p>&nbsp;<\/p>\n<p>&nbsp;<\/p>\n<p>&nbsp;<\/p>\n<figure id=\"attachment_15120\" aria-describedby=\"caption-attachment-15120\" style=\"width: 281px\" class=\"wp-caption alignleft\"><a href=\"http:\/\/www.prestigemag.co\/wp-content\/uploads\/2018\/05\/Ava-Duvernay-in-Messika-71st-Opening-Ceremony-of-the-Cannes-Film-Festival-2-LR.jpg\"><img src=\"data:image\/svg+xml,%3Csvg%20xmlns='http:\/\/www.w3.org\/2000\/svg'%20viewBox='0%200%20281%20422'%3E%3C\/svg%3E\" class=\"zeen-lazy-load-base zeen-lazy-load wp-image-15120\" data-lazy-src=\"http:\/\/www.prestigemag.co\/wp-content\/uploads\/2018\/05\/Ava-Duvernay-in-Messika-71st-Opening-Ceremony-of-the-Cannes-Film-Festival-2-LR-250x375.jpg\" alt=\"\" width=\"281\" height=\"422\" data-lazy-srcset=\"https:\/\/www.prestigemag.co\/wp-content\/uploads\/2018\/05\/Ava-Duvernay-in-Messika-71st-Opening-Ceremony-of-the-Cannes-Film-Festival-2-LR-250x375.jpg 250w, https:\/\/www.prestigemag.co\/wp-content\/uploads\/2018\/05\/Ava-Duvernay-in-Messika-71st-Opening-Ceremony-of-the-Cannes-Film-Festival-2-LR-200x300.jpg 200w, https:\/\/www.prestigemag.co\/wp-content\/uploads\/2018\/05\/Ava-Duvernay-in-Messika-71st-Opening-Ceremony-of-the-Cannes-Film-Festival-2-LR-100x150.jpg 100w, https:\/\/www.prestigemag.co\/wp-content\/uploads\/2018\/05\/Ava-Duvernay-in-Messika-71st-Opening-Ceremony-of-the-Cannes-Film-Festival-2-LR-83x125.jpg 83w, https:\/\/www.prestigemag.co\/wp-content\/uploads\/2018\/05\/Ava-Duvernay-in-Messika-71st-Opening-Ceremony-of-the-Cannes-Film-Festival-2-LR-45x67.jpg 45w, https:\/\/www.prestigemag.co\/wp-content\/uploads\/2018\/05\/Ava-Duvernay-in-Messika-71st-Opening-Ceremony-of-the-Cannes-Film-Festival-2-LR.jpg 630w\" data-lazy-sizes=\"(max-width: 281px) 100vw, 281px\" \/><figcaption id=\"caption-attachment-15120\" class=\"wp-caption-text\"><noscript><img class=\"wp-image-15120\" src=\"http:\/\/www.prestigemag.co\/wp-content\/uploads\/2018\/05\/Ava-Duvernay-in-Messika-71st-Opening-Ceremony-of-the-Cannes-Film-Festival-2-LR-250x375.jpg\" alt=\"\" width=\"281\" height=\"422\" srcset=\"https:\/\/www.prestigemag.co\/wp-content\/uploads\/2018\/05\/Ava-Duvernay-in-Messika-71st-Opening-Ceremony-of-the-Cannes-Film-Festival-2-LR-250x375.jpg 250w, https:\/\/www.prestigemag.co\/wp-content\/uploads\/2018\/05\/Ava-Duvernay-in-Messika-71st-Opening-Ceremony-of-the-Cannes-Film-Festival-2-LR-200x300.jpg 200w, https:\/\/www.prestigemag.co\/wp-content\/uploads\/2018\/05\/Ava-Duvernay-in-Messika-71st-Opening-Ceremony-of-the-Cannes-Film-Festival-2-LR-100x150.jpg 100w, https:\/\/www.prestigemag.co\/wp-content\/uploads\/2018\/05\/Ava-Duvernay-in-Messika-71st-Opening-Ceremony-of-the-Cannes-Film-Festival-2-LR-83x125.jpg 83w, https:\/\/www.prestigemag.co\/wp-content\/uploads\/2018\/05\/Ava-Duvernay-in-Messika-71st-Opening-Ceremony-of-the-Cannes-Film-Festival-2-LR-45x67.jpg 45w, https:\/\/www.prestigemag.co\/wp-content\/uploads\/2018\/05\/Ava-Duvernay-in-Messika-71st-Opening-Ceremony-of-the-Cannes-Film-Festival-2-LR.jpg 630w\" sizes=\"(max-width: 281px) 100vw, 281px\" \/><\/noscript><\/a> Ava Duvernay, membre du Jury du Festival de Cannes a compl\u00e9t\u00e9 son look par une paire de boucles d&rsquo;oreilles Zelda de la Collection High Jewelry de Messika. \u00a9 Messika<\/figcaption><\/figure>\n<figure id=\"attachment_15121\" aria-describedby=\"caption-attachment-15121\" style=\"width: 281px\" class=\"wp-caption alignleft\"><a href=\"http:\/\/www.prestigemag.co\/wp-content\/uploads\/2018\/05\/Ursula-Corbero-in-Messika-71st-Opening-Ceremony-of-the-Cannes-Film-Festival-2-LR.jpg\"><img src=\"data:image\/svg+xml,%3Csvg%20xmlns='http:\/\/www.w3.org\/2000\/svg'%20viewBox='0%200%20281%20422'%3E%3C\/svg%3E\" class=\"zeen-lazy-load-base zeen-lazy-load wp-image-15121\" data-lazy-src=\"http:\/\/www.prestigemag.co\/wp-content\/uploads\/2018\/05\/Ursula-Corbero-in-Messika-71st-Opening-Ceremony-of-the-Cannes-Film-Festival-2-LR-250x375.jpg\" alt=\"\" width=\"281\" height=\"422\" data-lazy-srcset=\"https:\/\/www.prestigemag.co\/wp-content\/uploads\/2018\/05\/Ursula-Corbero-in-Messika-71st-Opening-Ceremony-of-the-Cannes-Film-Festival-2-LR-250x375.jpg 250w, https:\/\/www.prestigemag.co\/wp-content\/uploads\/2018\/05\/Ursula-Corbero-in-Messika-71st-Opening-Ceremony-of-the-Cannes-Film-Festival-2-LR-200x300.jpg 200w, https:\/\/www.prestigemag.co\/wp-content\/uploads\/2018\/05\/Ursula-Corbero-in-Messika-71st-Opening-Ceremony-of-the-Cannes-Film-Festival-2-LR-100x150.jpg 100w, https:\/\/www.prestigemag.co\/wp-content\/uploads\/2018\/05\/Ursula-Corbero-in-Messika-71st-Opening-Ceremony-of-the-Cannes-Film-Festival-2-LR-83x125.jpg 83w, https:\/\/www.prestigemag.co\/wp-content\/uploads\/2018\/05\/Ursula-Corbero-in-Messika-71st-Opening-Ceremony-of-the-Cannes-Film-Festival-2-LR-45x67.jpg 45w, https:\/\/www.prestigemag.co\/wp-content\/uploads\/2018\/05\/Ursula-Corbero-in-Messika-71st-Opening-Ceremony-of-the-Cannes-Film-Festival-2-LR.jpg 630w\" data-lazy-sizes=\"(max-width: 281px) 100vw, 281px\" \/><figcaption id=\"caption-attachment-15121\" class=\"wp-caption-text\"><noscript><img class=\"wp-image-15121\" src=\"http:\/\/www.prestigemag.co\/wp-content\/uploads\/2018\/05\/Ursula-Corbero-in-Messika-71st-Opening-Ceremony-of-the-Cannes-Film-Festival-2-LR-250x375.jpg\" alt=\"\" width=\"281\" height=\"422\" srcset=\"https:\/\/www.prestigemag.co\/wp-content\/uploads\/2018\/05\/Ursula-Corbero-in-Messika-71st-Opening-Ceremony-of-the-Cannes-Film-Festival-2-LR-250x375.jpg 250w, https:\/\/www.prestigemag.co\/wp-content\/uploads\/2018\/05\/Ursula-Corbero-in-Messika-71st-Opening-Ceremony-of-the-Cannes-Film-Festival-2-LR-200x300.jpg 200w, https:\/\/www.prestigemag.co\/wp-content\/uploads\/2018\/05\/Ursula-Corbero-in-Messika-71st-Opening-Ceremony-of-the-Cannes-Film-Festival-2-LR-100x150.jpg 100w, https:\/\/www.prestigemag.co\/wp-content\/uploads\/2018\/05\/Ursula-Corbero-in-Messika-71st-Opening-Ceremony-of-the-Cannes-Film-Festival-2-LR-83x125.jpg 83w, https:\/\/www.prestigemag.co\/wp-content\/uploads\/2018\/05\/Ursula-Corbero-in-Messika-71st-Opening-Ceremony-of-the-Cannes-Film-Festival-2-LR-45x67.jpg 45w, https:\/\/www.prestigemag.co\/wp-content\/uploads\/2018\/05\/Ursula-Corbero-in-Messika-71st-Opening-Ceremony-of-the-Cannes-Film-Festival-2-LR.jpg 630w\" sizes=\"(max-width: 281px) 100vw, 281px\" \/><\/noscript><\/a> La star de la t\u00e9l\u00e9vision espagnole Ursula Corbero, a compl\u00e9t\u00e9 son look par une paire de boucles d&rsquo;oreilles Isadora de la Collection High Jewelry de Messika. \u00a9 Messika<\/figcaption><\/figure>\n<p>&nbsp;<\/p>\n<p>&nbsp;<\/p>\n","protected":false},"excerpt":{"rendered":"<p><em>Le 71e Festival de Cannes a \u00e9t\u00e9 d\u00e9clar\u00e9 ouvert le 8 mai et se prolongera jusqu\u2019au samedi 19 mai 2018. L\u2019actrice Cate Blanchett, qui pr\u00e9side le jury cette ann\u00e9e,\u00a0 a d\u00e9clar\u00e9 d\u2019une m\u00eame voix avec Martin Scorsese le Festival ouvert lors de la c\u00e9r\u00e9monie d\u2019ouverture.<\/em><\/p>\n","protected":false},"author":3,"featured_media":22325,"comment_status":"closed","ping_status":"closed","sticky":false,"template":"","format":"standard","meta":[],"categories":[13333,13360],"tags":[],"yoast_head":"<!-- This site is optimized with the Yoast SEO plugin v19.4 - https:\/\/yoast.com\/wordpress\/plugins\/seo\/ -->\n<title>Festival du Film de Cannes: Premier Jour - Prestige Magazine<\/title>\n<meta name=\"description\" content=\"Le 71e Festival de Cannes a \u00e9t\u00e9 d\u00e9clar\u00e9 ouvert le 8 mai et se prolongera jusqu\u2019au samedi 19 mai 2018. L\u2019actrice Cate Blanchett, qui pr\u00e9side le jury cette ann\u00e9e,\u00a0 a d\u00e9clar\u00e9 d\u2019une m\u00eame voix avec Martin Scorsese le Festival ouvert lors de la c\u00e9r\u00e9monie d\u2019ouverture.\" \/>\n<meta name=\"robots\" content=\"index, follow, max-snippet:-1, max-image-preview:large, max-video-preview:-1\" \/>\n<link rel=\"canonical\" href=\"https:\/\/www.prestigemag.co\/fr\/2018\/05\/festival-du-film-de-cannes-premier-jour\/\" \/>\n<meta property=\"og:locale\" content=\"fr_FR\" \/>\n<meta property=\"og:type\" content=\"article\" \/>\n<meta property=\"og:title\" content=\"Festival du Film de Cannes: Premier Jour - Prestige Magazine\" \/>\n<meta property=\"og:description\" content=\"Le 71e Festival de Cannes a \u00e9t\u00e9 d\u00e9clar\u00e9 ouvert le 8 mai et se prolongera jusqu\u2019au samedi 19 mai 2018. L\u2019actrice Cate Blanchett, qui pr\u00e9side le jury cette ann\u00e9e,\u00a0 a d\u00e9clar\u00e9 d\u2019une m\u00eame voix avec Martin Scorsese le Festival ouvert lors de la c\u00e9r\u00e9monie d\u2019ouverture.\" \/>\n<meta property=\"og:url\" content=\"https:\/\/www.prestigemag.co\/fr\/2018\/05\/festival-du-film-de-cannes-premier-jour\/\" \/>\n<meta property=\"og:site_name\" content=\"Prestige Magazine\" \/>\n<meta property=\"article:publisher\" content=\"https:\/\/www.facebook.com\/prestigemag.co\/\" \/>\n<meta property=\"article:published_time\" content=\"2018-05-09T11:36:38+00:00\" \/>\n<meta property=\"og:image\" content=\"https:\/\/www.prestigemag.co\/wp-content\/uploads\/2018\/05\/Cannes-Film-Festival-1.jpg\" \/>\n\t<meta property=\"og:image:width\" content=\"710\" \/>\n\t<meta property=\"og:image:height\" content=\"449\" \/>\n\t<meta property=\"og:image:type\" content=\"image\/jpeg\" \/>\n<meta name=\"author\" content=\"prestige\" \/>\n<meta name=\"twitter:card\" content=\"summary\" \/>\n<meta name=\"twitter:label1\" content=\"\u00c9crit par\" \/>\n\t<meta name=\"twitter:data1\" content=\"prestige\" \/>\n\t<meta name=\"twitter:label2\" content=\"Dur\u00e9e de lecture estim\u00e9e\" \/>\n\t<meta name=\"twitter:data2\" content=\"2 minutes\" \/>\n<script type=\"application\/ld+json\" class=\"yoast-schema-graph\">{\"@context\":\"https:\/\/schema.org\",\"@graph\":[{\"@type\":\"Organization\",\"@id\":\"https:\/\/www.prestigemag.co\/#organization\",\"name\":\"Prestige\",\"url\":\"https:\/\/www.prestigemag.co\/\",\"sameAs\":[\"https:\/\/www.instagram.com\/prestige.mag\/\",\"https:\/\/www.facebook.com\/prestigemag.co\/\"],\"logo\":{\"@type\":\"ImageObject\",\"inLanguage\":\"fr-FR\",\"@id\":\"https:\/\/www.prestigemag.co\/#\/schema\/logo\/image\/\",\"url\":\"https:\/\/www.prestigemag.co\/wp-content\/uploads\/2021\/11\/logo-Prestige-800x200-1.png\",\"contentUrl\":\"https:\/\/www.prestigemag.co\/wp-content\/uploads\/2021\/11\/logo-Prestige-800x200-1.png\",\"width\":800,\"height\":200,\"caption\":\"Prestige\"},\"image\":{\"@id\":\"https:\/\/www.prestigemag.co\/#\/schema\/logo\/image\/\"}},{\"@type\":\"WebSite\",\"@id\":\"https:\/\/www.prestigemag.co\/#website\",\"url\":\"https:\/\/www.prestigemag.co\/\",\"name\":\"Prestige Magazine\",\"description\":\"Le Monde Des C\u00e9l\u00e9brit\u00e9s\",\"publisher\":{\"@id\":\"https:\/\/www.prestigemag.co\/#organization\"},\"potentialAction\":[{\"@type\":\"SearchAction\",\"target\":{\"@type\":\"EntryPoint\",\"urlTemplate\":\"https:\/\/www.prestigemag.co\/?s={search_term_string}\"},\"query-input\":\"required name=search_term_string\"}],\"inLanguage\":\"fr-FR\"},{\"@type\":\"WebPage\",\"@id\":\"https:\/\/www.prestigemag.co\/fr\/2018\/05\/festival-du-film-de-cannes-premier-jour\/\",\"url\":\"https:\/\/www.prestigemag.co\/fr\/2018\/05\/festival-du-film-de-cannes-premier-jour\/\",\"name\":\"Festival du Film de Cannes: Premier Jour - Prestige Magazine\",\"isPartOf\":{\"@id\":\"https:\/\/www.prestigemag.co\/#website\"},\"datePublished\":\"2018-05-09T11:36:38+00:00\",\"dateModified\":\"2018-05-09T11:36:38+00:00\",\"description\":\"Le 71e Festival de Cannes a \u00e9t\u00e9 d\u00e9clar\u00e9 ouvert le 8 mai et se prolongera jusqu\u2019au samedi 19 mai 2018. L\u2019actrice Cate Blanchett, qui pr\u00e9side le jury cette ann\u00e9e,\u00a0 a d\u00e9clar\u00e9 d\u2019une m\u00eame voix avec Martin Scorsese le Festival ouvert lors de la c\u00e9r\u00e9monie d\u2019ouverture.\",\"breadcrumb\":{\"@id\":\"https:\/\/www.prestigemag.co\/fr\/2018\/05\/festival-du-film-de-cannes-premier-jour\/#breadcrumb\"},\"inLanguage\":\"fr-FR\",\"potentialAction\":[{\"@type\":\"ReadAction\",\"target\":[\"https:\/\/www.prestigemag.co\/fr\/2018\/05\/festival-du-film-de-cannes-premier-jour\/\"]}]},{\"@type\":\"BreadcrumbList\",\"@id\":\"https:\/\/www.prestigemag.co\/fr\/2018\/05\/festival-du-film-de-cannes-premier-jour\/#breadcrumb\",\"itemListElement\":[{\"@type\":\"ListItem\",\"position\":1,\"name\":\"Home\",\"item\":\"https:\/\/www.prestigemag.co\/fr\/\"},{\"@type\":\"ListItem\",\"position\":2,\"name\":\"Festival du Film de Cannes: Premier Jour\"}]},{\"@type\":\"Article\",\"@id\":\"https:\/\/www.prestigemag.co\/fr\/2018\/05\/festival-du-film-de-cannes-premier-jour\/#article\",\"isPartOf\":{\"@id\":\"https:\/\/www.prestigemag.co\/fr\/2018\/05\/festival-du-film-de-cannes-premier-jour\/\"},\"author\":{\"name\":\"prestige\",\"@id\":\"https:\/\/www.prestigemag.co\/#\/schema\/person\/e3f149368970128d68bb2d797bf30fbc\"},\"headline\":\"Festival du Film de Cannes: Premier Jour\",\"datePublished\":\"2018-05-09T11:36:38+00:00\",\"dateModified\":\"2018-05-09T11:36:38+00:00\",\"mainEntityOfPage\":{\"@id\":\"https:\/\/www.prestigemag.co\/fr\/2018\/05\/festival-du-film-de-cannes-premier-jour\/\"},\"wordCount\":454,\"publisher\":{\"@id\":\"https:\/\/www.prestigemag.co\/#organization\"},\"articleSection\":[\"\u00c9v\u00e9nements\",\"Inauguration\"],\"inLanguage\":\"fr-FR\"},{\"@type\":\"Person\",\"@id\":\"https:\/\/www.prestigemag.co\/#\/schema\/person\/e3f149368970128d68bb2d797bf30fbc\",\"name\":\"prestige\",\"image\":{\"@type\":\"ImageObject\",\"inLanguage\":\"fr-FR\",\"@id\":\"https:\/\/www.prestigemag.co\/#\/schema\/person\/image\/\",\"url\":\"https:\/\/secure.gravatar.com\/avatar\/0aa2dff5484d35e50578639a2c3ccef9?s=96&d=mm&r=g\",\"contentUrl\":\"https:\/\/secure.gravatar.com\/avatar\/0aa2dff5484d35e50578639a2c3ccef9?s=96&d=mm&r=g\",\"caption\":\"prestige\"},\"url\":\"https:\/\/www.prestigemag.co\/fr\/author\/prestige\/\"}]}<\/script>\n<!-- \/ Yoast SEO plugin. -->","yoast_head_json":{"title":"Festival du Film de Cannes: Premier Jour - Prestige Magazine","description":"Le 71e Festival de Cannes a \u00e9t\u00e9 d\u00e9clar\u00e9 ouvert le 8 mai et se prolongera jusqu\u2019au samedi 19 mai 2018. L\u2019actrice Cate Blanchett, qui pr\u00e9side le jury cette ann\u00e9e,\u00a0 a d\u00e9clar\u00e9 d\u2019une m\u00eame voix avec Martin Scorsese le Festival ouvert lors de la c\u00e9r\u00e9monie d\u2019ouverture.","robots":{"index":"index","follow":"follow","max-snippet":"max-snippet:-1","max-image-preview":"max-image-preview:large","max-video-preview":"max-video-preview:-1"},"canonical":"https:\/\/www.prestigemag.co\/fr\/2018\/05\/festival-du-film-de-cannes-premier-jour\/","og_locale":"fr_FR","og_type":"article","og_title":"Festival du Film de Cannes: Premier Jour - Prestige Magazine","og_description":"Le 71e Festival de Cannes a \u00e9t\u00e9 d\u00e9clar\u00e9 ouvert le 8 mai et se prolongera jusqu\u2019au samedi 19 mai 2018. L\u2019actrice Cate Blanchett, qui pr\u00e9side le jury cette ann\u00e9e,\u00a0 a d\u00e9clar\u00e9 d\u2019une m\u00eame voix avec Martin Scorsese le Festival ouvert lors de la c\u00e9r\u00e9monie d\u2019ouverture.","og_url":"https:\/\/www.prestigemag.co\/fr\/2018\/05\/festival-du-film-de-cannes-premier-jour\/","og_site_name":"Prestige Magazine","article_publisher":"https:\/\/www.facebook.com\/prestigemag.co\/","article_published_time":"2018-05-09T11:36:38+00:00","og_image":[{"width":710,"height":449,"url":"https:\/\/www.prestigemag.co\/wp-content\/uploads\/2018\/05\/Cannes-Film-Festival-1.jpg","type":"image\/jpeg"}],"author":"prestige","twitter_card":"summary","twitter_misc":{"\u00c9crit par":"prestige","Dur\u00e9e de lecture estim\u00e9e":"2 minutes"},"schema":{"@context":"https:\/\/schema.org","@graph":[{"@type":"Organization","@id":"https:\/\/www.prestigemag.co\/#organization","name":"Prestige","url":"https:\/\/www.prestigemag.co\/","sameAs":["https:\/\/www.instagram.com\/prestige.mag\/","https:\/\/www.facebook.com\/prestigemag.co\/"],"logo":{"@type":"ImageObject","inLanguage":"fr-FR","@id":"https:\/\/www.prestigemag.co\/#\/schema\/logo\/image\/","url":"https:\/\/www.prestigemag.co\/wp-content\/uploads\/2021\/11\/logo-Prestige-800x200-1.png","contentUrl":"https:\/\/www.prestigemag.co\/wp-content\/uploads\/2021\/11\/logo-Prestige-800x200-1.png","width":800,"height":200,"caption":"Prestige"},"image":{"@id":"https:\/\/www.prestigemag.co\/#\/schema\/logo\/image\/"}},{"@type":"WebSite","@id":"https:\/\/www.prestigemag.co\/#website","url":"https:\/\/www.prestigemag.co\/","name":"Prestige Magazine","description":"Le Monde Des C\u00e9l\u00e9brit\u00e9s","publisher":{"@id":"https:\/\/www.prestigemag.co\/#organization"},"potentialAction":[{"@type":"SearchAction","target":{"@type":"EntryPoint","urlTemplate":"https:\/\/www.prestigemag.co\/?s={search_term_string}"},"query-input":"required name=search_term_string"}],"inLanguage":"fr-FR"},{"@type":"WebPage","@id":"https:\/\/www.prestigemag.co\/fr\/2018\/05\/festival-du-film-de-cannes-premier-jour\/","url":"https:\/\/www.prestigemag.co\/fr\/2018\/05\/festival-du-film-de-cannes-premier-jour\/","name":"Festival du Film de Cannes: Premier Jour - Prestige Magazine","isPartOf":{"@id":"https:\/\/www.prestigemag.co\/#website"},"datePublished":"2018-05-09T11:36:38+00:00","dateModified":"2018-05-09T11:36:38+00:00","description":"Le 71e Festival de Cannes a \u00e9t\u00e9 d\u00e9clar\u00e9 ouvert le 8 mai et se prolongera jusqu\u2019au samedi 19 mai 2018. L\u2019actrice Cate Blanchett, qui pr\u00e9side le jury cette ann\u00e9e,\u00a0 a d\u00e9clar\u00e9 d\u2019une m\u00eame voix avec Martin Scorsese le Festival ouvert lors de la c\u00e9r\u00e9monie d\u2019ouverture.","breadcrumb":{"@id":"https:\/\/www.prestigemag.co\/fr\/2018\/05\/festival-du-film-de-cannes-premier-jour\/#breadcrumb"},"inLanguage":"fr-FR","potentialAction":[{"@type":"ReadAction","target":["https:\/\/www.prestigemag.co\/fr\/2018\/05\/festival-du-film-de-cannes-premier-jour\/"]}]},{"@type":"BreadcrumbList","@id":"https:\/\/www.prestigemag.co\/fr\/2018\/05\/festival-du-film-de-cannes-premier-jour\/#breadcrumb","itemListElement":[{"@type":"ListItem","position":1,"name":"Home","item":"https:\/\/www.prestigemag.co\/fr\/"},{"@type":"ListItem","position":2,"name":"Festival du Film de Cannes: Premier Jour"}]},{"@type":"Article","@id":"https:\/\/www.prestigemag.co\/fr\/2018\/05\/festival-du-film-de-cannes-premier-jour\/#article","isPartOf":{"@id":"https:\/\/www.prestigemag.co\/fr\/2018\/05\/festival-du-film-de-cannes-premier-jour\/"},"author":{"name":"prestige","@id":"https:\/\/www.prestigemag.co\/#\/schema\/person\/e3f149368970128d68bb2d797bf30fbc"},"headline":"Festival du Film de Cannes: Premier Jour","datePublished":"2018-05-09T11:36:38+00:00","dateModified":"2018-05-09T11:36:38+00:00","mainEntityOfPage":{"@id":"https:\/\/www.prestigemag.co\/fr\/2018\/05\/festival-du-film-de-cannes-premier-jour\/"},"wordCount":454,"publisher":{"@id":"https:\/\/www.prestigemag.co\/#organization"},"articleSection":["\u00c9v\u00e9nements","Inauguration"],"inLanguage":"fr-FR"},{"@type":"Person","@id":"https:\/\/www.prestigemag.co\/#\/schema\/person\/e3f149368970128d68bb2d797bf30fbc","name":"prestige","image":{"@type":"ImageObject","inLanguage":"fr-FR","@id":"https:\/\/www.prestigemag.co\/#\/schema\/person\/image\/","url":"https:\/\/secure.gravatar.com\/avatar\/0aa2dff5484d35e50578639a2c3ccef9?s=96&d=mm&r=g","contentUrl":"https:\/\/secure.gravatar.com\/avatar\/0aa2dff5484d35e50578639a2c3ccef9?s=96&d=mm&r=g","caption":"prestige"},"url":"https:\/\/www.prestigemag.co\/fr\/author\/prestige\/"}]}},"_links":{"self":[{"href":"https:\/\/www.prestigemag.co\/fr\/wp-json\/wp\/v2\/posts\/22324"}],"collection":[{"href":"https:\/\/www.prestigemag.co\/fr\/wp-json\/wp\/v2\/posts"}],"about":[{"href":"https:\/\/www.prestigemag.co\/fr\/wp-json\/wp\/v2\/types\/post"}],"author":[{"embeddable":true,"href":"https:\/\/www.prestigemag.co\/fr\/wp-json\/wp\/v2\/users\/3"}],"replies":[{"embeddable":true,"href":"https:\/\/www.prestigemag.co\/fr\/wp-json\/wp\/v2\/comments?post=22324"}],"version-history":[{"count":0,"href":"https:\/\/www.prestigemag.co\/fr\/wp-json\/wp\/v2\/posts\/22324\/revisions"}],"wp:featuredmedia":[{"embeddable":true,"href":"https:\/\/www.prestigemag.co\/fr\/wp-json\/wp\/v2\/media\/22325"}],"wp:attachment":[{"href":"https:\/\/www.prestigemag.co\/fr\/wp-json\/wp\/v2\/media?parent=22324"}],"wp:term":[{"taxonomy":"category","embeddable":true,"href":"https:\/\/www.prestigemag.co\/fr\/wp-json\/wp\/v2\/categories?post=22324"},{"taxonomy":"post_tag","embeddable":true,"href":"https:\/\/www.prestigemag.co\/fr\/wp-json\/wp\/v2\/tags?post=22324"}],"curies":[{"name":"wp","href":"https:\/\/api.w.org\/{rel}","templated":true}]}}