{"id":22360,"date":"2018-05-21T11:45:32","date_gmt":"2018-05-21T11:45:32","guid":{"rendered":"http:\/\/www.prestigemag.co\/2018\/05\/festival-de-cannes-ceremonie-de-cloture\/"},"modified":"2018-05-21T11:45:32","modified_gmt":"2018-05-21T11:45:32","slug":"festival-de-cannes-ceremonie-de-cloture","status":"publish","type":"post","link":"https:\/\/www.prestigemag.co\/fr\/2018\/05\/festival-de-cannes-ceremonie-de-cloture\/","title":{"rendered":"Festival de Cannes: C\u00e9r\u00e9monie de cl\u00f4ture"},"content":{"rendered":"<h3>Durant 12 jours, les stars se sont succ\u00e9d\u00e9 sur le tapis rouge du Festival de Cannes \u00e9blouissant le public \u00e0 travers leurs apparitions multiples. D&rsquo;importants cin\u00e9astes ont assist\u00e9 aux projections des plus grands succ\u00e8s cin\u00e9matographiques. Samedi 19 mai 2018, a eu lieu la c\u00e9r\u00e9monie de cl\u00f4ture, ci-apr\u00e8s le palmar\u00e8s de cette 71e \u00e9dition qui a attribu\u00e9 au film libanais Capharnaum le prix du jury.<\/h3>\n<p>&nbsp;<\/p>\n<p>&nbsp;<\/p>\n<figure id=\"attachment_15305\" aria-describedby=\"caption-attachment-15305\" style=\"width: 1024px\" class=\"wp-caption aligncenter\"><a href=\"http:\/\/www.prestigemag.co\/wp-content\/uploads\/2018\/05\/Cannes-Film-Festival-9.jpg\"><img src=\"data:image\/svg+xml,%3Csvg%20xmlns='http:\/\/www.w3.org\/2000\/svg'%20viewBox='0%200%201024%20418'%3E%3C\/svg%3E\" class=\"zeen-lazy-load-base zeen-lazy-load wp-image-15305 size-large\" data-lazy-src=\"http:\/\/www.prestigemag.co\/wp-content\/uploads\/2018\/05\/Cannes-Film-Festival-9-1024x418.jpg\" alt=\"\" width=\"1024\" height=\"418\" data-lazy-srcset=\"https:\/\/www.prestigemag.co\/wp-content\/uploads\/2018\/05\/Cannes-Film-Festival-9-1024x418.jpg 1024w, https:\/\/www.prestigemag.co\/wp-content\/uploads\/2018\/05\/Cannes-Film-Festival-9-300x123.jpg 300w, https:\/\/www.prestigemag.co\/wp-content\/uploads\/2018\/05\/Cannes-Film-Festival-9-770x315.jpg 770w, https:\/\/www.prestigemag.co\/wp-content\/uploads\/2018\/05\/Cannes-Film-Festival-9-293x120.jpg 293w, https:\/\/www.prestigemag.co\/wp-content\/uploads\/2018\/05\/Cannes-Film-Festival-9-1400x572.jpg 1400w, https:\/\/www.prestigemag.co\/wp-content\/uploads\/2018\/05\/Cannes-Film-Festival-9-390x159.jpg 390w, https:\/\/www.prestigemag.co\/wp-content\/uploads\/2018\/05\/Cannes-Film-Festival-9-768x314.jpg 768w, https:\/\/www.prestigemag.co\/wp-content\/uploads\/2018\/05\/Cannes-Film-Festival-9-150x61.jpg 150w, https:\/\/www.prestigemag.co\/wp-content\/uploads\/2018\/05\/Cannes-Film-Festival-9-600x245.jpg 600w, https:\/\/www.prestigemag.co\/wp-content\/uploads\/2018\/05\/Cannes-Film-Festival-9-291x119.jpg 291w, https:\/\/www.prestigemag.co\/wp-content\/uploads\/2018\/05\/Cannes-Film-Festival-9-164x67.jpg 164w, https:\/\/www.prestigemag.co\/wp-content\/uploads\/2018\/05\/Cannes-Film-Festival-9-1320x539.jpg 1320w, https:\/\/www.prestigemag.co\/wp-content\/uploads\/2018\/05\/Cannes-Film-Festival-9.jpg 1500w\" data-lazy-sizes=\"(max-width: 1024px) 100vw, 1024px\" \/><figcaption id=\"caption-attachment-15305\" class=\"wp-caption-text\"><noscript><img class=\"wp-image-15305 size-large\" src=\"http:\/\/www.prestigemag.co\/wp-content\/uploads\/2018\/05\/Cannes-Film-Festival-9-1024x418.jpg\" alt=\"\" width=\"1024\" height=\"418\" srcset=\"https:\/\/www.prestigemag.co\/wp-content\/uploads\/2018\/05\/Cannes-Film-Festival-9-1024x418.jpg 1024w, https:\/\/www.prestigemag.co\/wp-content\/uploads\/2018\/05\/Cannes-Film-Festival-9-300x123.jpg 300w, https:\/\/www.prestigemag.co\/wp-content\/uploads\/2018\/05\/Cannes-Film-Festival-9-770x315.jpg 770w, https:\/\/www.prestigemag.co\/wp-content\/uploads\/2018\/05\/Cannes-Film-Festival-9-293x120.jpg 293w, https:\/\/www.prestigemag.co\/wp-content\/uploads\/2018\/05\/Cannes-Film-Festival-9-1400x572.jpg 1400w, https:\/\/www.prestigemag.co\/wp-content\/uploads\/2018\/05\/Cannes-Film-Festival-9-390x159.jpg 390w, https:\/\/www.prestigemag.co\/wp-content\/uploads\/2018\/05\/Cannes-Film-Festival-9-768x314.jpg 768w, https:\/\/www.prestigemag.co\/wp-content\/uploads\/2018\/05\/Cannes-Film-Festival-9-150x61.jpg 150w, https:\/\/www.prestigemag.co\/wp-content\/uploads\/2018\/05\/Cannes-Film-Festival-9-600x245.jpg 600w, https:\/\/www.prestigemag.co\/wp-content\/uploads\/2018\/05\/Cannes-Film-Festival-9-291x119.jpg 291w, https:\/\/www.prestigemag.co\/wp-content\/uploads\/2018\/05\/Cannes-Film-Festival-9-164x67.jpg 164w, https:\/\/www.prestigemag.co\/wp-content\/uploads\/2018\/05\/Cannes-Film-Festival-9-1320x539.jpg 1320w, https:\/\/www.prestigemag.co\/wp-content\/uploads\/2018\/05\/Cannes-Film-Festival-9.jpg 1500w\" sizes=\"(max-width: 1024px) 100vw, 1024px\" \/><\/noscript><\/a> Ariane Labed et Kristen Stewart portaient des robes Chanel durant la c\u00e9r\u00e9monie de cl\u00f4ture du Festival de Cannes. \u00a9 Chanel<\/figcaption><\/figure>\n<p>&nbsp;<\/p>\n<p>&nbsp;<\/p>\n<figure id=\"attachment_15307\" aria-describedby=\"caption-attachment-15307\" style=\"width: 1024px\" class=\"wp-caption aligncenter\"><a href=\"http:\/\/www.prestigemag.co\/wp-content\/uploads\/2018\/05\/Chanel.jpg\"><img src=\"data:image\/svg+xml,%3Csvg%20xmlns='http:\/\/www.w3.org\/2000\/svg'%20viewBox='0%200%201024%20763'%3E%3C\/svg%3E\" class=\"zeen-lazy-load-base zeen-lazy-load wp-image-15307 size-large\" data-lazy-src=\"http:\/\/www.prestigemag.co\/wp-content\/uploads\/2018\/05\/Chanel-1024x763.jpg\" alt=\"\" width=\"1024\" height=\"763\" data-lazy-srcset=\"https:\/\/www.prestigemag.co\/wp-content\/uploads\/2018\/05\/Chanel-1024x763.jpg 1024w, https:\/\/www.prestigemag.co\/wp-content\/uploads\/2018\/05\/Chanel-300x224.jpg 300w, https:\/\/www.prestigemag.co\/wp-content\/uploads\/2018\/05\/Chanel-768x572.jpg 768w, https:\/\/www.prestigemag.co\/wp-content\/uploads\/2018\/05\/Chanel-150x112.jpg 150w, https:\/\/www.prestigemag.co\/wp-content\/uploads\/2018\/05\/Chanel-503x375.jpg 503w, https:\/\/www.prestigemag.co\/wp-content\/uploads\/2018\/05\/Chanel-168x125.jpg 168w, https:\/\/www.prestigemag.co\/wp-content\/uploads\/2018\/05\/Chanel-90x67.jpg 90w, https:\/\/www.prestigemag.co\/wp-content\/uploads\/2018\/05\/Chanel.jpg 1261w\" data-lazy-sizes=\"(max-width: 1024px) 100vw, 1024px\" \/><figcaption id=\"caption-attachment-15307\" class=\"wp-caption-text\"><noscript><img class=\"wp-image-15307 size-large\" src=\"http:\/\/www.prestigemag.co\/wp-content\/uploads\/2018\/05\/Chanel-1024x763.jpg\" alt=\"\" width=\"1024\" height=\"763\" srcset=\"https:\/\/www.prestigemag.co\/wp-content\/uploads\/2018\/05\/Chanel-1024x763.jpg 1024w, https:\/\/www.prestigemag.co\/wp-content\/uploads\/2018\/05\/Chanel-300x224.jpg 300w, https:\/\/www.prestigemag.co\/wp-content\/uploads\/2018\/05\/Chanel-768x572.jpg 768w, https:\/\/www.prestigemag.co\/wp-content\/uploads\/2018\/05\/Chanel-150x112.jpg 150w, https:\/\/www.prestigemag.co\/wp-content\/uploads\/2018\/05\/Chanel-503x375.jpg 503w, https:\/\/www.prestigemag.co\/wp-content\/uploads\/2018\/05\/Chanel-168x125.jpg 168w, https:\/\/www.prestigemag.co\/wp-content\/uploads\/2018\/05\/Chanel-90x67.jpg 90w, https:\/\/www.prestigemag.co\/wp-content\/uploads\/2018\/05\/Chanel.jpg 1261w\" sizes=\"(max-width: 1024px) 100vw, 1024px\" \/><\/noscript><\/a> Magaajyia Silberfeld portait Chanel \u00e0 la c\u00e9r\u00e9monie de cl\u00f4ture du Festival de Cannes. Vanessa Paradis au Chanel After Party. \u00a9 Chanel<\/figcaption><\/figure>\n<p>&nbsp;<\/p>\n<p>&nbsp;<\/p>\n<figure id=\"attachment_15308\" aria-describedby=\"caption-attachment-15308\" style=\"width: 1024px\" class=\"wp-caption aligncenter\"><a href=\"http:\/\/www.prestigemag.co\/wp-content\/uploads\/2018\/05\/Cannes-Film-Festival-1-1.jpg\"><img src=\"data:image\/svg+xml,%3Csvg%20xmlns='http:\/\/www.w3.org\/2000\/svg'%20viewBox='0%200%201024%20775'%3E%3C\/svg%3E\" class=\"zeen-lazy-load-base zeen-lazy-load wp-image-15308 size-large\" data-lazy-src=\"http:\/\/www.prestigemag.co\/wp-content\/uploads\/2018\/05\/Cannes-Film-Festival-1-1-1024x775.jpg\" alt=\"\" width=\"1024\" height=\"775\" data-lazy-srcset=\"https:\/\/www.prestigemag.co\/wp-content\/uploads\/2018\/05\/Cannes-Film-Festival-1-1-1024x775.jpg 1024w, https:\/\/www.prestigemag.co\/wp-content\/uploads\/2018\/05\/Cannes-Film-Festival-1-1-300x227.jpg 300w, https:\/\/www.prestigemag.co\/wp-content\/uploads\/2018\/05\/Cannes-Film-Festival-1-1-768x581.jpg 768w, https:\/\/www.prestigemag.co\/wp-content\/uploads\/2018\/05\/Cannes-Film-Festival-1-1-150x113.jpg 150w, https:\/\/www.prestigemag.co\/wp-content\/uploads\/2018\/05\/Cannes-Film-Festival-1-1-496x375.jpg 496w, https:\/\/www.prestigemag.co\/wp-content\/uploads\/2018\/05\/Cannes-Film-Festival-1-1-165x125.jpg 165w, https:\/\/www.prestigemag.co\/wp-content\/uploads\/2018\/05\/Cannes-Film-Festival-1-1-89x67.jpg 89w, https:\/\/www.prestigemag.co\/wp-content\/uploads\/2018\/05\/Cannes-Film-Festival-1-1.jpg 1253w\" data-lazy-sizes=\"(max-width: 1024px) 100vw, 1024px\" \/><figcaption id=\"caption-attachment-15308\" class=\"wp-caption-text\"><noscript><img class=\"wp-image-15308 size-large\" src=\"http:\/\/www.prestigemag.co\/wp-content\/uploads\/2018\/05\/Cannes-Film-Festival-1-1-1024x775.jpg\" alt=\"\" width=\"1024\" height=\"775\" srcset=\"https:\/\/www.prestigemag.co\/wp-content\/uploads\/2018\/05\/Cannes-Film-Festival-1-1-1024x775.jpg 1024w, https:\/\/www.prestigemag.co\/wp-content\/uploads\/2018\/05\/Cannes-Film-Festival-1-1-300x227.jpg 300w, https:\/\/www.prestigemag.co\/wp-content\/uploads\/2018\/05\/Cannes-Film-Festival-1-1-768x581.jpg 768w, https:\/\/www.prestigemag.co\/wp-content\/uploads\/2018\/05\/Cannes-Film-Festival-1-1-150x113.jpg 150w, https:\/\/www.prestigemag.co\/wp-content\/uploads\/2018\/05\/Cannes-Film-Festival-1-1-496x375.jpg 496w, https:\/\/www.prestigemag.co\/wp-content\/uploads\/2018\/05\/Cannes-Film-Festival-1-1-165x125.jpg 165w, https:\/\/www.prestigemag.co\/wp-content\/uploads\/2018\/05\/Cannes-Film-Festival-1-1-89x67.jpg 89w, https:\/\/www.prestigemag.co\/wp-content\/uploads\/2018\/05\/Cannes-Film-Festival-1-1.jpg 1253w\" sizes=\"(max-width: 1024px) 100vw, 1024px\" \/><\/noscript><\/a> A l\u2019occasion de la projection de \u00abThe man who killed Don Quixote\u00bb, l\u2019actrice Olga Kurylenko a illumin\u00e9 le tapis rouge, portant un collier et un bracelet en or blanc et diamants de la collection Josephine de Chaumet. Joanna Kulig. L\u2019actrice du film en comp\u00e9tition Cold War, qui a re\u00e7u le prix de la mise en sc\u00e8ne portait un pendentif en or blanc, diamants et saphirs bleus de la collection Hortensia. \u00a9 Chaumet<\/figcaption><\/figure>\n<p>&nbsp;<\/p>\n<p>&nbsp;<\/p>\n<figure id=\"attachment_15309\" aria-describedby=\"caption-attachment-15309\" style=\"width: 1024px\" class=\"wp-caption aligncenter\"><a href=\"http:\/\/www.prestigemag.co\/wp-content\/uploads\/2018\/05\/Cannes-Film-Festival-2-1.jpg\"><img src=\"data:image\/svg+xml,%3Csvg%20xmlns='http:\/\/www.w3.org\/2000\/svg'%20viewBox='0%200%201024%20770'%3E%3C\/svg%3E\" class=\"zeen-lazy-load-base zeen-lazy-load wp-image-15309 size-large\" data-lazy-src=\"http:\/\/www.prestigemag.co\/wp-content\/uploads\/2018\/05\/Cannes-Film-Festival-2-1-1024x770.jpg\" alt=\"\" width=\"1024\" height=\"770\" data-lazy-srcset=\"https:\/\/www.prestigemag.co\/wp-content\/uploads\/2018\/05\/Cannes-Film-Festival-2-1-1024x770.jpg 1024w, https:\/\/www.prestigemag.co\/wp-content\/uploads\/2018\/05\/Cannes-Film-Festival-2-1-300x226.jpg 300w, https:\/\/www.prestigemag.co\/wp-content\/uploads\/2018\/05\/Cannes-Film-Festival-2-1-768x578.jpg 768w, https:\/\/www.prestigemag.co\/wp-content\/uploads\/2018\/05\/Cannes-Film-Festival-2-1-640x480.jpg 640w, https:\/\/www.prestigemag.co\/wp-content\/uploads\/2018\/05\/Cannes-Film-Festival-2-1-150x113.jpg 150w, https:\/\/www.prestigemag.co\/wp-content\/uploads\/2018\/05\/Cannes-Film-Festival-2-1-499x375.jpg 499w, https:\/\/www.prestigemag.co\/wp-content\/uploads\/2018\/05\/Cannes-Film-Festival-2-1-166x125.jpg 166w, https:\/\/www.prestigemag.co\/wp-content\/uploads\/2018\/05\/Cannes-Film-Festival-2-1-89x67.jpg 89w, https:\/\/www.prestigemag.co\/wp-content\/uploads\/2018\/05\/Cannes-Film-Festival-2-1.jpg 1255w\" data-lazy-sizes=\"(max-width: 1024px) 100vw, 1024px\" \/><figcaption id=\"caption-attachment-15309\" class=\"wp-caption-text\"><noscript><img class=\"wp-image-15309 size-large\" src=\"http:\/\/www.prestigemag.co\/wp-content\/uploads\/2018\/05\/Cannes-Film-Festival-2-1-1024x770.jpg\" alt=\"\" width=\"1024\" height=\"770\" srcset=\"https:\/\/www.prestigemag.co\/wp-content\/uploads\/2018\/05\/Cannes-Film-Festival-2-1-1024x770.jpg 1024w, https:\/\/www.prestigemag.co\/wp-content\/uploads\/2018\/05\/Cannes-Film-Festival-2-1-300x226.jpg 300w, https:\/\/www.prestigemag.co\/wp-content\/uploads\/2018\/05\/Cannes-Film-Festival-2-1-768x578.jpg 768w, https:\/\/www.prestigemag.co\/wp-content\/uploads\/2018\/05\/Cannes-Film-Festival-2-1-640x480.jpg 640w, https:\/\/www.prestigemag.co\/wp-content\/uploads\/2018\/05\/Cannes-Film-Festival-2-1-150x113.jpg 150w, https:\/\/www.prestigemag.co\/wp-content\/uploads\/2018\/05\/Cannes-Film-Festival-2-1-499x375.jpg 499w, https:\/\/www.prestigemag.co\/wp-content\/uploads\/2018\/05\/Cannes-Film-Festival-2-1-166x125.jpg 166w, https:\/\/www.prestigemag.co\/wp-content\/uploads\/2018\/05\/Cannes-Film-Festival-2-1-89x67.jpg 89w, https:\/\/www.prestigemag.co\/wp-content\/uploads\/2018\/05\/Cannes-Film-Festival-2-1.jpg 1255w\" sizes=\"(max-width: 1024px) 100vw, 1024px\" \/><\/noscript><\/a> Cindy Mello arrive \u00e0 l\u2019Amfar Gala \u00e0 Cannes 2018 en robe Georges Hobeika. \u00a9 Georges Hobeika. Le mannequin Alessandra Ambrosio portait des boucles d\u2019oreilles Boucheron au Festival de Cannes. \u00a9 Boucheron<\/figcaption><\/figure>\n<p>&nbsp;<\/p>\n<p>&nbsp;<\/p>\n<figure id=\"attachment_15310\" aria-describedby=\"caption-attachment-15310\" style=\"width: 630px\" class=\"wp-caption aligncenter\"><a href=\"http:\/\/www.prestigemag.co\/wp-content\/uploads\/2018\/05\/Jessica-Kahawaty-in-GEORGES-HOBEIKA-at-the-screening-of-\u2018Capharnaum\u2019-during-the-71st-Cannes-Film-Festival..jpeg\"><img src=\"data:image\/svg+xml,%3Csvg%20xmlns='http:\/\/www.w3.org\/2000\/svg'%20viewBox='0%200%20630%20756'%3E%3C\/svg%3E\" class=\"zeen-lazy-load-base zeen-lazy-load wp-image-15310 size-full\" data-lazy-src=\"http:\/\/www.prestigemag.co\/wp-content\/uploads\/2018\/05\/Jessica-Kahawaty-in-GEORGES-HOBEIKA-at-the-screening-of-\u2018Capharnaum\u2019-during-the-71st-Cannes-Film-Festival..jpeg\" alt=\"\" width=\"630\" height=\"756\" data-lazy-srcset=\"https:\/\/www.prestigemag.co\/wp-content\/uploads\/2018\/05\/Jessica-Kahawaty-in-GEORGES-HOBEIKA-at-the-screening-of-\u2018Capharnaum\u2019-during-the-71st-Cannes-Film-Festival..jpeg 630w, https:\/\/www.prestigemag.co\/wp-content\/uploads\/2018\/05\/Jessica-Kahawaty-in-GEORGES-HOBEIKA-at-the-screening-of-\u2018Capharnaum\u2019-during-the-71st-Cannes-Film-Festival.-250x300.jpeg 250w, https:\/\/www.prestigemag.co\/wp-content\/uploads\/2018\/05\/Jessica-Kahawaty-in-GEORGES-HOBEIKA-at-the-screening-of-\u2018Capharnaum\u2019-during-the-71st-Cannes-Film-Festival.-125x150.jpeg 125w, https:\/\/www.prestigemag.co\/wp-content\/uploads\/2018\/05\/Jessica-Kahawaty-in-GEORGES-HOBEIKA-at-the-screening-of-\u2018Capharnaum\u2019-during-the-71st-Cannes-Film-Festival.-313x375.jpeg 313w, https:\/\/www.prestigemag.co\/wp-content\/uploads\/2018\/05\/Jessica-Kahawaty-in-GEORGES-HOBEIKA-at-the-screening-of-\u2018Capharnaum\u2019-during-the-71st-Cannes-Film-Festival.-104x125.jpeg 104w, https:\/\/www.prestigemag.co\/wp-content\/uploads\/2018\/05\/Jessica-Kahawaty-in-GEORGES-HOBEIKA-at-the-screening-of-\u2018Capharnaum\u2019-during-the-71st-Cannes-Film-Festival.-56x67.jpeg 56w\" data-lazy-sizes=\"(max-width: 630px) 100vw, 630px\" \/><figcaption id=\"caption-attachment-15310\" class=\"wp-caption-text\"><noscript><img class=\"wp-image-15310 size-full\" src=\"http:\/\/www.prestigemag.co\/wp-content\/uploads\/2018\/05\/Jessica-Kahawaty-in-GEORGES-HOBEIKA-at-the-screening-of-\u2018Capharnaum\u2019-during-the-71st-Cannes-Film-Festival..jpeg\" alt=\"\" width=\"630\" height=\"756\" srcset=\"https:\/\/www.prestigemag.co\/wp-content\/uploads\/2018\/05\/Jessica-Kahawaty-in-GEORGES-HOBEIKA-at-the-screening-of-\u2018Capharnaum\u2019-during-the-71st-Cannes-Film-Festival..jpeg 630w, https:\/\/www.prestigemag.co\/wp-content\/uploads\/2018\/05\/Jessica-Kahawaty-in-GEORGES-HOBEIKA-at-the-screening-of-\u2018Capharnaum\u2019-during-the-71st-Cannes-Film-Festival.-250x300.jpeg 250w, https:\/\/www.prestigemag.co\/wp-content\/uploads\/2018\/05\/Jessica-Kahawaty-in-GEORGES-HOBEIKA-at-the-screening-of-\u2018Capharnaum\u2019-during-the-71st-Cannes-Film-Festival.-125x150.jpeg 125w, https:\/\/www.prestigemag.co\/wp-content\/uploads\/2018\/05\/Jessica-Kahawaty-in-GEORGES-HOBEIKA-at-the-screening-of-\u2018Capharnaum\u2019-during-the-71st-Cannes-Film-Festival.-313x375.jpeg 313w, https:\/\/www.prestigemag.co\/wp-content\/uploads\/2018\/05\/Jessica-Kahawaty-in-GEORGES-HOBEIKA-at-the-screening-of-\u2018Capharnaum\u2019-during-the-71st-Cannes-Film-Festival.-104x125.jpeg 104w, https:\/\/www.prestigemag.co\/wp-content\/uploads\/2018\/05\/Jessica-Kahawaty-in-GEORGES-HOBEIKA-at-the-screening-of-\u2018Capharnaum\u2019-during-the-71st-Cannes-Film-Festival.-56x67.jpeg 56w\" sizes=\"(max-width: 630px) 100vw, 630px\" \/><\/noscript><\/a> Jessica Kahawaty a assist\u00e9 \u00e0 la projection de Capharnaum en Georges Hobeika. \u00a9 Georges Hobeika<\/figcaption><\/figure>\n<p>&nbsp;<\/p>\n<p>&nbsp;<\/p>\n<figure id=\"attachment_15311\" aria-describedby=\"caption-attachment-15311\" style=\"width: 630px\" class=\"wp-caption aligncenter\"><a href=\"http:\/\/www.prestigemag.co\/wp-content\/uploads\/2018\/05\/Sara-Sampaio.jpg\"><img src=\"data:image\/svg+xml,%3Csvg%20xmlns='http:\/\/www.w3.org\/2000\/svg'%20viewBox='0%200%20630%20945'%3E%3C\/svg%3E\" class=\"zeen-lazy-load-base zeen-lazy-load wp-image-15311 size-full\" data-lazy-src=\"http:\/\/www.prestigemag.co\/wp-content\/uploads\/2018\/05\/Sara-Sampaio.jpg\" alt=\"\" width=\"630\" height=\"945\" data-lazy-srcset=\"https:\/\/www.prestigemag.co\/wp-content\/uploads\/2018\/05\/Sara-Sampaio.jpg 630w, https:\/\/www.prestigemag.co\/wp-content\/uploads\/2018\/05\/Sara-Sampaio-200x300.jpg 200w, https:\/\/www.prestigemag.co\/wp-content\/uploads\/2018\/05\/Sara-Sampaio-100x150.jpg 100w, https:\/\/www.prestigemag.co\/wp-content\/uploads\/2018\/05\/Sara-Sampaio-250x375.jpg 250w, https:\/\/www.prestigemag.co\/wp-content\/uploads\/2018\/05\/Sara-Sampaio-83x125.jpg 83w, https:\/\/www.prestigemag.co\/wp-content\/uploads\/2018\/05\/Sara-Sampaio-45x67.jpg 45w\" data-lazy-sizes=\"(max-width: 630px) 100vw, 630px\" \/><figcaption id=\"caption-attachment-15311\" class=\"wp-caption-text\"><noscript><img class=\"wp-image-15311 size-full\" src=\"http:\/\/www.prestigemag.co\/wp-content\/uploads\/2018\/05\/Sara-Sampaio.jpg\" alt=\"\" width=\"630\" height=\"945\" srcset=\"https:\/\/www.prestigemag.co\/wp-content\/uploads\/2018\/05\/Sara-Sampaio.jpg 630w, https:\/\/www.prestigemag.co\/wp-content\/uploads\/2018\/05\/Sara-Sampaio-200x300.jpg 200w, https:\/\/www.prestigemag.co\/wp-content\/uploads\/2018\/05\/Sara-Sampaio-100x150.jpg 100w, https:\/\/www.prestigemag.co\/wp-content\/uploads\/2018\/05\/Sara-Sampaio-250x375.jpg 250w, https:\/\/www.prestigemag.co\/wp-content\/uploads\/2018\/05\/Sara-Sampaio-83x125.jpg 83w, https:\/\/www.prestigemag.co\/wp-content\/uploads\/2018\/05\/Sara-Sampaio-45x67.jpg 45w\" sizes=\"(max-width: 630px) 100vw, 630px\" \/><\/noscript><\/a> Sara Sampaio porte une paire de sandales serpent de Ren\u00e9 Caovilla durant la projection de &lsquo;Solo: A Star Wars Story&rsquo; au Festival de Cannes. \u00a9 Ren\u00e9 Caovilla.<\/figcaption><\/figure>\n<p>&nbsp;<\/p>\n<p>&nbsp;<\/p>\n<p><strong>Palmar\u00e8s de la 71e \u00e9dition du Festival de Cannes:<\/strong><\/p>\n<p><strong>Longs M\u00e9trages<\/strong><\/p>\n<p><strong>Palme d\u2019Or:<\/strong> \u00abManbiki Kazoku\u00bb (Shoplifters) de Hirokazu Kore-eda.<\/p>\n<p><strong>Grand Prix:<\/strong> \u00abBlack Klansman\u00bb de Spike Lee<\/p>\n<p><strong>Prix du jury:<\/strong> \u00abCapharna\u00fcm\u00bb de Nadine Labaki<\/p>\n<p><strong>Prix du meilleur sc\u00e9nario:<\/strong> \u00abThree faces\u00bb de Solmaz panahi et Panah Panahi et \u00abHappy as Lazzaro\u00bb d\u2019Alice Rohrwacher.<\/p>\n<p><strong>Prix de la mise en sc\u00e8ne:<\/strong> \u00abCold War\u00bb de Pawel Pawlikowski<\/p>\n<p><strong>Prix d\u2019interpr\u00e9tation f\u00e9minine:<\/strong> Samal Yeslyamova dans \u00abAyka\u00bb de Sergey Dvortsevoy.<\/p>\n<p><strong>Prix d\u2019interpr\u00e9tation masculine:<\/strong> Marcello Fonte dans \u00abDogman\u00bb par Matteo Garrone.<\/p>\n<p><strong>Cam\u00e9ra d\u2019or:<\/strong> \u00abGirl\u00bb de Lukas Dhont.<\/p>\n<p><strong>Palme d\u2019Or du court m\u00e9trage:<\/strong> \u00abAll these creatures\u00bb de Charles Williams.<\/p>\n<p><strong>Palme d\u2019Or sp\u00e9ciale:<\/strong> Mitra Farahani, collaborateur de Jean-Luc Godard.<\/p>\n","protected":false},"excerpt":{"rendered":"<p><em>Durant 12 jours, les stars se sont succ\u00e9d\u00e9 sur le tapis rouge du Festival de Cannes \u00e9blouissant le public \u00e0 travers leurs apparitions multiples.<\/em><\/p>\n","protected":false},"author":3,"featured_media":22361,"comment_status":"closed","ping_status":"closed","sticky":false,"template":"","format":"standard","meta":[],"categories":[13364,13346],"tags":[],"yoast_head":"<!-- This site is optimized with the Yoast SEO plugin v19.4 - https:\/\/yoast.com\/wordpress\/plugins\/seo\/ -->\n<title>Festival de Cannes: C\u00e9r\u00e9monie de cl\u00f4ture - Prestige Magazine<\/title>\n<meta name=\"description\" content=\"Durant 12 jours, les stars se sont succ\u00e9d\u00e9 sur le tapis rouge du Festival de Cannes \u00e9blouissant le public \u00e0 travers leurs apparitions multiples.\" \/>\n<meta name=\"robots\" content=\"index, follow, max-snippet:-1, max-image-preview:large, max-video-preview:-1\" \/>\n<link rel=\"canonical\" href=\"https:\/\/www.prestigemag.co\/fr\/2018\/05\/festival-de-cannes-ceremonie-de-cloture\/\" \/>\n<meta property=\"og:locale\" content=\"fr_FR\" \/>\n<meta property=\"og:type\" content=\"article\" \/>\n<meta property=\"og:title\" content=\"Festival de Cannes: C\u00e9r\u00e9monie de cl\u00f4ture - Prestige Magazine\" \/>\n<meta property=\"og:description\" content=\"Durant 12 jours, les stars se sont succ\u00e9d\u00e9 sur le tapis rouge du Festival de Cannes \u00e9blouissant le public \u00e0 travers leurs apparitions multiples.\" \/>\n<meta property=\"og:url\" content=\"https:\/\/www.prestigemag.co\/fr\/2018\/05\/festival-de-cannes-ceremonie-de-cloture\/\" \/>\n<meta property=\"og:site_name\" content=\"Prestige Magazine\" \/>\n<meta property=\"article:publisher\" content=\"https:\/\/www.facebook.com\/prestigemag.co\/\" \/>\n<meta property=\"article:published_time\" content=\"2018-05-21T11:45:32+00:00\" \/>\n<meta property=\"og:image\" content=\"https:\/\/www.prestigemag.co\/wp-content\/uploads\/2018\/05\/Cannes-Film-Festival-9.jpg\" \/>\n\t<meta property=\"og:image:width\" content=\"1500\" \/>\n\t<meta property=\"og:image:height\" content=\"613\" \/>\n\t<meta property=\"og:image:type\" content=\"image\/jpeg\" \/>\n<meta name=\"author\" content=\"prestige\" \/>\n<meta name=\"twitter:card\" content=\"summary\" \/>\n<meta name=\"twitter:label1\" content=\"\u00c9crit par\" \/>\n\t<meta name=\"twitter:data1\" content=\"prestige\" \/>\n\t<meta name=\"twitter:label2\" content=\"Dur\u00e9e de lecture estim\u00e9e\" \/>\n\t<meta name=\"twitter:data2\" content=\"2 minutes\" \/>\n<script type=\"application\/ld+json\" class=\"yoast-schema-graph\">{\"@context\":\"https:\/\/schema.org\",\"@graph\":[{\"@type\":\"Organization\",\"@id\":\"https:\/\/www.prestigemag.co\/#organization\",\"name\":\"Prestige\",\"url\":\"https:\/\/www.prestigemag.co\/\",\"sameAs\":[\"https:\/\/www.instagram.com\/prestige.mag\/\",\"https:\/\/www.facebook.com\/prestigemag.co\/\"],\"logo\":{\"@type\":\"ImageObject\",\"inLanguage\":\"fr-FR\",\"@id\":\"https:\/\/www.prestigemag.co\/#\/schema\/logo\/image\/\",\"url\":\"https:\/\/www.prestigemag.co\/wp-content\/uploads\/2021\/11\/logo-Prestige-800x200-1.png\",\"contentUrl\":\"https:\/\/www.prestigemag.co\/wp-content\/uploads\/2021\/11\/logo-Prestige-800x200-1.png\",\"width\":800,\"height\":200,\"caption\":\"Prestige\"},\"image\":{\"@id\":\"https:\/\/www.prestigemag.co\/#\/schema\/logo\/image\/\"}},{\"@type\":\"WebSite\",\"@id\":\"https:\/\/www.prestigemag.co\/#website\",\"url\":\"https:\/\/www.prestigemag.co\/\",\"name\":\"Prestige Magazine\",\"description\":\"Le Monde Des C\u00e9l\u00e9brit\u00e9s\",\"publisher\":{\"@id\":\"https:\/\/www.prestigemag.co\/#organization\"},\"potentialAction\":[{\"@type\":\"SearchAction\",\"target\":{\"@type\":\"EntryPoint\",\"urlTemplate\":\"https:\/\/www.prestigemag.co\/?s={search_term_string}\"},\"query-input\":\"required name=search_term_string\"}],\"inLanguage\":\"fr-FR\"},{\"@type\":\"WebPage\",\"@id\":\"https:\/\/www.prestigemag.co\/fr\/2018\/05\/festival-de-cannes-ceremonie-de-cloture\/\",\"url\":\"https:\/\/www.prestigemag.co\/fr\/2018\/05\/festival-de-cannes-ceremonie-de-cloture\/\",\"name\":\"Festival de Cannes: C\u00e9r\u00e9monie de cl\u00f4ture - Prestige Magazine\",\"isPartOf\":{\"@id\":\"https:\/\/www.prestigemag.co\/#website\"},\"datePublished\":\"2018-05-21T11:45:32+00:00\",\"dateModified\":\"2018-05-21T11:45:32+00:00\",\"description\":\"Durant 12 jours, les stars se sont succ\u00e9d\u00e9 sur le tapis rouge du Festival de Cannes \u00e9blouissant le public \u00e0 travers leurs apparitions multiples.\",\"breadcrumb\":{\"@id\":\"https:\/\/www.prestigemag.co\/fr\/2018\/05\/festival-de-cannes-ceremonie-de-cloture\/#breadcrumb\"},\"inLanguage\":\"fr-FR\",\"potentialAction\":[{\"@type\":\"ReadAction\",\"target\":[\"https:\/\/www.prestigemag.co\/fr\/2018\/05\/festival-de-cannes-ceremonie-de-cloture\/\"]}]},{\"@type\":\"BreadcrumbList\",\"@id\":\"https:\/\/www.prestigemag.co\/fr\/2018\/05\/festival-de-cannes-ceremonie-de-cloture\/#breadcrumb\",\"itemListElement\":[{\"@type\":\"ListItem\",\"position\":1,\"name\":\"Home\",\"item\":\"https:\/\/www.prestigemag.co\/fr\/\"},{\"@type\":\"ListItem\",\"position\":2,\"name\":\"Festival de Cannes: C\u00e9r\u00e9monie de cl\u00f4ture\"}]},{\"@type\":\"Article\",\"@id\":\"https:\/\/www.prestigemag.co\/fr\/2018\/05\/festival-de-cannes-ceremonie-de-cloture\/#article\",\"isPartOf\":{\"@id\":\"https:\/\/www.prestigemag.co\/fr\/2018\/05\/festival-de-cannes-ceremonie-de-cloture\/\"},\"author\":{\"name\":\"prestige\",\"@id\":\"https:\/\/www.prestigemag.co\/#\/schema\/person\/e3f149368970128d68bb2d797bf30fbc\"},\"headline\":\"Festival de Cannes: C\u00e9r\u00e9monie de cl\u00f4ture\",\"datePublished\":\"2018-05-21T11:45:32+00:00\",\"dateModified\":\"2018-05-21T11:45:32+00:00\",\"mainEntityOfPage\":{\"@id\":\"https:\/\/www.prestigemag.co\/fr\/2018\/05\/festival-de-cannes-ceremonie-de-cloture\/\"},\"wordCount\":448,\"publisher\":{\"@id\":\"https:\/\/www.prestigemag.co\/#organization\"},\"articleSection\":[\"C\u00e9l\u00e9brit\u00e9s &amp; Tapis Rouge\",\"Mode\"],\"inLanguage\":\"fr-FR\"},{\"@type\":\"Person\",\"@id\":\"https:\/\/www.prestigemag.co\/#\/schema\/person\/e3f149368970128d68bb2d797bf30fbc\",\"name\":\"prestige\",\"image\":{\"@type\":\"ImageObject\",\"inLanguage\":\"fr-FR\",\"@id\":\"https:\/\/www.prestigemag.co\/#\/schema\/person\/image\/\",\"url\":\"https:\/\/secure.gravatar.com\/avatar\/0aa2dff5484d35e50578639a2c3ccef9?s=96&d=mm&r=g\",\"contentUrl\":\"https:\/\/secure.gravatar.com\/avatar\/0aa2dff5484d35e50578639a2c3ccef9?s=96&d=mm&r=g\",\"caption\":\"prestige\"},\"url\":\"https:\/\/www.prestigemag.co\/fr\/author\/prestige\/\"}]}<\/script>\n<!-- \/ Yoast SEO plugin. -->","yoast_head_json":{"title":"Festival de Cannes: C\u00e9r\u00e9monie de cl\u00f4ture - Prestige Magazine","description":"Durant 12 jours, les stars se sont succ\u00e9d\u00e9 sur le tapis rouge du Festival de Cannes \u00e9blouissant le public \u00e0 travers leurs apparitions multiples.","robots":{"index":"index","follow":"follow","max-snippet":"max-snippet:-1","max-image-preview":"max-image-preview:large","max-video-preview":"max-video-preview:-1"},"canonical":"https:\/\/www.prestigemag.co\/fr\/2018\/05\/festival-de-cannes-ceremonie-de-cloture\/","og_locale":"fr_FR","og_type":"article","og_title":"Festival de Cannes: C\u00e9r\u00e9monie de cl\u00f4ture - Prestige Magazine","og_description":"Durant 12 jours, les stars se sont succ\u00e9d\u00e9 sur le tapis rouge du Festival de Cannes \u00e9blouissant le public \u00e0 travers leurs apparitions multiples.","og_url":"https:\/\/www.prestigemag.co\/fr\/2018\/05\/festival-de-cannes-ceremonie-de-cloture\/","og_site_name":"Prestige Magazine","article_publisher":"https:\/\/www.facebook.com\/prestigemag.co\/","article_published_time":"2018-05-21T11:45:32+00:00","og_image":[{"width":1500,"height":613,"url":"https:\/\/www.prestigemag.co\/wp-content\/uploads\/2018\/05\/Cannes-Film-Festival-9.jpg","type":"image\/jpeg"}],"author":"prestige","twitter_card":"summary","twitter_misc":{"\u00c9crit par":"prestige","Dur\u00e9e de lecture estim\u00e9e":"2 minutes"},"schema":{"@context":"https:\/\/schema.org","@graph":[{"@type":"Organization","@id":"https:\/\/www.prestigemag.co\/#organization","name":"Prestige","url":"https:\/\/www.prestigemag.co\/","sameAs":["https:\/\/www.instagram.com\/prestige.mag\/","https:\/\/www.facebook.com\/prestigemag.co\/"],"logo":{"@type":"ImageObject","inLanguage":"fr-FR","@id":"https:\/\/www.prestigemag.co\/#\/schema\/logo\/image\/","url":"https:\/\/www.prestigemag.co\/wp-content\/uploads\/2021\/11\/logo-Prestige-800x200-1.png","contentUrl":"https:\/\/www.prestigemag.co\/wp-content\/uploads\/2021\/11\/logo-Prestige-800x200-1.png","width":800,"height":200,"caption":"Prestige"},"image":{"@id":"https:\/\/www.prestigemag.co\/#\/schema\/logo\/image\/"}},{"@type":"WebSite","@id":"https:\/\/www.prestigemag.co\/#website","url":"https:\/\/www.prestigemag.co\/","name":"Prestige Magazine","description":"Le Monde Des C\u00e9l\u00e9brit\u00e9s","publisher":{"@id":"https:\/\/www.prestigemag.co\/#organization"},"potentialAction":[{"@type":"SearchAction","target":{"@type":"EntryPoint","urlTemplate":"https:\/\/www.prestigemag.co\/?s={search_term_string}"},"query-input":"required name=search_term_string"}],"inLanguage":"fr-FR"},{"@type":"WebPage","@id":"https:\/\/www.prestigemag.co\/fr\/2018\/05\/festival-de-cannes-ceremonie-de-cloture\/","url":"https:\/\/www.prestigemag.co\/fr\/2018\/05\/festival-de-cannes-ceremonie-de-cloture\/","name":"Festival de Cannes: C\u00e9r\u00e9monie de cl\u00f4ture - Prestige Magazine","isPartOf":{"@id":"https:\/\/www.prestigemag.co\/#website"},"datePublished":"2018-05-21T11:45:32+00:00","dateModified":"2018-05-21T11:45:32+00:00","description":"Durant 12 jours, les stars se sont succ\u00e9d\u00e9 sur le tapis rouge du Festival de Cannes \u00e9blouissant le public \u00e0 travers leurs apparitions multiples.","breadcrumb":{"@id":"https:\/\/www.prestigemag.co\/fr\/2018\/05\/festival-de-cannes-ceremonie-de-cloture\/#breadcrumb"},"inLanguage":"fr-FR","potentialAction":[{"@type":"ReadAction","target":["https:\/\/www.prestigemag.co\/fr\/2018\/05\/festival-de-cannes-ceremonie-de-cloture\/"]}]},{"@type":"BreadcrumbList","@id":"https:\/\/www.prestigemag.co\/fr\/2018\/05\/festival-de-cannes-ceremonie-de-cloture\/#breadcrumb","itemListElement":[{"@type":"ListItem","position":1,"name":"Home","item":"https:\/\/www.prestigemag.co\/fr\/"},{"@type":"ListItem","position":2,"name":"Festival de Cannes: C\u00e9r\u00e9monie de cl\u00f4ture"}]},{"@type":"Article","@id":"https:\/\/www.prestigemag.co\/fr\/2018\/05\/festival-de-cannes-ceremonie-de-cloture\/#article","isPartOf":{"@id":"https:\/\/www.prestigemag.co\/fr\/2018\/05\/festival-de-cannes-ceremonie-de-cloture\/"},"author":{"name":"prestige","@id":"https:\/\/www.prestigemag.co\/#\/schema\/person\/e3f149368970128d68bb2d797bf30fbc"},"headline":"Festival de Cannes: C\u00e9r\u00e9monie de cl\u00f4ture","datePublished":"2018-05-21T11:45:32+00:00","dateModified":"2018-05-21T11:45:32+00:00","mainEntityOfPage":{"@id":"https:\/\/www.prestigemag.co\/fr\/2018\/05\/festival-de-cannes-ceremonie-de-cloture\/"},"wordCount":448,"publisher":{"@id":"https:\/\/www.prestigemag.co\/#organization"},"articleSection":["C\u00e9l\u00e9brit\u00e9s &amp; Tapis Rouge","Mode"],"inLanguage":"fr-FR"},{"@type":"Person","@id":"https:\/\/www.prestigemag.co\/#\/schema\/person\/e3f149368970128d68bb2d797bf30fbc","name":"prestige","image":{"@type":"ImageObject","inLanguage":"fr-FR","@id":"https:\/\/www.prestigemag.co\/#\/schema\/person\/image\/","url":"https:\/\/secure.gravatar.com\/avatar\/0aa2dff5484d35e50578639a2c3ccef9?s=96&d=mm&r=g","contentUrl":"https:\/\/secure.gravatar.com\/avatar\/0aa2dff5484d35e50578639a2c3ccef9?s=96&d=mm&r=g","caption":"prestige"},"url":"https:\/\/www.prestigemag.co\/fr\/author\/prestige\/"}]}},"_links":{"self":[{"href":"https:\/\/www.prestigemag.co\/fr\/wp-json\/wp\/v2\/posts\/22360"}],"collection":[{"href":"https:\/\/www.prestigemag.co\/fr\/wp-json\/wp\/v2\/posts"}],"about":[{"href":"https:\/\/www.prestigemag.co\/fr\/wp-json\/wp\/v2\/types\/post"}],"author":[{"embeddable":true,"href":"https:\/\/www.prestigemag.co\/fr\/wp-json\/wp\/v2\/users\/3"}],"replies":[{"embeddable":true,"href":"https:\/\/www.prestigemag.co\/fr\/wp-json\/wp\/v2\/comments?post=22360"}],"version-history":[{"count":0,"href":"https:\/\/www.prestigemag.co\/fr\/wp-json\/wp\/v2\/posts\/22360\/revisions"}],"wp:featuredmedia":[{"embeddable":true,"href":"https:\/\/www.prestigemag.co\/fr\/wp-json\/wp\/v2\/media\/22361"}],"wp:attachment":[{"href":"https:\/\/www.prestigemag.co\/fr\/wp-json\/wp\/v2\/media?parent=22360"}],"wp:term":[{"taxonomy":"category","embeddable":true,"href":"https:\/\/www.prestigemag.co\/fr\/wp-json\/wp\/v2\/categories?post=22360"},{"taxonomy":"post_tag","embeddable":true,"href":"https:\/\/www.prestigemag.co\/fr\/wp-json\/wp\/v2\/tags?post=22360"}],"curies":[{"name":"wp","href":"https:\/\/api.w.org\/{rel}","templated":true}]}}