{"id":22423,"date":"2018-07-05T08:12:59","date_gmt":"2018-07-05T08:12:59","guid":{"rendered":"http:\/\/www.prestigemag.co\/2018\/07\/paula-la-rebelle\/"},"modified":"2018-07-05T08:12:59","modified_gmt":"2018-07-05T08:12:59","slug":"paula-la-rebelle","status":"publish","type":"post","link":"https:\/\/www.prestigemag.co\/fr\/2018\/07\/paula-la-rebelle\/","title":{"rendered":"Paula La Rebelle"},"content":{"rendered":"<p><em>Prestige N 290, juin 2018<\/em><\/p>\n<p>&nbsp;<\/p>\n<h3>Une femme de fer dans un gant de velours<\/h3>\n<h3>Paula la rebelle est une surdou\u00e9e qui a de qui tenir. Son a\u00efeul \u00e9tait l\u2019Emir de Zeitoun en Arm\u00e9nie. Nous l\u2019avons rencontr\u00e9e apr\u00e8s son \u00e9lection \u00e0 la Chambre des d\u00e9put\u00e9s du Liban. Toujours survolt\u00e9e et remplie d\u2019\u00e9nergie contagieuse. Elle souhaite entra\u00eener derri\u00e8re elle la jeunesse libanaise assoiff\u00e9e de changement. Arrivera-t-elle \u00e0 briser les tabous?&#8230; Les non-dits et les deals sous la table?&#8230;Paula r\u00eave d\u2019un monde meilleur. Est-ce une utopie?&#8230; Y r\u00e9ussira-t-elle toute seule?&#8230; \u00abVouloir c\u2019est pouvoir\u00bb, dit un dicton. Mais \u00abUne main seule ne peut pas applaudir\u00bb, dit un autre dicton. Que lui r\u00e9serve l\u2019avenir? Croisons les doigts, car nous r\u00eavons tous d\u2019un monde meilleur.<\/h3>\n<p>&nbsp;<\/p>\n<figure id=\"attachment_15487\" aria-describedby=\"caption-attachment-15487\" style=\"width: 1000px\" class=\"wp-caption aligncenter\"><a href=\"http:\/\/www.prestigemag.co\/wp-content\/uploads\/2018\/07\/Paula-Yacoubian.jpg\"><img src=\"data:image\/svg+xml,%3Csvg%20xmlns='http:\/\/www.w3.org\/2000\/svg'%20viewBox='0%200%201000%20409'%3E%3C\/svg%3E\" class=\"zeen-lazy-load-base zeen-lazy-load wp-image-15487 size-full\" data-lazy-src=\"http:\/\/www.prestigemag.co\/wp-content\/uploads\/2018\/07\/Paula-Yacoubian.jpg\" alt=\"\" width=\"1000\" height=\"409\" data-lazy-srcset=\"https:\/\/www.prestigemag.co\/wp-content\/uploads\/2018\/07\/Paula-Yacoubian.jpg 1000w, https:\/\/www.prestigemag.co\/wp-content\/uploads\/2018\/07\/Paula-Yacoubian-300x123.jpg 300w, https:\/\/www.prestigemag.co\/wp-content\/uploads\/2018\/07\/Paula-Yacoubian-770x315.jpg 770w, https:\/\/www.prestigemag.co\/wp-content\/uploads\/2018\/07\/Paula-Yacoubian-293x120.jpg 293w, https:\/\/www.prestigemag.co\/wp-content\/uploads\/2018\/07\/Paula-Yacoubian-390x160.jpg 390w, https:\/\/www.prestigemag.co\/wp-content\/uploads\/2018\/07\/Paula-Yacoubian-768x314.jpg 768w, https:\/\/www.prestigemag.co\/wp-content\/uploads\/2018\/07\/Paula-Yacoubian-150x61.jpg 150w, https:\/\/www.prestigemag.co\/wp-content\/uploads\/2018\/07\/Paula-Yacoubian-600x245.jpg 600w, https:\/\/www.prestigemag.co\/wp-content\/uploads\/2018\/07\/Paula-Yacoubian-291x119.jpg 291w, https:\/\/www.prestigemag.co\/wp-content\/uploads\/2018\/07\/Paula-Yacoubian-164x67.jpg 164w\" data-lazy-sizes=\"(max-width: 1000px) 100vw, 1000px\" \/><figcaption id=\"caption-attachment-15487\" class=\"wp-caption-text\"><noscript><img class=\"wp-image-15487 size-full\" src=\"http:\/\/www.prestigemag.co\/wp-content\/uploads\/2018\/07\/Paula-Yacoubian.jpg\" alt=\"\" width=\"1000\" height=\"409\" srcset=\"https:\/\/www.prestigemag.co\/wp-content\/uploads\/2018\/07\/Paula-Yacoubian.jpg 1000w, https:\/\/www.prestigemag.co\/wp-content\/uploads\/2018\/07\/Paula-Yacoubian-300x123.jpg 300w, https:\/\/www.prestigemag.co\/wp-content\/uploads\/2018\/07\/Paula-Yacoubian-770x315.jpg 770w, https:\/\/www.prestigemag.co\/wp-content\/uploads\/2018\/07\/Paula-Yacoubian-293x120.jpg 293w, https:\/\/www.prestigemag.co\/wp-content\/uploads\/2018\/07\/Paula-Yacoubian-390x160.jpg 390w, https:\/\/www.prestigemag.co\/wp-content\/uploads\/2018\/07\/Paula-Yacoubian-768x314.jpg 768w, https:\/\/www.prestigemag.co\/wp-content\/uploads\/2018\/07\/Paula-Yacoubian-150x61.jpg 150w, https:\/\/www.prestigemag.co\/wp-content\/uploads\/2018\/07\/Paula-Yacoubian-600x245.jpg 600w, https:\/\/www.prestigemag.co\/wp-content\/uploads\/2018\/07\/Paula-Yacoubian-291x119.jpg 291w, https:\/\/www.prestigemag.co\/wp-content\/uploads\/2018\/07\/Paula-Yacoubian-164x67.jpg 164w\" sizes=\"(max-width: 1000px) 100vw, 1000px\" \/><\/noscript><\/a> \u00a9 Prestige\/Photo: JC Bejjani<\/figcaption><\/figure>\n<p>&nbsp;<\/p>\n<h3>Seule une puissante volont\u00e9 peut faire d\u00e9placer des montagnes&#8230;<\/h3>\n<h3>La deput\u00e9e Paulette Sirakan Yaghobian, alias Paula Yacoubian a plac\u00e9 la barre tr\u00e8s haut.<\/h3>\n<p>&nbsp;<\/p>\n<p><strong><em>Journaliste \u00e0 l\u2019\u00e2ge de 17 ans, tr\u00e8s vite star de la t\u00e9l\u00e9 et actuellement vous vivez votre premi\u00e8re exp\u00e9rience de d\u00e9put\u00e9e \u00e9lue. Quelles sont vos impressions?<\/em><\/strong> Je sens que j\u2019ai une tr\u00e8s lourde responsabilit\u00e9. Beaucoup, au Liban, ne s\u2019attendaient pas \u00e0 voir une femme d\u00e9put\u00e9e \u00e9lue en dehors du cercle ferm\u00e9 des partis existants et pr\u00e9dominants depuis des d\u00e9cennies. Seul Najah Wakim avait bris\u00e9 la tradition en 1972 \u00e0 Beyrouth. Il est n\u00e9cessaire de cr\u00e9er une opposition r\u00e9elle et effective. L\u2019opposition \u00abtemporaire\u00bb, pr\u00e9sente au sein des partis existants est variable et d\u00e9pend de l\u2019int\u00e9r\u00eat de chacun. J\u2019ai \u00e9t\u00e9 la seule candidate de Koullouna Watani \u00e0 \u00eatre \u00e9lue, alors que nous aurions pu avoir quatre d\u00e9put\u00e9s, si le Liban formait une circonscription unique avec un vote proportionnel. Achrafieh n\u2019est que le d\u00e9but de notre extension.<\/p>\n<p><strong><em>Votre r\u00e9ussite a-t-elle \u00e9t\u00e9 facile ou bien avez-vous \u00e9t\u00e9 combattue?<\/em><\/strong> Ma campagne \u00e9lectorale a \u00e9t\u00e9 tr\u00e8s dure. J\u2019ai r\u00e9ussi \u00e0 faire une perc\u00e9e au sein des partis gouvernants malgr\u00e9 la difficult\u00e9 d\u2019acc\u00e8s aux m\u00e9dias, sans oublier les organismes officiels sous la houlette de l\u2019Etat ainsi que l\u2019argent d\u00e9pens\u00e9 pour attirer les votes. J\u2019ai \u00e9t\u00e9 victime de m\u00e9disances, de mensonges, voire d\u2019agressions sur mes partisans. Mes concurrents ont tenu \u00e0 r\u00e9pandre partout la rumeur que le vote pour la Soci\u00e9t\u00e9 civile est un vote inutile. Je veux leur dire que le seul vote utile est pour l\u2019opposition. Vu le faible pourcentage de participation, je pense que nos efforts destin\u00e9s \u00e0 faire parvenir ce message n\u2019ont pas port\u00e9 les fruits souhait\u00e9s, n\u2019ayant pas de budget suffisant pour passer dans les m\u00e9dias. Le seul vote utile au Liban est le vote sanction, pour contraindre l\u2019Etat \u00e0 am\u00e9liorer sa performance.<\/p>\n<p><strong><em>Vous avez \u00e9t\u00e9 l\u2019unique journaliste \u00e0 avoir r\u00e9ussi parmi toutes celles qui se sont pr\u00e9sent\u00e9es. A quoi est d\u00fb ce succ\u00e8s?<\/em><\/strong> <strong><em>A la confiance des \u00e9lecteurs ou au fait que vous \u00eates arm\u00e9nienne?<\/em><\/strong> Mon statut d\u2019arm\u00e9nienne n\u2019a rien \u00e0 voir avec mon \u00e9lection. J\u2019ai eu 20% des voix des arm\u00e9niens. Je suis venue juste apr\u00e8s un candidat du Tachnak et j\u2019ai d\u00e9pass\u00e9 le second candidat du parti. J\u2019ai m\u00eame obtenu des voix dans toutes les urnes des diff\u00e9rentes confessions. N\u00e9anmoins, avec mon slogan patriotique et rassembleur, \u00abEnsemble continuons. Un peuple uni pour un Etat fort\u00bb, je m\u2019attendais \u00e0 une plus grande participation.<\/p>\n<p>&nbsp;<\/p>\n<p>&nbsp;<\/p>\n<figure id=\"attachment_15488\" aria-describedby=\"caption-attachment-15488\" style=\"width: 787px\" class=\"wp-caption aligncenter\"><a href=\"http:\/\/www.prestigemag.co\/wp-content\/uploads\/2018\/07\/C7A9961.jpg\"><img src=\"data:image\/svg+xml,%3Csvg%20xmlns='http:\/\/www.w3.org\/2000\/svg'%20viewBox='0%200%20787%20525'%3E%3C\/svg%3E\" class=\"zeen-lazy-load-base zeen-lazy-load wp-image-15488 size-full\" data-lazy-src=\"http:\/\/www.prestigemag.co\/wp-content\/uploads\/2018\/07\/C7A9961.jpg\" alt=\"\" width=\"787\" height=\"525\" data-lazy-srcset=\"https:\/\/www.prestigemag.co\/wp-content\/uploads\/2018\/07\/C7A9961.jpg 787w, https:\/\/www.prestigemag.co\/wp-content\/uploads\/2018\/07\/C7A9961-300x200.jpg 300w, https:\/\/www.prestigemag.co\/wp-content\/uploads\/2018\/07\/C7A9961-768x512.jpg 768w, https:\/\/www.prestigemag.co\/wp-content\/uploads\/2018\/07\/C7A9961-150x100.jpg 150w, https:\/\/www.prestigemag.co\/wp-content\/uploads\/2018\/07\/C7A9961-562x375.jpg 562w, https:\/\/www.prestigemag.co\/wp-content\/uploads\/2018\/07\/C7A9961-187x125.jpg 187w, https:\/\/www.prestigemag.co\/wp-content\/uploads\/2018\/07\/C7A9961-100x67.jpg 100w\" data-lazy-sizes=\"(max-width: 787px) 100vw, 787px\" \/><figcaption id=\"caption-attachment-15488\" class=\"wp-caption-text\"><noscript><img class=\"wp-image-15488 size-full\" src=\"http:\/\/www.prestigemag.co\/wp-content\/uploads\/2018\/07\/C7A9961.jpg\" alt=\"\" width=\"787\" height=\"525\" srcset=\"https:\/\/www.prestigemag.co\/wp-content\/uploads\/2018\/07\/C7A9961.jpg 787w, https:\/\/www.prestigemag.co\/wp-content\/uploads\/2018\/07\/C7A9961-300x200.jpg 300w, https:\/\/www.prestigemag.co\/wp-content\/uploads\/2018\/07\/C7A9961-768x512.jpg 768w, https:\/\/www.prestigemag.co\/wp-content\/uploads\/2018\/07\/C7A9961-150x100.jpg 150w, https:\/\/www.prestigemag.co\/wp-content\/uploads\/2018\/07\/C7A9961-562x375.jpg 562w, https:\/\/www.prestigemag.co\/wp-content\/uploads\/2018\/07\/C7A9961-187x125.jpg 187w, https:\/\/www.prestigemag.co\/wp-content\/uploads\/2018\/07\/C7A9961-100x67.jpg 100w\" sizes=\"(max-width: 787px) 100vw, 787px\" \/><\/noscript><\/a> \u00a9 Prestige\/ Photo: JC Bejjani<\/figcaption><\/figure>\n<p>&nbsp;<\/p>\n<h3>\u00abSurveiller et demander des comptes sera mon r\u00f4le au Parlement.\u00bb<\/h3>\n<p>&nbsp;<\/p>\n<p><strong><em>Quelles sont, \u00e0 votre avis, les raisons qui ont amen\u00e9 les \u00e9lecteurs \u00e0 voter pour vous?<\/em><\/strong> Le fait d\u2019\u00eatre une figure connue du grand public a \u00e9norm\u00e9ment favoris\u00e9 mon \u00e9lection. J\u2019ai investi toutes mes connaissances et tous les r\u00e9seaux sociaux disponibles, pour sensibiliser les \u00e9lecteurs \u00e0 notre cause et \u00e0 notre programme exhaustif.<\/p>\n<p><strong><em>Paula Yacoubian ou Paulette Sirakan Yaghobian&#8230; Quel nom vous ressemble le plus?<\/em><\/strong> Bien que Paulette Yaghobian soit le nom figurant sur ma carte d\u2019identit\u00e9, Paula est le nom qui me ressemble le plus, car depuis mon enfance, tout le monde m\u2019appelait tout simplement Paula.<\/p>\n<p><strong><em>Un souvenir des \u00e9lections qui vous a le plus marqu\u00e9e?<\/em><\/strong> La propagande faite \u00e0 mon sujet aupr\u00e8s des \u00e9lecteurs arm\u00e9niens qui me posaient des questions surprenantes. Une campagne f\u00e9roce et mensong\u00e8re a \u00e9t\u00e9 men\u00e9e allant jusqu\u2019\u00e0 menacer des personnes qui me secondaient. J\u2019ai senti que le peuple a vraiment besoin de sensibilisation.<\/p>\n<p><strong><em>Vous avez interview\u00e9 la quasi-totalit\u00e9 des personnalit\u00e9s politiques et vous entretenez avec eux des liens d\u2019amiti\u00e9. Vous connaissez bien l\u2019envers du d\u00e9cor politique. Qu\u2019est-ce qui vous a pouss\u00e9e \u00e0 changer de r\u00f4le et \u00e0 vous pr\u00e9senter aux \u00e9lections?<\/em><\/strong> Il est vrai que j\u2019ai interview\u00e9 de nombreux politiciens, mais les liens d\u2019amiti\u00e9 n\u2019y figuraient pas toujours. Je critiquais les politiques de diff\u00e9rents partis et courants, et eux aussi m\u2019attaquaient. Je critiquais tout en gardant l\u2019espoir de faire des r\u00e9formes de l\u2019int\u00e9rieur. De changer la mani\u00e8re de penser des gens. Nous sommes un pays d\u00e9mocrate dans la forme seulement. Ma d\u00e9cision de m\u2019engager dans la voie politique a \u00e9t\u00e9 prise \u00e0 la suite des fameuses discussions frauduleuses autour de la fermeture du d\u00e9potoir de Bourj Hammoud entre 2015-2016.<\/p>\n<p><strong><em>Quel est votre programme \u00e9lectoral? Vos priorit\u00e9s?<\/em><\/strong> Mon r\u00f4le au Parlement sera de surveiller et de demander des comptes \u00e0 l\u2019Etat. Koullouna Watani est le premier mouvement anti-establishment, un courant d\u2019opposition, de sensibilisation et de responsabilit\u00e9. Nous avons propos\u00e9 un programme de coalition nationale exhaustif, \u00e0 tous les niveaux. Un plan destin\u00e9 \u00e0 former un citoyen capable de travailler dans l\u2019int\u00e9r\u00eat de son pays. La loi \u00e9lectorale n\u2019a pas prouv\u00e9 son efficacit\u00e9 et doit \u00eatre modifi\u00e9e. J\u2019ai pr\u00e9sent\u00e9 un projet \u00e0 l\u2019oppos\u00e9 de la loi orthodoxe de 2011. 64 d\u00e9put\u00e9s chr\u00e9tiens voteront pour les d\u00e9put\u00e9s musulmans et vice-versa, \u00e0 raison d\u2019une circonscription unique, mais avec une meilleure repr\u00e9sentation, plus juste et plus \u00e9quitable. Ainsi le discours politique ne sera plus sectaire, mais national et unifi\u00e9, pour aboutir \u00e0 un pays productif. Evidemment cela se r\u00e9alisera en deux ou trois \u00e9tapes successives. Parmi mes priorit\u00e9s figurent \u00e9galement les campagnes de sensibilisation que je menais depuis quinze ans et que je continuerais \u00e0 mener dans les \u00e9coles et les facult\u00e9s, en gardant le m\u00eame discours. La pr\u00e9sence effective sur le terrain fait \u00e9galement partie de mes priorit\u00e9s si la cause que nous d\u00e9fendons est d\u2019ordre public.<\/p>\n<p><strong><em>Quel est votre plan d\u2019action pour les jeunes?<\/em><\/strong> Nous avons une responsabilit\u00e9 \u00e9norme vis-\u00e0-vis de ces jeunes en d\u00e9sespoir de cause, qui vivent coll\u00e9s \u00e0 leur smartphone. Le pays ploie sous le fardeau des 100 milliards de dettes, il est priv\u00e9 de courant \u00e9lectrique, et les gouvernants abusent effront\u00e9ment de leur pouvoir et n\u2019ont de compte \u00e0 rendre \u00e0 personne. A mon avis, ces \u00e9lections mettront fin \u00e0 la \u00abclasse de la guerre\u00bb. Le fait de sensibiliser les jeunes \u00e0 sortir de leur mutisme est certes essentiel, mais insuffisant. Il est capital de les sensibiliser \u00e0 aller sur le terrain r\u00e9clamer une meilleure performance de la fonction publique. Demander des comptes aux responsables est inexistant au Liban. C\u2019est une culture qu\u2019il faut d\u00e9velopper.<\/p>\n<p>&nbsp;<\/p>\n<p>&nbsp;<\/p>\n<figure id=\"attachment_15489\" aria-describedby=\"caption-attachment-15489\" style=\"width: 787px\" class=\"wp-caption aligncenter\"><a href=\"http:\/\/www.prestigemag.co\/wp-content\/uploads\/2018\/07\/C7A0067.jpg\"><img src=\"data:image\/svg+xml,%3Csvg%20xmlns='http:\/\/www.w3.org\/2000\/svg'%20viewBox='0%200%20787%20525'%3E%3C\/svg%3E\" class=\"zeen-lazy-load-base zeen-lazy-load wp-image-15489 size-full\" data-lazy-src=\"http:\/\/www.prestigemag.co\/wp-content\/uploads\/2018\/07\/C7A0067.jpg\" alt=\"\" width=\"787\" height=\"525\" data-lazy-srcset=\"https:\/\/www.prestigemag.co\/wp-content\/uploads\/2018\/07\/C7A0067.jpg 787w, https:\/\/www.prestigemag.co\/wp-content\/uploads\/2018\/07\/C7A0067-300x200.jpg 300w, https:\/\/www.prestigemag.co\/wp-content\/uploads\/2018\/07\/C7A0067-768x512.jpg 768w, https:\/\/www.prestigemag.co\/wp-content\/uploads\/2018\/07\/C7A0067-150x100.jpg 150w, https:\/\/www.prestigemag.co\/wp-content\/uploads\/2018\/07\/C7A0067-562x375.jpg 562w, https:\/\/www.prestigemag.co\/wp-content\/uploads\/2018\/07\/C7A0067-187x125.jpg 187w, https:\/\/www.prestigemag.co\/wp-content\/uploads\/2018\/07\/C7A0067-100x67.jpg 100w\" data-lazy-sizes=\"(max-width: 787px) 100vw, 787px\" \/><figcaption id=\"caption-attachment-15489\" class=\"wp-caption-text\"><noscript><img class=\"wp-image-15489 size-full\" src=\"http:\/\/www.prestigemag.co\/wp-content\/uploads\/2018\/07\/C7A0067.jpg\" alt=\"\" width=\"787\" height=\"525\" srcset=\"https:\/\/www.prestigemag.co\/wp-content\/uploads\/2018\/07\/C7A0067.jpg 787w, https:\/\/www.prestigemag.co\/wp-content\/uploads\/2018\/07\/C7A0067-300x200.jpg 300w, https:\/\/www.prestigemag.co\/wp-content\/uploads\/2018\/07\/C7A0067-768x512.jpg 768w, https:\/\/www.prestigemag.co\/wp-content\/uploads\/2018\/07\/C7A0067-150x100.jpg 150w, https:\/\/www.prestigemag.co\/wp-content\/uploads\/2018\/07\/C7A0067-562x375.jpg 562w, https:\/\/www.prestigemag.co\/wp-content\/uploads\/2018\/07\/C7A0067-187x125.jpg 187w, https:\/\/www.prestigemag.co\/wp-content\/uploads\/2018\/07\/C7A0067-100x67.jpg 100w\" sizes=\"(max-width: 787px) 100vw, 787px\" \/><\/noscript><\/a> \u00a9Prestige\/ Photo: JC Bejjani<\/figcaption><\/figure>\n<p>&nbsp;<\/p>\n<h3>\u00abMon credo est un peuple uni pour un Etat fort.\u00bb<\/h3>\n<p>&nbsp;<\/p>\n<p><strong><em>Vous refusez une liste \u00e9lectorale o\u00f9 la femme n\u2019est pas repr\u00e9sent\u00e9e&#8230;<\/em><\/strong> Le Liban figure en fin de liste des pays en mati\u00e8re de repr\u00e9sentation de la femme. Il est important de donner aux femmes comp\u00e9tentes et ind\u00e9pendantes la chance de figurer au moins sur la liste des candidatures. La diversit\u00e9 est essentielle. Il est temps que la femme dou\u00e9e puisse prendre part \u00e0 la gouvernance. Et la femme libanaise est capable de grandes r\u00e9alisations. Jusqu\u2019\u00e0 pr\u00e9sent ce sont les Europ\u00e9ens qui encouragent \u00e9norm\u00e9ment la femme \u00e0 se confirmer.<\/p>\n<p><strong><em>Allez-vous entrer dans une coalition?<\/em><\/strong> Je refuse de faire partie d\u2019une coalition quelconque. Au fait, je voudrais r\u00e9pondre \u00e0 ceux qui ont fait courir des rumeurs que j\u2019ai demand\u00e9 un num\u00e9ro d\u2019immatriculation \u00abprivil\u00e9gi\u00e9\u00bb pour ma voiture. Ce num\u00e9ro ne m\u2019int\u00e9resse pas.<\/p>\n<p><strong><em>Etes-vous \u00e9cologiste? Comptez-vous \u0153uvrer dans ce domaine? Comment?<\/em><\/strong> J\u2019ai travaill\u00e9 avec un bon nombre d\u2019organisations \u00e9cologiques. L\u2019\u00e9cologie est une affaire de sensibilisation. J\u2019ai soutenu des projets de recyclage et collabor\u00e9 avec les municipalit\u00e9s sur le \u00abBoost upcycling\u00bb. Je continuerai \u00e0 \u0153uvrer pour l\u2019environnement m\u00eame si j\u2019estime que mon action dans ce domaine n\u2019a pas eu l\u2019impact souhait\u00e9. Bonne nouvelle: Je crois pouvoir r\u00e9ussir \u00e0 fermer le d\u00e9potoir de la Quarantaine, qui a trois ans. Je me suis engag\u00e9e devant la municipalit\u00e9 d\u2019aller avec les jeunes sur le terrain et d\u2019enlever les ordures. Celles-ci seront enfouies dans la d\u00e9charge pr\u00e9vue \u00e0 cet effet.<\/p>\n<h3>\u00abUn candidat \u00e9ligible doit avoir des nerfs d\u2019acier, du souffle,\u00a0de la hardiesse, ainsi que le don et la capacit\u00e9 de faire face\u00a0au mensonge et \u00e0 l\u2019abus du pouvoir.\u00bb<\/h3>\n<p><strong><em>Les atouts d\u2019un candidat \u00e9ligible, selon Paula&#8230;<\/em><\/strong> Un candidat \u00e9ligible doit tout d\u2019abord avoir des nerfs d\u2019acier, du souffle, de la hardiesse. Ensuite, avoir le don et la capacit\u00e9 de faire face au mensonge et \u00e0 l\u2019abus du pouvoir.<\/p>\n<p><strong><em>Une promesse faite \u00e0 vos \u00e9lecteurs et dont vous \u00eates s\u00fbre de pouvoir honorer&#8230;<\/em><\/strong> Je leur promets de ne jamais concilier all\u00e9geance au pouvoir et opposition. Que l\u2019opposition soit uniquement opposition et l\u2019all\u00e9geance uniquement all\u00e9geance. On ne peut pas faire partie du pouvoir et \u00eatre opposant.<\/p>\n<p><strong><em>Qu\u2019est-ce qui va vous manquer le plus du m\u00e9tier de journaliste?<\/em><\/strong> Franchement, pas grand-chose. Au Liban, l\u2019information est li\u00e9e au pouvoir. La parole ne fait plus d\u2019effet. La v\u00e9ritable sanction a lieu \u00e0 travers les \u00e9lections, la pression dans les urnes pour dire aux politiciens que \u00e7a suffit. Tout le monde se plaint mais le changement tant r\u00e9clam\u00e9 n\u2019a jamais lieu.<\/p>\n<p><strong><em>Qu\u2019appr\u00e9hendez-vous le plus?<\/em><\/strong> J\u2019appr\u00e9hende de ne pas pouvoir \u00eatre \u00e0 la hauteur des attentes de mes \u00e9lecteurs. Je n\u2019aimerais en aucun cas les d\u00e9cevoir. Raison pour laquelle je travaille d\u2019arrache-pied et dans les moindres d\u00e9tails. <strong><em>Propos recueillis par <\/em>MARCELLE NADIM<\/strong><\/p>\n<p>&nbsp;<\/p>\n<p><em><strong>Place:<\/strong> Smallville Hotel Badaro<\/em><\/p>\n<p><em><strong>Coiffure:<\/strong> Pace &amp; Luce, Samer Hafi<\/em><\/p>\n<p><em><strong>Maquillage:<\/strong> Dania Kassabieh<\/em><\/p>\n","protected":false},"excerpt":{"rendered":"<p><em>Paula la rebelle est une surdou\u00e9e qui a de qui tenir. Son a\u00efeul \u00e9tait l\u2019Emir de Zeitoun en Arm\u00e9nie. Nous l\u2019avons rencontr\u00e9e apr\u00e8s son \u00e9lection \u00e0 la Chambre des d\u00e9put\u00e9s du Liban.<\/em><\/p>\n","protected":false},"author":3,"featured_media":22424,"comment_status":"closed","ping_status":"closed","sticky":false,"template":"","format":"standard","meta":[],"categories":[13331],"tags":[],"yoast_head":"<!-- This site is optimized with the Yoast SEO plugin v19.4 - https:\/\/yoast.com\/wordpress\/plugins\/seo\/ -->\n<title>Paula La Rebelle - Prestige Magazine<\/title>\n<meta name=\"description\" content=\"Paula la rebelle est une surdou\u00e9e qui a de qui tenir. Son a\u00efeul \u00e9tait l\u2019Emir de Zeitoun en Arm\u00e9nie. Nous l\u2019avons rencontr\u00e9e apr\u00e8s son \u00e9lection \u00e0 la Chambre des d\u00e9put\u00e9s du Liban.\" \/>\n<meta name=\"robots\" content=\"index, follow, max-snippet:-1, max-image-preview:large, max-video-preview:-1\" \/>\n<link rel=\"canonical\" href=\"https:\/\/www.prestigemag.co\/fr\/2018\/07\/paula-la-rebelle\/\" \/>\n<meta property=\"og:locale\" content=\"fr_FR\" \/>\n<meta property=\"og:type\" content=\"article\" \/>\n<meta property=\"og:title\" content=\"Paula La Rebelle - Prestige Magazine\" \/>\n<meta property=\"og:description\" content=\"Paula la rebelle est une surdou\u00e9e qui a de qui tenir. Son a\u00efeul \u00e9tait l\u2019Emir de Zeitoun en Arm\u00e9nie. Nous l\u2019avons rencontr\u00e9e apr\u00e8s son \u00e9lection \u00e0 la Chambre des d\u00e9put\u00e9s du Liban.\" \/>\n<meta property=\"og:url\" content=\"https:\/\/www.prestigemag.co\/fr\/2018\/07\/paula-la-rebelle\/\" \/>\n<meta property=\"og:site_name\" content=\"Prestige Magazine\" \/>\n<meta property=\"article:publisher\" content=\"https:\/\/www.facebook.com\/prestigemag.co\/\" \/>\n<meta property=\"article:published_time\" content=\"2018-07-05T08:12:59+00:00\" \/>\n<meta property=\"og:image\" content=\"https:\/\/www.prestigemag.co\/wp-content\/uploads\/2018\/07\/Paula-Yacoubian.jpg\" \/>\n\t<meta property=\"og:image:width\" content=\"1000\" \/>\n\t<meta property=\"og:image:height\" content=\"409\" \/>\n\t<meta property=\"og:image:type\" content=\"image\/jpeg\" \/>\n<meta name=\"author\" content=\"prestige\" \/>\n<meta name=\"twitter:card\" content=\"summary\" \/>\n<meta name=\"twitter:label1\" content=\"\u00c9crit par\" \/>\n\t<meta name=\"twitter:data1\" content=\"prestige\" \/>\n\t<meta name=\"twitter:label2\" content=\"Dur\u00e9e de lecture estim\u00e9e\" \/>\n\t<meta name=\"twitter:data2\" content=\"9 minutes\" \/>\n<script type=\"application\/ld+json\" class=\"yoast-schema-graph\">{\"@context\":\"https:\/\/schema.org\",\"@graph\":[{\"@type\":\"Organization\",\"@id\":\"https:\/\/www.prestigemag.co\/#organization\",\"name\":\"Prestige\",\"url\":\"https:\/\/www.prestigemag.co\/\",\"sameAs\":[\"https:\/\/www.instagram.com\/prestige.mag\/\",\"https:\/\/www.facebook.com\/prestigemag.co\/\"],\"logo\":{\"@type\":\"ImageObject\",\"inLanguage\":\"fr-FR\",\"@id\":\"https:\/\/www.prestigemag.co\/#\/schema\/logo\/image\/\",\"url\":\"https:\/\/www.prestigemag.co\/wp-content\/uploads\/2021\/11\/logo-Prestige-800x200-1.png\",\"contentUrl\":\"https:\/\/www.prestigemag.co\/wp-content\/uploads\/2021\/11\/logo-Prestige-800x200-1.png\",\"width\":800,\"height\":200,\"caption\":\"Prestige\"},\"image\":{\"@id\":\"https:\/\/www.prestigemag.co\/#\/schema\/logo\/image\/\"}},{\"@type\":\"WebSite\",\"@id\":\"https:\/\/www.prestigemag.co\/#website\",\"url\":\"https:\/\/www.prestigemag.co\/\",\"name\":\"Prestige Magazine\",\"description\":\"Le Monde Des C\u00e9l\u00e9brit\u00e9s\",\"publisher\":{\"@id\":\"https:\/\/www.prestigemag.co\/#organization\"},\"potentialAction\":[{\"@type\":\"SearchAction\",\"target\":{\"@type\":\"EntryPoint\",\"urlTemplate\":\"https:\/\/www.prestigemag.co\/?s={search_term_string}\"},\"query-input\":\"required name=search_term_string\"}],\"inLanguage\":\"fr-FR\"},{\"@type\":\"WebPage\",\"@id\":\"https:\/\/www.prestigemag.co\/fr\/2018\/07\/paula-la-rebelle\/\",\"url\":\"https:\/\/www.prestigemag.co\/fr\/2018\/07\/paula-la-rebelle\/\",\"name\":\"Paula La Rebelle - Prestige Magazine\",\"isPartOf\":{\"@id\":\"https:\/\/www.prestigemag.co\/#website\"},\"datePublished\":\"2018-07-05T08:12:59+00:00\",\"dateModified\":\"2018-07-05T08:12:59+00:00\",\"description\":\"Paula la rebelle est une surdou\u00e9e qui a de qui tenir. Son a\u00efeul \u00e9tait l\u2019Emir de Zeitoun en Arm\u00e9nie. Nous l\u2019avons rencontr\u00e9e apr\u00e8s son \u00e9lection \u00e0 la Chambre des d\u00e9put\u00e9s du Liban.\",\"breadcrumb\":{\"@id\":\"https:\/\/www.prestigemag.co\/fr\/2018\/07\/paula-la-rebelle\/#breadcrumb\"},\"inLanguage\":\"fr-FR\",\"potentialAction\":[{\"@type\":\"ReadAction\",\"target\":[\"https:\/\/www.prestigemag.co\/fr\/2018\/07\/paula-la-rebelle\/\"]}]},{\"@type\":\"BreadcrumbList\",\"@id\":\"https:\/\/www.prestigemag.co\/fr\/2018\/07\/paula-la-rebelle\/#breadcrumb\",\"itemListElement\":[{\"@type\":\"ListItem\",\"position\":1,\"name\":\"Home\",\"item\":\"https:\/\/www.prestigemag.co\/fr\/\"},{\"@type\":\"ListItem\",\"position\":2,\"name\":\"Paula La Rebelle\"}]},{\"@type\":\"Article\",\"@id\":\"https:\/\/www.prestigemag.co\/fr\/2018\/07\/paula-la-rebelle\/#article\",\"isPartOf\":{\"@id\":\"https:\/\/www.prestigemag.co\/fr\/2018\/07\/paula-la-rebelle\/\"},\"author\":{\"name\":\"prestige\",\"@id\":\"https:\/\/www.prestigemag.co\/#\/schema\/person\/e3f149368970128d68bb2d797bf30fbc\"},\"headline\":\"Paula La Rebelle\",\"datePublished\":\"2018-07-05T08:12:59+00:00\",\"dateModified\":\"2018-07-05T08:12:59+00:00\",\"mainEntityOfPage\":{\"@id\":\"https:\/\/www.prestigemag.co\/fr\/2018\/07\/paula-la-rebelle\/\"},\"wordCount\":1828,\"publisher\":{\"@id\":\"https:\/\/www.prestigemag.co\/#organization\"},\"articleSection\":[\"Entrevues\"],\"inLanguage\":\"fr-FR\"},{\"@type\":\"Person\",\"@id\":\"https:\/\/www.prestigemag.co\/#\/schema\/person\/e3f149368970128d68bb2d797bf30fbc\",\"name\":\"prestige\",\"image\":{\"@type\":\"ImageObject\",\"inLanguage\":\"fr-FR\",\"@id\":\"https:\/\/www.prestigemag.co\/#\/schema\/person\/image\/\",\"url\":\"https:\/\/secure.gravatar.com\/avatar\/0aa2dff5484d35e50578639a2c3ccef9?s=96&d=mm&r=g\",\"contentUrl\":\"https:\/\/secure.gravatar.com\/avatar\/0aa2dff5484d35e50578639a2c3ccef9?s=96&d=mm&r=g\",\"caption\":\"prestige\"},\"url\":\"https:\/\/www.prestigemag.co\/fr\/author\/prestige\/\"}]}<\/script>\n<!-- \/ Yoast SEO plugin. -->","yoast_head_json":{"title":"Paula La Rebelle - Prestige Magazine","description":"Paula la rebelle est une surdou\u00e9e qui a de qui tenir. Son a\u00efeul \u00e9tait l\u2019Emir de Zeitoun en Arm\u00e9nie. Nous l\u2019avons rencontr\u00e9e apr\u00e8s son \u00e9lection \u00e0 la Chambre des d\u00e9put\u00e9s du Liban.","robots":{"index":"index","follow":"follow","max-snippet":"max-snippet:-1","max-image-preview":"max-image-preview:large","max-video-preview":"max-video-preview:-1"},"canonical":"https:\/\/www.prestigemag.co\/fr\/2018\/07\/paula-la-rebelle\/","og_locale":"fr_FR","og_type":"article","og_title":"Paula La Rebelle - Prestige Magazine","og_description":"Paula la rebelle est une surdou\u00e9e qui a de qui tenir. Son a\u00efeul \u00e9tait l\u2019Emir de Zeitoun en Arm\u00e9nie. Nous l\u2019avons rencontr\u00e9e apr\u00e8s son \u00e9lection \u00e0 la Chambre des d\u00e9put\u00e9s du Liban.","og_url":"https:\/\/www.prestigemag.co\/fr\/2018\/07\/paula-la-rebelle\/","og_site_name":"Prestige Magazine","article_publisher":"https:\/\/www.facebook.com\/prestigemag.co\/","article_published_time":"2018-07-05T08:12:59+00:00","og_image":[{"width":1000,"height":409,"url":"https:\/\/www.prestigemag.co\/wp-content\/uploads\/2018\/07\/Paula-Yacoubian.jpg","type":"image\/jpeg"}],"author":"prestige","twitter_card":"summary","twitter_misc":{"\u00c9crit par":"prestige","Dur\u00e9e de lecture estim\u00e9e":"9 minutes"},"schema":{"@context":"https:\/\/schema.org","@graph":[{"@type":"Organization","@id":"https:\/\/www.prestigemag.co\/#organization","name":"Prestige","url":"https:\/\/www.prestigemag.co\/","sameAs":["https:\/\/www.instagram.com\/prestige.mag\/","https:\/\/www.facebook.com\/prestigemag.co\/"],"logo":{"@type":"ImageObject","inLanguage":"fr-FR","@id":"https:\/\/www.prestigemag.co\/#\/schema\/logo\/image\/","url":"https:\/\/www.prestigemag.co\/wp-content\/uploads\/2021\/11\/logo-Prestige-800x200-1.png","contentUrl":"https:\/\/www.prestigemag.co\/wp-content\/uploads\/2021\/11\/logo-Prestige-800x200-1.png","width":800,"height":200,"caption":"Prestige"},"image":{"@id":"https:\/\/www.prestigemag.co\/#\/schema\/logo\/image\/"}},{"@type":"WebSite","@id":"https:\/\/www.prestigemag.co\/#website","url":"https:\/\/www.prestigemag.co\/","name":"Prestige Magazine","description":"Le Monde Des C\u00e9l\u00e9brit\u00e9s","publisher":{"@id":"https:\/\/www.prestigemag.co\/#organization"},"potentialAction":[{"@type":"SearchAction","target":{"@type":"EntryPoint","urlTemplate":"https:\/\/www.prestigemag.co\/?s={search_term_string}"},"query-input":"required name=search_term_string"}],"inLanguage":"fr-FR"},{"@type":"WebPage","@id":"https:\/\/www.prestigemag.co\/fr\/2018\/07\/paula-la-rebelle\/","url":"https:\/\/www.prestigemag.co\/fr\/2018\/07\/paula-la-rebelle\/","name":"Paula La Rebelle - Prestige Magazine","isPartOf":{"@id":"https:\/\/www.prestigemag.co\/#website"},"datePublished":"2018-07-05T08:12:59+00:00","dateModified":"2018-07-05T08:12:59+00:00","description":"Paula la rebelle est une surdou\u00e9e qui a de qui tenir. Son a\u00efeul \u00e9tait l\u2019Emir de Zeitoun en Arm\u00e9nie. Nous l\u2019avons rencontr\u00e9e apr\u00e8s son \u00e9lection \u00e0 la Chambre des d\u00e9put\u00e9s du Liban.","breadcrumb":{"@id":"https:\/\/www.prestigemag.co\/fr\/2018\/07\/paula-la-rebelle\/#breadcrumb"},"inLanguage":"fr-FR","potentialAction":[{"@type":"ReadAction","target":["https:\/\/www.prestigemag.co\/fr\/2018\/07\/paula-la-rebelle\/"]}]},{"@type":"BreadcrumbList","@id":"https:\/\/www.prestigemag.co\/fr\/2018\/07\/paula-la-rebelle\/#breadcrumb","itemListElement":[{"@type":"ListItem","position":1,"name":"Home","item":"https:\/\/www.prestigemag.co\/fr\/"},{"@type":"ListItem","position":2,"name":"Paula La Rebelle"}]},{"@type":"Article","@id":"https:\/\/www.prestigemag.co\/fr\/2018\/07\/paula-la-rebelle\/#article","isPartOf":{"@id":"https:\/\/www.prestigemag.co\/fr\/2018\/07\/paula-la-rebelle\/"},"author":{"name":"prestige","@id":"https:\/\/www.prestigemag.co\/#\/schema\/person\/e3f149368970128d68bb2d797bf30fbc"},"headline":"Paula La Rebelle","datePublished":"2018-07-05T08:12:59+00:00","dateModified":"2018-07-05T08:12:59+00:00","mainEntityOfPage":{"@id":"https:\/\/www.prestigemag.co\/fr\/2018\/07\/paula-la-rebelle\/"},"wordCount":1828,"publisher":{"@id":"https:\/\/www.prestigemag.co\/#organization"},"articleSection":["Entrevues"],"inLanguage":"fr-FR"},{"@type":"Person","@id":"https:\/\/www.prestigemag.co\/#\/schema\/person\/e3f149368970128d68bb2d797bf30fbc","name":"prestige","image":{"@type":"ImageObject","inLanguage":"fr-FR","@id":"https:\/\/www.prestigemag.co\/#\/schema\/person\/image\/","url":"https:\/\/secure.gravatar.com\/avatar\/0aa2dff5484d35e50578639a2c3ccef9?s=96&d=mm&r=g","contentUrl":"https:\/\/secure.gravatar.com\/avatar\/0aa2dff5484d35e50578639a2c3ccef9?s=96&d=mm&r=g","caption":"prestige"},"url":"https:\/\/www.prestigemag.co\/fr\/author\/prestige\/"}]}},"_links":{"self":[{"href":"https:\/\/www.prestigemag.co\/fr\/wp-json\/wp\/v2\/posts\/22423"}],"collection":[{"href":"https:\/\/www.prestigemag.co\/fr\/wp-json\/wp\/v2\/posts"}],"about":[{"href":"https:\/\/www.prestigemag.co\/fr\/wp-json\/wp\/v2\/types\/post"}],"author":[{"embeddable":true,"href":"https:\/\/www.prestigemag.co\/fr\/wp-json\/wp\/v2\/users\/3"}],"replies":[{"embeddable":true,"href":"https:\/\/www.prestigemag.co\/fr\/wp-json\/wp\/v2\/comments?post=22423"}],"version-history":[{"count":0,"href":"https:\/\/www.prestigemag.co\/fr\/wp-json\/wp\/v2\/posts\/22423\/revisions"}],"wp:featuredmedia":[{"embeddable":true,"href":"https:\/\/www.prestigemag.co\/fr\/wp-json\/wp\/v2\/media\/22424"}],"wp:attachment":[{"href":"https:\/\/www.prestigemag.co\/fr\/wp-json\/wp\/v2\/media?parent=22423"}],"wp:term":[{"taxonomy":"category","embeddable":true,"href":"https:\/\/www.prestigemag.co\/fr\/wp-json\/wp\/v2\/categories?post=22423"},{"taxonomy":"post_tag","embeddable":true,"href":"https:\/\/www.prestigemag.co\/fr\/wp-json\/wp\/v2\/tags?post=22423"}],"curies":[{"name":"wp","href":"https:\/\/api.w.org\/{rel}","templated":true}]}}