{"id":22441,"date":"2018-07-10T08:30:52","date_gmt":"2018-07-10T08:30:52","guid":{"rendered":"http:\/\/www.prestigemag.co\/2018\/07\/collection-couture-ah-2018-2019-de-georges-chakra\/"},"modified":"2018-07-10T08:30:52","modified_gmt":"2018-07-10T08:30:52","slug":"collection-couture-ah-2018-2019-de-georges-chakra","status":"publish","type":"post","link":"https:\/\/www.prestigemag.co\/fr\/2018\/07\/collection-couture-ah-2018-2019-de-georges-chakra\/","title":{"rendered":"Collection Couture AH 2018-2019 de Georges Chakra"},"content":{"rendered":"<figure id=\"attachment_15536\" aria-describedby=\"caption-attachment-15536\" style=\"width: 904px\" class=\"wp-caption aligncenter\"><a href=\"http:\/\/www.prestigemag.co\/wp-content\/uploads\/2018\/07\/Georges-Chakra.jpg\"><img src=\"data:image\/svg+xml,%3Csvg%20xmlns='http:\/\/www.w3.org\/2000\/svg'%20viewBox='0%200%20904%20409'%3E%3C\/svg%3E\" class=\"zeen-lazy-load-base zeen-lazy-load wp-image-15536 size-full\" data-lazy-src=\"http:\/\/www.prestigemag.co\/wp-content\/uploads\/2018\/07\/Georges-Chakra.jpg\" alt=\"\" width=\"904\" height=\"409\" data-lazy-srcset=\"https:\/\/www.prestigemag.co\/wp-content\/uploads\/2018\/07\/Georges-Chakra.jpg 904w, https:\/\/www.prestigemag.co\/wp-content\/uploads\/2018\/07\/Georges-Chakra-300x136.jpg 300w, https:\/\/www.prestigemag.co\/wp-content\/uploads\/2018\/07\/Georges-Chakra-770x348.jpg 770w, https:\/\/www.prestigemag.co\/wp-content\/uploads\/2018\/07\/Georges-Chakra-293x133.jpg 293w, https:\/\/www.prestigemag.co\/wp-content\/uploads\/2018\/07\/Georges-Chakra-390x176.jpg 390w, https:\/\/www.prestigemag.co\/wp-content\/uploads\/2018\/07\/Georges-Chakra-768x347.jpg 768w, https:\/\/www.prestigemag.co\/wp-content\/uploads\/2018\/07\/Georges-Chakra-150x68.jpg 150w, https:\/\/www.prestigemag.co\/wp-content\/uploads\/2018\/07\/Georges-Chakra-600x271.jpg 600w, https:\/\/www.prestigemag.co\/wp-content\/uploads\/2018\/07\/Georges-Chakra-276x125.jpg 276w, https:\/\/www.prestigemag.co\/wp-content\/uploads\/2018\/07\/Georges-Chakra-148x67.jpg 148w\" data-lazy-sizes=\"(max-width: 904px) 100vw, 904px\" \/><figcaption id=\"caption-attachment-15536\" class=\"wp-caption-text\"><noscript><img class=\"wp-image-15536 size-full\" src=\"http:\/\/www.prestigemag.co\/wp-content\/uploads\/2018\/07\/Georges-Chakra.jpg\" alt=\"\" width=\"904\" height=\"409\" srcset=\"https:\/\/www.prestigemag.co\/wp-content\/uploads\/2018\/07\/Georges-Chakra.jpg 904w, https:\/\/www.prestigemag.co\/wp-content\/uploads\/2018\/07\/Georges-Chakra-300x136.jpg 300w, https:\/\/www.prestigemag.co\/wp-content\/uploads\/2018\/07\/Georges-Chakra-770x348.jpg 770w, https:\/\/www.prestigemag.co\/wp-content\/uploads\/2018\/07\/Georges-Chakra-293x133.jpg 293w, https:\/\/www.prestigemag.co\/wp-content\/uploads\/2018\/07\/Georges-Chakra-390x176.jpg 390w, https:\/\/www.prestigemag.co\/wp-content\/uploads\/2018\/07\/Georges-Chakra-768x347.jpg 768w, https:\/\/www.prestigemag.co\/wp-content\/uploads\/2018\/07\/Georges-Chakra-150x68.jpg 150w, https:\/\/www.prestigemag.co\/wp-content\/uploads\/2018\/07\/Georges-Chakra-600x271.jpg 600w, https:\/\/www.prestigemag.co\/wp-content\/uploads\/2018\/07\/Georges-Chakra-276x125.jpg 276w, https:\/\/www.prestigemag.co\/wp-content\/uploads\/2018\/07\/Georges-Chakra-148x67.jpg 148w\" sizes=\"(max-width: 904px) 100vw, 904px\" \/><\/noscript><\/a> \u00a9 Georges Chakra<\/figcaption><\/figure>\n<p>&nbsp;<\/p>\n<p>&nbsp;<\/p>\n<p>Le d\u00e9fil\u00e9 Automne &#8211; Hiver 2018\/2019 du couturier Georges Chakra s\u2019est tenu au Palais de Tokyo, dans le cadre de la Semaine Parisienne de la Haute Couture.<\/p>\n<p>Georges Chakra s\u00e8me all\u00e8grement le trouble, celui d\u2019une beaut\u00e9 actuelle avec une allure fin de si\u00e8cle.\u00a0 Un brin myst\u00e9rieuse, excentrique.\u00a0Le noir fait autorit\u00e9, l\u2019argent, le rouge, le shocking pink et l\u2019orange flamboyant viennent perturber l\u2019ordre \u00e9tabli du noir.<\/p>\n<p>Le tulle pliss\u00e9, la mousseline d\u00e9coup\u00e9e, des mille feuilles de gaze, viennent se poser parfois sur une robe, une veste, un col ou bien encore une jupe.\u00a0De la brillance avec de la dentelle lam\u00e9e, velours lumineux, jais, cristaux et sequins.\u00a0Les volumes structur\u00e9s, les bustes corset\u00e9s, les tailles marqu\u00e9es imposent une silhouette alti\u00e8re.\u00a0Des effets graphiques donn\u00e9s par des d\u00e9coupes soulign\u00e9es de rubans de velours.\u00a0Le tulle omnipr\u00e9sent dans la collection se pare de mille feux pour une robe de mari\u00e9e en parfaite parit\u00e9 entre fragilit\u00e9 et puissance.<\/p>\n<p>&nbsp;<\/p>\n<p>&nbsp;<\/p>\n<figure id=\"attachment_15537\" aria-describedby=\"caption-attachment-15537\" style=\"width: 1024px\" class=\"wp-caption aligncenter\"><a href=\"http:\/\/www.prestigemag.co\/wp-content\/uploads\/2018\/07\/Georges-Chakra-18-19.jpg\"><img src=\"data:image\/svg+xml,%3Csvg%20xmlns='http:\/\/www.w3.org\/2000\/svg'%20viewBox='0%200%201024%20511'%3E%3C\/svg%3E\" class=\"zeen-lazy-load-base zeen-lazy-load wp-image-15537 size-large\" data-lazy-src=\"http:\/\/www.prestigemag.co\/wp-content\/uploads\/2018\/07\/Georges-Chakra-18-19-1024x511.jpg\" alt=\"\" width=\"1024\" height=\"511\" data-lazy-srcset=\"https:\/\/www.prestigemag.co\/wp-content\/uploads\/2018\/07\/Georges-Chakra-18-19-1024x511.jpg 1024w, https:\/\/www.prestigemag.co\/wp-content\/uploads\/2018\/07\/Georges-Chakra-18-19-300x150.jpg 300w, https:\/\/www.prestigemag.co\/wp-content\/uploads\/2018\/07\/Georges-Chakra-18-19-768x383.jpg 768w, https:\/\/www.prestigemag.co\/wp-content\/uploads\/2018\/07\/Georges-Chakra-18-19-150x75.jpg 150w, https:\/\/www.prestigemag.co\/wp-content\/uploads\/2018\/07\/Georges-Chakra-18-19-600x299.jpg 600w, https:\/\/www.prestigemag.co\/wp-content\/uploads\/2018\/07\/Georges-Chakra-18-19-251x125.jpg 251w, https:\/\/www.prestigemag.co\/wp-content\/uploads\/2018\/07\/Georges-Chakra-18-19-134x67.jpg 134w, https:\/\/www.prestigemag.co\/wp-content\/uploads\/2018\/07\/Georges-Chakra-18-19-1320x658.jpg 1320w, https:\/\/www.prestigemag.co\/wp-content\/uploads\/2018\/07\/Georges-Chakra-18-19.jpg 1887w\" data-lazy-sizes=\"(max-width: 1024px) 100vw, 1024px\" \/><figcaption id=\"caption-attachment-15537\" class=\"wp-caption-text\"><noscript><img class=\"wp-image-15537 size-large\" src=\"http:\/\/www.prestigemag.co\/wp-content\/uploads\/2018\/07\/Georges-Chakra-18-19-1024x511.jpg\" alt=\"\" width=\"1024\" height=\"511\" srcset=\"https:\/\/www.prestigemag.co\/wp-content\/uploads\/2018\/07\/Georges-Chakra-18-19-1024x511.jpg 1024w, https:\/\/www.prestigemag.co\/wp-content\/uploads\/2018\/07\/Georges-Chakra-18-19-300x150.jpg 300w, https:\/\/www.prestigemag.co\/wp-content\/uploads\/2018\/07\/Georges-Chakra-18-19-768x383.jpg 768w, https:\/\/www.prestigemag.co\/wp-content\/uploads\/2018\/07\/Georges-Chakra-18-19-150x75.jpg 150w, https:\/\/www.prestigemag.co\/wp-content\/uploads\/2018\/07\/Georges-Chakra-18-19-600x299.jpg 600w, https:\/\/www.prestigemag.co\/wp-content\/uploads\/2018\/07\/Georges-Chakra-18-19-251x125.jpg 251w, https:\/\/www.prestigemag.co\/wp-content\/uploads\/2018\/07\/Georges-Chakra-18-19-134x67.jpg 134w, https:\/\/www.prestigemag.co\/wp-content\/uploads\/2018\/07\/Georges-Chakra-18-19-1320x658.jpg 1320w, https:\/\/www.prestigemag.co\/wp-content\/uploads\/2018\/07\/Georges-Chakra-18-19.jpg 1887w\" sizes=\"(max-width: 1024px) 100vw, 1024px\" \/><\/noscript><\/a> \u00a9 Georges Chakra<\/figcaption><\/figure>\n","protected":false},"excerpt":{"rendered":"<p><em>Le d\u00e9fil\u00e9 Automne &#8211; Hiver 2018\/2019 du couturier Georges Chakra s\u2019est tenu au Palais de Tokyo, dans le cadre de la Semaine Parisienne de la Haute Couture.<\/em><\/p>\n","protected":false},"author":3,"featured_media":22442,"comment_status":"closed","ping_status":"closed","sticky":false,"template":"","format":"standard","meta":[],"categories":[13346,13351],"tags":[],"yoast_head":"<!-- This site is optimized with the Yoast SEO plugin v19.4 - https:\/\/yoast.com\/wordpress\/plugins\/seo\/ -->\n<title>Collection Couture AH 2018-2019 de Georges Chakra - Prestige Magazine<\/title>\n<meta name=\"description\" content=\"Le d\u00e9fil\u00e9 Automne - Hiver 2018\/2019 du couturier Georges Chakra s\u2019est tenu au Palais de Tokyo, dans le cadre de la Semaine Parisienne de la Haute Couture.\" \/>\n<meta name=\"robots\" content=\"index, follow, max-snippet:-1, max-image-preview:large, max-video-preview:-1\" \/>\n<link rel=\"canonical\" href=\"https:\/\/www.prestigemag.co\/fr\/2018\/07\/collection-couture-ah-2018-2019-de-georges-chakra\/\" \/>\n<meta property=\"og:locale\" content=\"fr_FR\" \/>\n<meta property=\"og:type\" content=\"article\" \/>\n<meta property=\"og:title\" content=\"Collection Couture AH 2018-2019 de Georges Chakra - Prestige Magazine\" \/>\n<meta property=\"og:description\" content=\"Le d\u00e9fil\u00e9 Automne - Hiver 2018\/2019 du couturier Georges Chakra s\u2019est tenu au Palais de Tokyo, dans le cadre de la Semaine Parisienne de la Haute Couture.\" \/>\n<meta property=\"og:url\" content=\"https:\/\/www.prestigemag.co\/fr\/2018\/07\/collection-couture-ah-2018-2019-de-georges-chakra\/\" \/>\n<meta property=\"og:site_name\" content=\"Prestige Magazine\" \/>\n<meta property=\"article:publisher\" content=\"https:\/\/www.facebook.com\/prestigemag.co\/\" \/>\n<meta property=\"article:published_time\" content=\"2018-07-10T08:30:52+00:00\" \/>\n<meta property=\"og:image\" content=\"https:\/\/www.prestigemag.co\/wp-content\/uploads\/2018\/07\/Georges-Chakra.jpg\" \/>\n\t<meta property=\"og:image:width\" content=\"904\" \/>\n\t<meta property=\"og:image:height\" content=\"409\" \/>\n\t<meta property=\"og:image:type\" content=\"image\/jpeg\" \/>\n<meta name=\"author\" content=\"prestige\" \/>\n<meta name=\"twitter:card\" content=\"summary\" \/>\n<meta name=\"twitter:label1\" content=\"\u00c9crit par\" \/>\n\t<meta name=\"twitter:data1\" content=\"prestige\" \/>\n\t<meta name=\"twitter:label2\" content=\"Dur\u00e9e de lecture estim\u00e9e\" \/>\n\t<meta name=\"twitter:data2\" content=\"1 minute\" \/>\n<script type=\"application\/ld+json\" class=\"yoast-schema-graph\">{\"@context\":\"https:\/\/schema.org\",\"@graph\":[{\"@type\":\"Organization\",\"@id\":\"https:\/\/www.prestigemag.co\/#organization\",\"name\":\"Prestige\",\"url\":\"https:\/\/www.prestigemag.co\/\",\"sameAs\":[\"https:\/\/www.instagram.com\/prestige.mag\/\",\"https:\/\/www.facebook.com\/prestigemag.co\/\"],\"logo\":{\"@type\":\"ImageObject\",\"inLanguage\":\"fr-FR\",\"@id\":\"https:\/\/www.prestigemag.co\/#\/schema\/logo\/image\/\",\"url\":\"https:\/\/www.prestigemag.co\/wp-content\/uploads\/2021\/11\/logo-Prestige-800x200-1.png\",\"contentUrl\":\"https:\/\/www.prestigemag.co\/wp-content\/uploads\/2021\/11\/logo-Prestige-800x200-1.png\",\"width\":800,\"height\":200,\"caption\":\"Prestige\"},\"image\":{\"@id\":\"https:\/\/www.prestigemag.co\/#\/schema\/logo\/image\/\"}},{\"@type\":\"WebSite\",\"@id\":\"https:\/\/www.prestigemag.co\/#website\",\"url\":\"https:\/\/www.prestigemag.co\/\",\"name\":\"Prestige Magazine\",\"description\":\"Le Monde Des C\u00e9l\u00e9brit\u00e9s\",\"publisher\":{\"@id\":\"https:\/\/www.prestigemag.co\/#organization\"},\"potentialAction\":[{\"@type\":\"SearchAction\",\"target\":{\"@type\":\"EntryPoint\",\"urlTemplate\":\"https:\/\/www.prestigemag.co\/?s={search_term_string}\"},\"query-input\":\"required name=search_term_string\"}],\"inLanguage\":\"fr-FR\"},{\"@type\":\"WebPage\",\"@id\":\"https:\/\/www.prestigemag.co\/fr\/2018\/07\/collection-couture-ah-2018-2019-de-georges-chakra\/\",\"url\":\"https:\/\/www.prestigemag.co\/fr\/2018\/07\/collection-couture-ah-2018-2019-de-georges-chakra\/\",\"name\":\"Collection Couture AH 2018-2019 de Georges Chakra - Prestige Magazine\",\"isPartOf\":{\"@id\":\"https:\/\/www.prestigemag.co\/#website\"},\"datePublished\":\"2018-07-10T08:30:52+00:00\",\"dateModified\":\"2018-07-10T08:30:52+00:00\",\"description\":\"Le d\u00e9fil\u00e9 Automne - Hiver 2018\/2019 du couturier Georges Chakra s\u2019est tenu au Palais de Tokyo, dans le cadre de la Semaine Parisienne de la Haute Couture.\",\"breadcrumb\":{\"@id\":\"https:\/\/www.prestigemag.co\/fr\/2018\/07\/collection-couture-ah-2018-2019-de-georges-chakra\/#breadcrumb\"},\"inLanguage\":\"fr-FR\",\"potentialAction\":[{\"@type\":\"ReadAction\",\"target\":[\"https:\/\/www.prestigemag.co\/fr\/2018\/07\/collection-couture-ah-2018-2019-de-georges-chakra\/\"]}]},{\"@type\":\"BreadcrumbList\",\"@id\":\"https:\/\/www.prestigemag.co\/fr\/2018\/07\/collection-couture-ah-2018-2019-de-georges-chakra\/#breadcrumb\",\"itemListElement\":[{\"@type\":\"ListItem\",\"position\":1,\"name\":\"Home\",\"item\":\"https:\/\/www.prestigemag.co\/fr\/\"},{\"@type\":\"ListItem\",\"position\":2,\"name\":\"Collection Couture AH 2018-2019 de Georges Chakra\"}]},{\"@type\":\"Article\",\"@id\":\"https:\/\/www.prestigemag.co\/fr\/2018\/07\/collection-couture-ah-2018-2019-de-georges-chakra\/#article\",\"isPartOf\":{\"@id\":\"https:\/\/www.prestigemag.co\/fr\/2018\/07\/collection-couture-ah-2018-2019-de-georges-chakra\/\"},\"author\":{\"name\":\"prestige\",\"@id\":\"https:\/\/www.prestigemag.co\/#\/schema\/person\/e3f149368970128d68bb2d797bf30fbc\"},\"headline\":\"Collection Couture AH 2018-2019 de Georges Chakra\",\"datePublished\":\"2018-07-10T08:30:52+00:00\",\"dateModified\":\"2018-07-10T08:30:52+00:00\",\"mainEntityOfPage\":{\"@id\":\"https:\/\/www.prestigemag.co\/fr\/2018\/07\/collection-couture-ah-2018-2019-de-georges-chakra\/\"},\"wordCount\":205,\"publisher\":{\"@id\":\"https:\/\/www.prestigemag.co\/#organization\"},\"articleSection\":[\"Mode\",\"News\"],\"inLanguage\":\"fr-FR\"},{\"@type\":\"Person\",\"@id\":\"https:\/\/www.prestigemag.co\/#\/schema\/person\/e3f149368970128d68bb2d797bf30fbc\",\"name\":\"prestige\",\"image\":{\"@type\":\"ImageObject\",\"inLanguage\":\"fr-FR\",\"@id\":\"https:\/\/www.prestigemag.co\/#\/schema\/person\/image\/\",\"url\":\"https:\/\/secure.gravatar.com\/avatar\/0aa2dff5484d35e50578639a2c3ccef9?s=96&d=mm&r=g\",\"contentUrl\":\"https:\/\/secure.gravatar.com\/avatar\/0aa2dff5484d35e50578639a2c3ccef9?s=96&d=mm&r=g\",\"caption\":\"prestige\"},\"url\":\"https:\/\/www.prestigemag.co\/fr\/author\/prestige\/\"}]}<\/script>\n<!-- \/ Yoast SEO plugin. -->","yoast_head_json":{"title":"Collection Couture AH 2018-2019 de Georges Chakra - Prestige Magazine","description":"Le d\u00e9fil\u00e9 Automne - Hiver 2018\/2019 du couturier Georges Chakra s\u2019est tenu au Palais de Tokyo, dans le cadre de la Semaine Parisienne de la Haute Couture.","robots":{"index":"index","follow":"follow","max-snippet":"max-snippet:-1","max-image-preview":"max-image-preview:large","max-video-preview":"max-video-preview:-1"},"canonical":"https:\/\/www.prestigemag.co\/fr\/2018\/07\/collection-couture-ah-2018-2019-de-georges-chakra\/","og_locale":"fr_FR","og_type":"article","og_title":"Collection Couture AH 2018-2019 de Georges Chakra - Prestige Magazine","og_description":"Le d\u00e9fil\u00e9 Automne - Hiver 2018\/2019 du couturier Georges Chakra s\u2019est tenu au Palais de Tokyo, dans le cadre de la Semaine Parisienne de la Haute Couture.","og_url":"https:\/\/www.prestigemag.co\/fr\/2018\/07\/collection-couture-ah-2018-2019-de-georges-chakra\/","og_site_name":"Prestige Magazine","article_publisher":"https:\/\/www.facebook.com\/prestigemag.co\/","article_published_time":"2018-07-10T08:30:52+00:00","og_image":[{"width":904,"height":409,"url":"https:\/\/www.prestigemag.co\/wp-content\/uploads\/2018\/07\/Georges-Chakra.jpg","type":"image\/jpeg"}],"author":"prestige","twitter_card":"summary","twitter_misc":{"\u00c9crit par":"prestige","Dur\u00e9e de lecture estim\u00e9e":"1 minute"},"schema":{"@context":"https:\/\/schema.org","@graph":[{"@type":"Organization","@id":"https:\/\/www.prestigemag.co\/#organization","name":"Prestige","url":"https:\/\/www.prestigemag.co\/","sameAs":["https:\/\/www.instagram.com\/prestige.mag\/","https:\/\/www.facebook.com\/prestigemag.co\/"],"logo":{"@type":"ImageObject","inLanguage":"fr-FR","@id":"https:\/\/www.prestigemag.co\/#\/schema\/logo\/image\/","url":"https:\/\/www.prestigemag.co\/wp-content\/uploads\/2021\/11\/logo-Prestige-800x200-1.png","contentUrl":"https:\/\/www.prestigemag.co\/wp-content\/uploads\/2021\/11\/logo-Prestige-800x200-1.png","width":800,"height":200,"caption":"Prestige"},"image":{"@id":"https:\/\/www.prestigemag.co\/#\/schema\/logo\/image\/"}},{"@type":"WebSite","@id":"https:\/\/www.prestigemag.co\/#website","url":"https:\/\/www.prestigemag.co\/","name":"Prestige Magazine","description":"Le Monde Des C\u00e9l\u00e9brit\u00e9s","publisher":{"@id":"https:\/\/www.prestigemag.co\/#organization"},"potentialAction":[{"@type":"SearchAction","target":{"@type":"EntryPoint","urlTemplate":"https:\/\/www.prestigemag.co\/?s={search_term_string}"},"query-input":"required name=search_term_string"}],"inLanguage":"fr-FR"},{"@type":"WebPage","@id":"https:\/\/www.prestigemag.co\/fr\/2018\/07\/collection-couture-ah-2018-2019-de-georges-chakra\/","url":"https:\/\/www.prestigemag.co\/fr\/2018\/07\/collection-couture-ah-2018-2019-de-georges-chakra\/","name":"Collection Couture AH 2018-2019 de Georges Chakra - Prestige Magazine","isPartOf":{"@id":"https:\/\/www.prestigemag.co\/#website"},"datePublished":"2018-07-10T08:30:52+00:00","dateModified":"2018-07-10T08:30:52+00:00","description":"Le d\u00e9fil\u00e9 Automne - Hiver 2018\/2019 du couturier Georges Chakra s\u2019est tenu au Palais de Tokyo, dans le cadre de la Semaine Parisienne de la Haute Couture.","breadcrumb":{"@id":"https:\/\/www.prestigemag.co\/fr\/2018\/07\/collection-couture-ah-2018-2019-de-georges-chakra\/#breadcrumb"},"inLanguage":"fr-FR","potentialAction":[{"@type":"ReadAction","target":["https:\/\/www.prestigemag.co\/fr\/2018\/07\/collection-couture-ah-2018-2019-de-georges-chakra\/"]}]},{"@type":"BreadcrumbList","@id":"https:\/\/www.prestigemag.co\/fr\/2018\/07\/collection-couture-ah-2018-2019-de-georges-chakra\/#breadcrumb","itemListElement":[{"@type":"ListItem","position":1,"name":"Home","item":"https:\/\/www.prestigemag.co\/fr\/"},{"@type":"ListItem","position":2,"name":"Collection Couture AH 2018-2019 de Georges Chakra"}]},{"@type":"Article","@id":"https:\/\/www.prestigemag.co\/fr\/2018\/07\/collection-couture-ah-2018-2019-de-georges-chakra\/#article","isPartOf":{"@id":"https:\/\/www.prestigemag.co\/fr\/2018\/07\/collection-couture-ah-2018-2019-de-georges-chakra\/"},"author":{"name":"prestige","@id":"https:\/\/www.prestigemag.co\/#\/schema\/person\/e3f149368970128d68bb2d797bf30fbc"},"headline":"Collection Couture AH 2018-2019 de Georges Chakra","datePublished":"2018-07-10T08:30:52+00:00","dateModified":"2018-07-10T08:30:52+00:00","mainEntityOfPage":{"@id":"https:\/\/www.prestigemag.co\/fr\/2018\/07\/collection-couture-ah-2018-2019-de-georges-chakra\/"},"wordCount":205,"publisher":{"@id":"https:\/\/www.prestigemag.co\/#organization"},"articleSection":["Mode","News"],"inLanguage":"fr-FR"},{"@type":"Person","@id":"https:\/\/www.prestigemag.co\/#\/schema\/person\/e3f149368970128d68bb2d797bf30fbc","name":"prestige","image":{"@type":"ImageObject","inLanguage":"fr-FR","@id":"https:\/\/www.prestigemag.co\/#\/schema\/person\/image\/","url":"https:\/\/secure.gravatar.com\/avatar\/0aa2dff5484d35e50578639a2c3ccef9?s=96&d=mm&r=g","contentUrl":"https:\/\/secure.gravatar.com\/avatar\/0aa2dff5484d35e50578639a2c3ccef9?s=96&d=mm&r=g","caption":"prestige"},"url":"https:\/\/www.prestigemag.co\/fr\/author\/prestige\/"}]}},"_links":{"self":[{"href":"https:\/\/www.prestigemag.co\/fr\/wp-json\/wp\/v2\/posts\/22441"}],"collection":[{"href":"https:\/\/www.prestigemag.co\/fr\/wp-json\/wp\/v2\/posts"}],"about":[{"href":"https:\/\/www.prestigemag.co\/fr\/wp-json\/wp\/v2\/types\/post"}],"author":[{"embeddable":true,"href":"https:\/\/www.prestigemag.co\/fr\/wp-json\/wp\/v2\/users\/3"}],"replies":[{"embeddable":true,"href":"https:\/\/www.prestigemag.co\/fr\/wp-json\/wp\/v2\/comments?post=22441"}],"version-history":[{"count":0,"href":"https:\/\/www.prestigemag.co\/fr\/wp-json\/wp\/v2\/posts\/22441\/revisions"}],"wp:featuredmedia":[{"embeddable":true,"href":"https:\/\/www.prestigemag.co\/fr\/wp-json\/wp\/v2\/media\/22442"}],"wp:attachment":[{"href":"https:\/\/www.prestigemag.co\/fr\/wp-json\/wp\/v2\/media?parent=22441"}],"wp:term":[{"taxonomy":"category","embeddable":true,"href":"https:\/\/www.prestigemag.co\/fr\/wp-json\/wp\/v2\/categories?post=22441"},{"taxonomy":"post_tag","embeddable":true,"href":"https:\/\/www.prestigemag.co\/fr\/wp-json\/wp\/v2\/tags?post=22441"}],"curies":[{"name":"wp","href":"https:\/\/api.w.org\/{rel}","templated":true}]}}