{"id":22503,"date":"2018-09-10T11:51:11","date_gmt":"2018-09-10T11:51:11","guid":{"rendered":"http:\/\/www.prestigemag.co\/2018\/09\/elissa-glamour-et-seduction\/"},"modified":"2018-09-10T11:51:11","modified_gmt":"2018-09-10T11:51:11","slug":"elissa-glamour-et-seduction","status":"publish","type":"post","link":"https:\/\/www.prestigemag.co\/fr\/2018\/09\/elissa-glamour-et-seduction\/","title":{"rendered":"Elissa: glamour et s\u00e9duction"},"content":{"rendered":"<p><em>Prestige N 175, F\u00e9v. 2008<\/em><\/p>\n<h3><\/h3>\n<h3>Apr\u00e8s plusieurs albums \u00e0 succ\u00e8s et des contrats publicitaires avec de grandes marques internationales, nous avons rencontr\u00e9 la talentueuse artiste Elissa pour en savoir plus. Elle a r\u00e9pondu \u00e0 nos questions avec la simplicit\u00e9 et la franchise qui la caract\u00e9risent.<\/h3>\n<p>&nbsp;<\/p>\n<p>&nbsp;<\/p>\n<figure id=\"attachment_15744\" aria-describedby=\"caption-attachment-15744\" style=\"width: 1000px\" class=\"wp-caption aligncenter\"><a href=\"http:\/\/www.prestigemag.co\/wp-content\/uploads\/2018\/09\/Elissa.jpg\"><img src=\"data:image\/svg+xml,%3Csvg%20xmlns='http:\/\/www.w3.org\/2000\/svg'%20viewBox='0%200%201000%20409'%3E%3C\/svg%3E\" class=\"zeen-lazy-load-base zeen-lazy-load wp-image-15744 size-full\" data-lazy-src=\"http:\/\/www.prestigemag.co\/wp-content\/uploads\/2018\/09\/Elissa.jpg\" alt=\"\" width=\"1000\" height=\"409\" data-lazy-srcset=\"https:\/\/www.prestigemag.co\/wp-content\/uploads\/2018\/09\/Elissa.jpg 1000w, https:\/\/www.prestigemag.co\/wp-content\/uploads\/2018\/09\/Elissa-300x123.jpg 300w, https:\/\/www.prestigemag.co\/wp-content\/uploads\/2018\/09\/Elissa-770x315.jpg 770w, https:\/\/www.prestigemag.co\/wp-content\/uploads\/2018\/09\/Elissa-293x120.jpg 293w, https:\/\/www.prestigemag.co\/wp-content\/uploads\/2018\/09\/Elissa-390x160.jpg 390w, https:\/\/www.prestigemag.co\/wp-content\/uploads\/2018\/09\/Elissa-768x314.jpg 768w, https:\/\/www.prestigemag.co\/wp-content\/uploads\/2018\/09\/Elissa-150x61.jpg 150w, https:\/\/www.prestigemag.co\/wp-content\/uploads\/2018\/09\/Elissa-600x245.jpg 600w, https:\/\/www.prestigemag.co\/wp-content\/uploads\/2018\/09\/Elissa-291x119.jpg 291w, https:\/\/www.prestigemag.co\/wp-content\/uploads\/2018\/09\/Elissa-164x67.jpg 164w\" data-lazy-sizes=\"(max-width: 1000px) 100vw, 1000px\" \/><figcaption id=\"caption-attachment-15744\" class=\"wp-caption-text\"><noscript><img class=\"wp-image-15744 size-full\" src=\"http:\/\/www.prestigemag.co\/wp-content\/uploads\/2018\/09\/Elissa.jpg\" alt=\"\" width=\"1000\" height=\"409\" srcset=\"https:\/\/www.prestigemag.co\/wp-content\/uploads\/2018\/09\/Elissa.jpg 1000w, https:\/\/www.prestigemag.co\/wp-content\/uploads\/2018\/09\/Elissa-300x123.jpg 300w, https:\/\/www.prestigemag.co\/wp-content\/uploads\/2018\/09\/Elissa-770x315.jpg 770w, https:\/\/www.prestigemag.co\/wp-content\/uploads\/2018\/09\/Elissa-293x120.jpg 293w, https:\/\/www.prestigemag.co\/wp-content\/uploads\/2018\/09\/Elissa-390x160.jpg 390w, https:\/\/www.prestigemag.co\/wp-content\/uploads\/2018\/09\/Elissa-768x314.jpg 768w, https:\/\/www.prestigemag.co\/wp-content\/uploads\/2018\/09\/Elissa-150x61.jpg 150w, https:\/\/www.prestigemag.co\/wp-content\/uploads\/2018\/09\/Elissa-600x245.jpg 600w, https:\/\/www.prestigemag.co\/wp-content\/uploads\/2018\/09\/Elissa-291x119.jpg 291w, https:\/\/www.prestigemag.co\/wp-content\/uploads\/2018\/09\/Elissa-164x67.jpg 164w\" sizes=\"(max-width: 1000px) 100vw, 1000px\" \/><\/noscript><\/a> Elissa. \u00a9 Archives Elissa \/ Photo: Roger Moukarzel<\/figcaption><\/figure>\n<p>&nbsp;<\/p>\n<p>&nbsp;<\/p>\n<p><strong><em>Que pouvez-vous nous dire de votre album \u00abAyami Bik\u00bb? <\/em><\/strong><em>Ayami Bik<\/em>, tr\u00e8s vari\u00e9, renferme onze chansons de genre classique, avec quelques-unes de musique pop ou \u00abdance style\u00bb. J\u2019ai collabor\u00e9 avec de nouveaux compositeurs et auteurs, sans oublier ceux avec qui j\u2019ai r\u00e9alis\u00e9 mes pr\u00e9c\u00e9dents albums. <em>Ayami Bik<\/em> apporte du nouveau dans les th\u00e8mes, dans la r\u00e9partition musicale&#8230; Cependant, je confie au public et aux critiques la t\u00e2che d\u2019\u00e9valuer le CD qui a n\u00e9cessit\u00e9 plus d\u2019un an de travail. Je suis circonspecte dans mes d\u00e9marches. Pour assurer la continuit\u00e9 de ma carri\u00e8re, je ne br\u00fble pas les \u00e9tapes, je prends tout le temps n\u00e9cessaire pour pr\u00e9senter au public un album bien pr\u00e9par\u00e9, bien structur\u00e9.<\/p>\n<p><strong><em>Le concept de la photo de la couverture du CD est fort original.<\/em><\/strong> J\u2019ai fait appel au photographe am\u00e9ricain Matthias Klamer, qui a d\u00e9j\u00e0 sign\u00e9 les photos de mon album <em>Bastannak<\/em>. J\u2019ai voulu faire quelque chose de nouveau et de diff\u00e9rent. La photo de la couverture a remport\u00e9 un vif succ\u00e8s.<\/p>\n<p><strong><em>Quelle le\u00e7on avez-vous tir\u00e9e de vos dix ans de carri\u00e8re artistique, commenc\u00e9e en 1998?<\/em><\/strong> Apr\u00e8s mes d\u00e9buts (ndlr: \u00e0 16 ans), au th\u00e9\u00e2tre avec Wassim Tabbara, ensuite avec le \u00abTh\u00e9\u00e2tre des Dix Heures\u00bb, j\u2019ai particip\u00e9 au programme t\u00e9l\u00e9vis\u00e9 Studio el Fan o\u00f9 j\u2019ai remport\u00e9 une m\u00e9daille d\u2019argent. A l\u2019issue de cette \u00e9mission t\u00e9l\u00e9vis\u00e9e, j\u2019ai sign\u00e9, \u00e0 l\u2019instar de tous les autres candidats, un contrat de management avec le bureau de Studio el Fan et M. Simon Asmar qui, doutant de mon talent, ne m\u2019a apport\u00e9 aucun support efficace. Le contrat a \u00e9t\u00e9 annul\u00e9 entre nous. Etudiante \u00e0 l\u2019\u00e9poque, je n\u2019ai pas baiss\u00e9 les bras et j\u2019ai continu\u00e9 le chemin toute seule. Il est vrai que je collaborais au d\u00e9part avec une jeune soci\u00e9t\u00e9 de production, mais j\u2019ai choisi moi-m\u00eame la chanson <em>Badd\u00e9 Doub<\/em> qui a \u00e9t\u00e9 le coup d\u2019envoi de ma carri\u00e8re. J\u2019ai d\u00e9marr\u00e9 toute seule, je supervisais tout personnellement et je suis arriv\u00e9e ainsi \u00e0 m\u2019imposer sur la sc\u00e8ne. Tout cela a renforc\u00e9 ma confiance en moi et m\u2019a aid\u00e9e \u00e0 contourner bien d\u2019obstacles. Partant de l\u00e0, je peux affirmer que ma mauvaise exp\u00e9rience \u00e0 Studio el Fan a jou\u00e9 un r\u00f4le favorable et d\u00e9cisif dans mon parcours artistique.<\/p>\n<p><strong><em>Si vous faites le bilan de ces dix ann\u00e9es, quels en sont les points n\u00e9gatifs?<\/em><\/strong> Je n\u2019en ai pas. Tous mes albums, gr\u00e2ce \u00e0 Dieu, sont r\u00e9ussis. M\u00eame avant d\u2019\u00eatre tourn\u00e9 en vid\u00e9o-clip, <em>Ayami Bik<\/em> d\u00e9marre en force. En Egypte, dans le Golfe et ailleurs, les chiffres enregistr\u00e9s sur le plan ventes, publi\u00e9s dans les journaux, sont plus que satisfaisants, d\u2019apr\u00e8s les statistiques de Rotana. Jusqu\u2019\u00e0 maintenant tout est positif, \u00e0 savoir que j\u2019ai d\u00e9j\u00e0 \u00e0 mon actif dix publicit\u00e9s r\u00e9ussies et aujourd\u2019hui le parfum Elle d\u2019elissa. Parmi les autres projets en voie de r\u00e9alisation, celui avec la maison horlog\u00e8re de renom, Corum, qui travaille sur une montre en \u00e9dition limit\u00e9e portant mon nom, et j\u2019ai d\u00e9j\u00e0 sign\u00e9 un contrat publicitaire avec une compagnie dont je ne peux divulguer le nom pour le moment. J\u2019ai renouvel\u00e9 de m\u00eame mon contrat avec Vogue et je collabore toujours avec Pepsi. A mon avis, c\u2019est la qualit\u00e9 de mes \u0153uvres qui fait affluer les offres publicitaires et autres importants projets comme celui d\u2019Elle d\u2019elissa&#8230;<\/p>\n<p><strong><em>Votre carri\u00e8re artistique serait-elle un handicap \u00e0 un projet de mariage?<\/em><\/strong> Pas du tout. Mon probl\u00e8me est celui de toutes les filles, m\u00eame celles qui travaillent dans d\u2019autres domaines. J\u2019ai envie de tomber amoureuse, de trouver l\u2019homme qui puisse vraiment me plaire et me rendre heureuse. Cependant, avec l\u2019\u00e2ge, la conception des choses \u00e9volue: l\u2019homme qui me plaisait il y a dix ans, ne me dit rien aujourd\u2019hui&#8230; L\u2019id\u00e9e de l\u2019engagement ne quitte pas mon esprit, j\u2019aime les enfants, la vie familiale, et malgr\u00e9 mon agenda surcharg\u00e9, j\u2019ai le temps de fonder une famille.<\/p>\n<p><strong><em>Quelles sont les r\u00e9solutions que vous avez prises pour 2008?<\/em><\/strong> Je vais d\u2019abord travailler sur les vid\u00e9o-clips du nouvel album. Aussi, mon devoir est-il d\u2019\u0153uvrer dans toutes les directions pour pr\u00e9server mon image de marque, puisqu\u2019apr\u00e8s dix ans de carri\u00e8re, faire une vir\u00e9e est inadmissible. J\u2019essaie d\u2019\u00eatre toujours \u00e9gale \u00e0 moi-m\u00eame, et de maintenir mon \u00e9quilibre psychologique et intellectuel, cela est primordial dans ma vie artistique et priv\u00e9e. Par ailleurs, j\u2019aspire \u00e0 remporter le prix \u00abWorld Music Award\u00bb pour la troisi\u00e8me fois, et je remercie Dieu qui m\u2019a combl\u00e9e de Sa bont\u00e9.<\/p>\n<p><strong><em>Vous \u00eates parmi les rares artistes qui ne changent pas souvent leur look&#8230;<\/em><\/strong> Comme toutes les filles de ma g\u00e9n\u00e9ration, j\u2019aime bien avoir un look soign\u00e9. J\u2019aime suivre la mode tout en camouflant mes d\u00e9fauts. Cependant travailler mon look n\u2019est pas mon premier souci. Je recherche certes l\u2019original mais, dans ma nature, j\u2019aime la simplicit\u00e9, notamment dans le choix des v\u00eatements. Sur un autre plan, je n\u2019aime pas changer la coupe de mes cheveux, ni leur couleur naturelle. D\u2019ailleurs, les photos du CD <em>Ayami Bik<\/em> me repr\u00e9sentent avec la m\u00eame coiffure, le m\u00eame style vestimentaire qui me caract\u00e9risent dans mes diff\u00e9rentes s\u00e9ances-photos. La simplicit\u00e9 reste mon leitmotiv. Et l\u00e0, j\u2019aimerais affirmer que je suis vraiment flatt\u00e9e lorsqu\u2019on me f\u00e9licite pour mes chansons et ma voix. Il est vrai qu\u2019\u00e0 l\u2019aube de ma carri\u00e8re, je me suis envelopp\u00e9e d\u2019un drap dans le vid\u00e9o-clip <em>Agmal Ehssas<\/em>, consid\u00e9r\u00e9 trop os\u00e9 par certains critiques, pourtant assez d\u00e9cent, compar\u00e9 \u00e0 ceux qu\u2019on regarde aujourd\u2019hui. Dans ce cadre, je me souviens qu\u2019au cours du Festival de la chanson arabe alors que je me trouvais en Egypte, <em>Agmal Ehssas<\/em> a \u00e9t\u00e9 class\u00e9 meilleur vid\u00e9o-clip du monde arabe, selon les sondages effectu\u00e9s aupr\u00e8s du public arabe. Ce fait m\u2019a donn\u00e9 la certitude que cette \u0153uvre a \u00e9t\u00e9 \u00e0 tort jug\u00e9e provocante, les gens \u00e0 l\u2019\u00e9poque n\u2019\u00e9tant pas encore emport\u00e9s par la vague des audaces. Avec le temps, les avis ont chang\u00e9, mes chansons, ma voix et mon parcours sont fort respect\u00e9s et estim\u00e9s&#8230; Pour ma part, ce point est le plus important.<\/p>\n<p><strong><em>Quels sont les secrets de votre beaut\u00e9? <\/em><\/strong>En deux mots, la nourriture saine et le sport. Je fais chaque matin deux heures d\u2019activit\u00e9s sportives: une heure de marche, suivie d\u2019une heure de sport avec un \u00abpersonal trainer\u00bb qui vient chez moi, tous les jours. Au cours de mes nombreux voyages \u00e0 l\u2019\u00e9tranger, je fais \u00e9galement beaucoup de sport. D\u2019une part, il active la circulation sanguine, de l\u2019autre, il renouvelle les cellules. En outre, le sport est un excellent moyen pour se d\u00e9fouler et se d\u00e9barrasser du stress, devenu notre pain quotidien. Par ailleurs, je consomme beaucoup de fruits, je soigne mon visage, en n\u2019utilisant pour ma peau sensible que les cr\u00e8mes m\u00e9dicales prescrites par mon dermatologue. En revanche, je trouve du plaisir \u00e0 utiliser les produits \u00absp\u00e9cial corps\u00bb qui assurent une peau de p\u00eache douce et satin\u00e9e tels les produits japonais et ceux utilis\u00e9s en SPA.<\/p>\n<p><strong><em>Le shopping figure-t-il parmi la liste de vos hobbies?<\/em><\/strong> J\u2019adore faire du shopping. J\u2019ai d\u2019ailleurs une garde-robe tr\u00e8s riche que je ne cesse de renouveler. Cela dit, je fais prochainement un saut \u00e0 Paris pour assister \u00e0 la Semaine de la Mode qui pr\u00e9sente, comme chaque ann\u00e9e, des \u00e9ditions limit\u00e9es. Je profite de ce prestigieux \u00e9v\u00e9nement pour compl\u00e9ter ma garde-robe. Parmi mes couturiers pr\u00e9f\u00e9r\u00e9s, je cite Dolce &amp; Gabbana, Elie Saab et Gucci. Le jour, je pr\u00e9f\u00e8re la tenue facile \u00e0 porter qui me met \u00e0 l\u2019aise. Le soir, j\u2019aime \u00eatre \u00e9l\u00e9gante et parfaitement maquill\u00e9e. Si mon choix tombe sur le jean, je le porterai en le rehaussant avec un joli top et des chaussures originales.<\/p>\n<p><strong><em>Dans le vid\u00e9o-clip \u00abAychalak\u00bb, vous \u00e9tiez habill\u00e9e par la Maison Dior&#8230;<\/em><\/strong> Ma relation avec la Maison Christian Dior est remarquable. Ainsi, \u00e0 l\u2019occasion du 60e anniversaire de la Maison, r\u00e9cemment organis\u00e9 \u00e0 Dubai, j\u2019ai \u00e9t\u00e9 invit\u00e9e en tant que c\u00e9l\u00e9brit\u00e9 du Moyen-Orient, et j\u2019ai port\u00e9 une cr\u00e9ation de la nouvelle et sublime collection Dior.<\/p>\n<p><strong><em>Quel est votre principal d\u00e9faut?<\/em><\/strong> Mes r\u00e9actions spontan\u00e9es, directes et rapides d\u00e9rangent certaines personnes. A mon avis, c\u2019est une de mes qualit\u00e9s car, \u00e9tant honn\u00eate et franche, je ne sais pas jouer la com\u00e9die, cacher mes pens\u00e9es et freiner mes r\u00e9actions. <em>Propos recueillis par <strong>Maria Nadim.<\/strong><\/em><\/p>\n<p>&nbsp;<\/p>\n<p>&nbsp;<\/p>\n<p>&nbsp;<\/p>\n","protected":false},"excerpt":{"rendered":"<p><em>Apr\u00e8s plusieurs albums \u00e0 succ\u00e8s et des contrats publicitaires avec de grandes marques internationales, nous avons rencontr\u00e9 la talentueuse artiste Elissa pour en savoir plus.<\/em><\/p>\n","protected":false},"author":3,"featured_media":22504,"comment_status":"closed","ping_status":"closed","sticky":false,"template":"","format":"standard","meta":[],"categories":[13331],"tags":[],"yoast_head":"<!-- This site is optimized with the Yoast SEO plugin v19.4 - https:\/\/yoast.com\/wordpress\/plugins\/seo\/ -->\n<title>Elissa: glamour et s\u00e9duction - Prestige Magazine<\/title>\n<meta name=\"description\" content=\"Apr\u00e8s plusieurs albums \u00e0 succ\u00e8s et des contrats publicitaires avec de grandes marques internationales, nous avons rencontr\u00e9 la talentueuse artiste Elissa pour en savoir plus.\" \/>\n<meta name=\"robots\" content=\"index, follow, max-snippet:-1, max-image-preview:large, max-video-preview:-1\" \/>\n<link rel=\"canonical\" href=\"https:\/\/www.prestigemag.co\/fr\/2018\/09\/elissa-glamour-et-seduction\/\" \/>\n<meta property=\"og:locale\" content=\"fr_FR\" \/>\n<meta property=\"og:type\" content=\"article\" \/>\n<meta property=\"og:title\" content=\"Elissa: glamour et s\u00e9duction - Prestige Magazine\" \/>\n<meta property=\"og:description\" content=\"Apr\u00e8s plusieurs albums \u00e0 succ\u00e8s et des contrats publicitaires avec de grandes marques internationales, nous avons rencontr\u00e9 la talentueuse artiste Elissa pour en savoir plus.\" \/>\n<meta property=\"og:url\" content=\"https:\/\/www.prestigemag.co\/fr\/2018\/09\/elissa-glamour-et-seduction\/\" \/>\n<meta property=\"og:site_name\" content=\"Prestige Magazine\" \/>\n<meta property=\"article:publisher\" content=\"https:\/\/www.facebook.com\/prestigemag.co\/\" \/>\n<meta property=\"article:published_time\" content=\"2018-09-10T11:51:11+00:00\" \/>\n<meta property=\"og:image\" content=\"https:\/\/www.prestigemag.co\/wp-content\/uploads\/2018\/09\/Elissa.jpg\" \/>\n\t<meta property=\"og:image:width\" content=\"1000\" \/>\n\t<meta property=\"og:image:height\" content=\"409\" \/>\n\t<meta property=\"og:image:type\" content=\"image\/jpeg\" \/>\n<meta name=\"author\" content=\"prestige\" \/>\n<meta name=\"twitter:card\" content=\"summary\" \/>\n<meta name=\"twitter:label1\" content=\"\u00c9crit par\" \/>\n\t<meta name=\"twitter:data1\" content=\"prestige\" \/>\n\t<meta name=\"twitter:label2\" content=\"Dur\u00e9e de lecture estim\u00e9e\" \/>\n\t<meta name=\"twitter:data2\" content=\"8 minutes\" \/>\n<script type=\"application\/ld+json\" class=\"yoast-schema-graph\">{\"@context\":\"https:\/\/schema.org\",\"@graph\":[{\"@type\":\"Organization\",\"@id\":\"https:\/\/www.prestigemag.co\/#organization\",\"name\":\"Prestige\",\"url\":\"https:\/\/www.prestigemag.co\/\",\"sameAs\":[\"https:\/\/www.instagram.com\/prestige.mag\/\",\"https:\/\/www.facebook.com\/prestigemag.co\/\"],\"logo\":{\"@type\":\"ImageObject\",\"inLanguage\":\"fr-FR\",\"@id\":\"https:\/\/www.prestigemag.co\/#\/schema\/logo\/image\/\",\"url\":\"https:\/\/www.prestigemag.co\/wp-content\/uploads\/2021\/11\/logo-Prestige-800x200-1.png\",\"contentUrl\":\"https:\/\/www.prestigemag.co\/wp-content\/uploads\/2021\/11\/logo-Prestige-800x200-1.png\",\"width\":800,\"height\":200,\"caption\":\"Prestige\"},\"image\":{\"@id\":\"https:\/\/www.prestigemag.co\/#\/schema\/logo\/image\/\"}},{\"@type\":\"WebSite\",\"@id\":\"https:\/\/www.prestigemag.co\/#website\",\"url\":\"https:\/\/www.prestigemag.co\/\",\"name\":\"Prestige Magazine\",\"description\":\"Le Monde Des C\u00e9l\u00e9brit\u00e9s\",\"publisher\":{\"@id\":\"https:\/\/www.prestigemag.co\/#organization\"},\"potentialAction\":[{\"@type\":\"SearchAction\",\"target\":{\"@type\":\"EntryPoint\",\"urlTemplate\":\"https:\/\/www.prestigemag.co\/?s={search_term_string}\"},\"query-input\":\"required name=search_term_string\"}],\"inLanguage\":\"fr-FR\"},{\"@type\":\"WebPage\",\"@id\":\"https:\/\/www.prestigemag.co\/fr\/2018\/09\/elissa-glamour-et-seduction\/\",\"url\":\"https:\/\/www.prestigemag.co\/fr\/2018\/09\/elissa-glamour-et-seduction\/\",\"name\":\"Elissa: glamour et s\u00e9duction - Prestige Magazine\",\"isPartOf\":{\"@id\":\"https:\/\/www.prestigemag.co\/#website\"},\"datePublished\":\"2018-09-10T11:51:11+00:00\",\"dateModified\":\"2018-09-10T11:51:11+00:00\",\"description\":\"Apr\u00e8s plusieurs albums \u00e0 succ\u00e8s et des contrats publicitaires avec de grandes marques internationales, nous avons rencontr\u00e9 la talentueuse artiste Elissa pour en savoir plus.\",\"breadcrumb\":{\"@id\":\"https:\/\/www.prestigemag.co\/fr\/2018\/09\/elissa-glamour-et-seduction\/#breadcrumb\"},\"inLanguage\":\"fr-FR\",\"potentialAction\":[{\"@type\":\"ReadAction\",\"target\":[\"https:\/\/www.prestigemag.co\/fr\/2018\/09\/elissa-glamour-et-seduction\/\"]}]},{\"@type\":\"BreadcrumbList\",\"@id\":\"https:\/\/www.prestigemag.co\/fr\/2018\/09\/elissa-glamour-et-seduction\/#breadcrumb\",\"itemListElement\":[{\"@type\":\"ListItem\",\"position\":1,\"name\":\"Home\",\"item\":\"https:\/\/www.prestigemag.co\/fr\/\"},{\"@type\":\"ListItem\",\"position\":2,\"name\":\"Elissa: glamour et s\u00e9duction\"}]},{\"@type\":\"Article\",\"@id\":\"https:\/\/www.prestigemag.co\/fr\/2018\/09\/elissa-glamour-et-seduction\/#article\",\"isPartOf\":{\"@id\":\"https:\/\/www.prestigemag.co\/fr\/2018\/09\/elissa-glamour-et-seduction\/\"},\"author\":{\"name\":\"prestige\",\"@id\":\"https:\/\/www.prestigemag.co\/#\/schema\/person\/e3f149368970128d68bb2d797bf30fbc\"},\"headline\":\"Elissa: glamour et s\u00e9duction\",\"datePublished\":\"2018-09-10T11:51:11+00:00\",\"dateModified\":\"2018-09-10T11:51:11+00:00\",\"mainEntityOfPage\":{\"@id\":\"https:\/\/www.prestigemag.co\/fr\/2018\/09\/elissa-glamour-et-seduction\/\"},\"wordCount\":1601,\"publisher\":{\"@id\":\"https:\/\/www.prestigemag.co\/#organization\"},\"articleSection\":[\"Entrevues\"],\"inLanguage\":\"fr-FR\"},{\"@type\":\"Person\",\"@id\":\"https:\/\/www.prestigemag.co\/#\/schema\/person\/e3f149368970128d68bb2d797bf30fbc\",\"name\":\"prestige\",\"image\":{\"@type\":\"ImageObject\",\"inLanguage\":\"fr-FR\",\"@id\":\"https:\/\/www.prestigemag.co\/#\/schema\/person\/image\/\",\"url\":\"https:\/\/secure.gravatar.com\/avatar\/0aa2dff5484d35e50578639a2c3ccef9?s=96&d=mm&r=g\",\"contentUrl\":\"https:\/\/secure.gravatar.com\/avatar\/0aa2dff5484d35e50578639a2c3ccef9?s=96&d=mm&r=g\",\"caption\":\"prestige\"},\"url\":\"https:\/\/www.prestigemag.co\/fr\/author\/prestige\/\"}]}<\/script>\n<!-- \/ Yoast SEO plugin. -->","yoast_head_json":{"title":"Elissa: glamour et s\u00e9duction - Prestige Magazine","description":"Apr\u00e8s plusieurs albums \u00e0 succ\u00e8s et des contrats publicitaires avec de grandes marques internationales, nous avons rencontr\u00e9 la talentueuse artiste Elissa pour en savoir plus.","robots":{"index":"index","follow":"follow","max-snippet":"max-snippet:-1","max-image-preview":"max-image-preview:large","max-video-preview":"max-video-preview:-1"},"canonical":"https:\/\/www.prestigemag.co\/fr\/2018\/09\/elissa-glamour-et-seduction\/","og_locale":"fr_FR","og_type":"article","og_title":"Elissa: glamour et s\u00e9duction - Prestige Magazine","og_description":"Apr\u00e8s plusieurs albums \u00e0 succ\u00e8s et des contrats publicitaires avec de grandes marques internationales, nous avons rencontr\u00e9 la talentueuse artiste Elissa pour en savoir plus.","og_url":"https:\/\/www.prestigemag.co\/fr\/2018\/09\/elissa-glamour-et-seduction\/","og_site_name":"Prestige Magazine","article_publisher":"https:\/\/www.facebook.com\/prestigemag.co\/","article_published_time":"2018-09-10T11:51:11+00:00","og_image":[{"width":1000,"height":409,"url":"https:\/\/www.prestigemag.co\/wp-content\/uploads\/2018\/09\/Elissa.jpg","type":"image\/jpeg"}],"author":"prestige","twitter_card":"summary","twitter_misc":{"\u00c9crit par":"prestige","Dur\u00e9e de lecture estim\u00e9e":"8 minutes"},"schema":{"@context":"https:\/\/schema.org","@graph":[{"@type":"Organization","@id":"https:\/\/www.prestigemag.co\/#organization","name":"Prestige","url":"https:\/\/www.prestigemag.co\/","sameAs":["https:\/\/www.instagram.com\/prestige.mag\/","https:\/\/www.facebook.com\/prestigemag.co\/"],"logo":{"@type":"ImageObject","inLanguage":"fr-FR","@id":"https:\/\/www.prestigemag.co\/#\/schema\/logo\/image\/","url":"https:\/\/www.prestigemag.co\/wp-content\/uploads\/2021\/11\/logo-Prestige-800x200-1.png","contentUrl":"https:\/\/www.prestigemag.co\/wp-content\/uploads\/2021\/11\/logo-Prestige-800x200-1.png","width":800,"height":200,"caption":"Prestige"},"image":{"@id":"https:\/\/www.prestigemag.co\/#\/schema\/logo\/image\/"}},{"@type":"WebSite","@id":"https:\/\/www.prestigemag.co\/#website","url":"https:\/\/www.prestigemag.co\/","name":"Prestige Magazine","description":"Le Monde Des C\u00e9l\u00e9brit\u00e9s","publisher":{"@id":"https:\/\/www.prestigemag.co\/#organization"},"potentialAction":[{"@type":"SearchAction","target":{"@type":"EntryPoint","urlTemplate":"https:\/\/www.prestigemag.co\/?s={search_term_string}"},"query-input":"required name=search_term_string"}],"inLanguage":"fr-FR"},{"@type":"WebPage","@id":"https:\/\/www.prestigemag.co\/fr\/2018\/09\/elissa-glamour-et-seduction\/","url":"https:\/\/www.prestigemag.co\/fr\/2018\/09\/elissa-glamour-et-seduction\/","name":"Elissa: glamour et s\u00e9duction - Prestige Magazine","isPartOf":{"@id":"https:\/\/www.prestigemag.co\/#website"},"datePublished":"2018-09-10T11:51:11+00:00","dateModified":"2018-09-10T11:51:11+00:00","description":"Apr\u00e8s plusieurs albums \u00e0 succ\u00e8s et des contrats publicitaires avec de grandes marques internationales, nous avons rencontr\u00e9 la talentueuse artiste Elissa pour en savoir plus.","breadcrumb":{"@id":"https:\/\/www.prestigemag.co\/fr\/2018\/09\/elissa-glamour-et-seduction\/#breadcrumb"},"inLanguage":"fr-FR","potentialAction":[{"@type":"ReadAction","target":["https:\/\/www.prestigemag.co\/fr\/2018\/09\/elissa-glamour-et-seduction\/"]}]},{"@type":"BreadcrumbList","@id":"https:\/\/www.prestigemag.co\/fr\/2018\/09\/elissa-glamour-et-seduction\/#breadcrumb","itemListElement":[{"@type":"ListItem","position":1,"name":"Home","item":"https:\/\/www.prestigemag.co\/fr\/"},{"@type":"ListItem","position":2,"name":"Elissa: glamour et s\u00e9duction"}]},{"@type":"Article","@id":"https:\/\/www.prestigemag.co\/fr\/2018\/09\/elissa-glamour-et-seduction\/#article","isPartOf":{"@id":"https:\/\/www.prestigemag.co\/fr\/2018\/09\/elissa-glamour-et-seduction\/"},"author":{"name":"prestige","@id":"https:\/\/www.prestigemag.co\/#\/schema\/person\/e3f149368970128d68bb2d797bf30fbc"},"headline":"Elissa: glamour et s\u00e9duction","datePublished":"2018-09-10T11:51:11+00:00","dateModified":"2018-09-10T11:51:11+00:00","mainEntityOfPage":{"@id":"https:\/\/www.prestigemag.co\/fr\/2018\/09\/elissa-glamour-et-seduction\/"},"wordCount":1601,"publisher":{"@id":"https:\/\/www.prestigemag.co\/#organization"},"articleSection":["Entrevues"],"inLanguage":"fr-FR"},{"@type":"Person","@id":"https:\/\/www.prestigemag.co\/#\/schema\/person\/e3f149368970128d68bb2d797bf30fbc","name":"prestige","image":{"@type":"ImageObject","inLanguage":"fr-FR","@id":"https:\/\/www.prestigemag.co\/#\/schema\/person\/image\/","url":"https:\/\/secure.gravatar.com\/avatar\/0aa2dff5484d35e50578639a2c3ccef9?s=96&d=mm&r=g","contentUrl":"https:\/\/secure.gravatar.com\/avatar\/0aa2dff5484d35e50578639a2c3ccef9?s=96&d=mm&r=g","caption":"prestige"},"url":"https:\/\/www.prestigemag.co\/fr\/author\/prestige\/"}]}},"_links":{"self":[{"href":"https:\/\/www.prestigemag.co\/fr\/wp-json\/wp\/v2\/posts\/22503"}],"collection":[{"href":"https:\/\/www.prestigemag.co\/fr\/wp-json\/wp\/v2\/posts"}],"about":[{"href":"https:\/\/www.prestigemag.co\/fr\/wp-json\/wp\/v2\/types\/post"}],"author":[{"embeddable":true,"href":"https:\/\/www.prestigemag.co\/fr\/wp-json\/wp\/v2\/users\/3"}],"replies":[{"embeddable":true,"href":"https:\/\/www.prestigemag.co\/fr\/wp-json\/wp\/v2\/comments?post=22503"}],"version-history":[{"count":0,"href":"https:\/\/www.prestigemag.co\/fr\/wp-json\/wp\/v2\/posts\/22503\/revisions"}],"wp:featuredmedia":[{"embeddable":true,"href":"https:\/\/www.prestigemag.co\/fr\/wp-json\/wp\/v2\/media\/22504"}],"wp:attachment":[{"href":"https:\/\/www.prestigemag.co\/fr\/wp-json\/wp\/v2\/media?parent=22503"}],"wp:term":[{"taxonomy":"category","embeddable":true,"href":"https:\/\/www.prestigemag.co\/fr\/wp-json\/wp\/v2\/categories?post=22503"},{"taxonomy":"post_tag","embeddable":true,"href":"https:\/\/www.prestigemag.co\/fr\/wp-json\/wp\/v2\/tags?post=22503"}],"curies":[{"name":"wp","href":"https:\/\/api.w.org\/{rel}","templated":true}]}}