{"id":22521,"date":"2018-10-01T07:41:13","date_gmt":"2018-10-01T07:41:13","guid":{"rendered":"http:\/\/www.prestigemag.co\/2018\/10\/inauguration-du-magasin-hermes-a-beyrouth\/"},"modified":"2018-10-01T07:41:13","modified_gmt":"2018-10-01T07:41:13","slug":"inauguration-du-magasin-hermes-a-beyrouth","status":"publish","type":"post","link":"https:\/\/www.prestigemag.co\/fr\/2018\/10\/inauguration-du-magasin-hermes-a-beyrouth\/","title":{"rendered":"Inauguration du magasin Herm\u00e8s \u00e0 Beyrouth"},"content":{"rendered":"<h3>Sous le signe du d\u00e9doublement visuel, la boutique Herm\u00e8s Beyrouth a f\u00eat\u00e9 sa r\u00e9ouverture, en pr\u00e9sence du Premier ministre libanais Saad el Hariri, du ministre de la Culture Ghattas Khoury, du directeur g\u00e9n\u00e9ral d\u2019Herm\u00e8s, Florian Craen, du pr\u00e9sident du conseil de g\u00e9rance d\u2019Emile Herm\u00e8s sarl Henri-Louis Bauer et de Mich\u00e8le et Nicolas Garzouzi.<\/h3>\n<p>&nbsp;<\/p>\n<p>&nbsp;<\/p>\n<figure id=\"attachment_15802\" aria-describedby=\"caption-attachment-15802\" style=\"width: 945px\" class=\"wp-caption aligncenter\"><a href=\"http:\/\/www.prestigemag.co\/wp-content\/uploads\/2018\/10\/Herm\u00e8s-Windows-@Roger-Moukarzel.jpg\"><img src=\"data:image\/svg+xml,%3Csvg%20xmlns='http:\/\/www.w3.org\/2000\/svg'%20viewBox='0%200%20945%20445'%3E%3C\/svg%3E\" class=\"zeen-lazy-load-base zeen-lazy-load wp-image-15802 size-full\" data-lazy-src=\"http:\/\/www.prestigemag.co\/wp-content\/uploads\/2018\/10\/Herm\u00e8s-Windows-@Roger-Moukarzel.jpg\" alt=\"\" width=\"945\" height=\"445\" data-lazy-srcset=\"https:\/\/www.prestigemag.co\/wp-content\/uploads\/2018\/10\/Herm\u00e8s-Windows-@Roger-Moukarzel.jpg 945w, https:\/\/www.prestigemag.co\/wp-content\/uploads\/2018\/10\/Herm\u00e8s-Windows-@Roger-Moukarzel-300x141.jpg 300w, https:\/\/www.prestigemag.co\/wp-content\/uploads\/2018\/10\/Herm\u00e8s-Windows-@Roger-Moukarzel-768x362.jpg 768w, https:\/\/www.prestigemag.co\/wp-content\/uploads\/2018\/10\/Herm\u00e8s-Windows-@Roger-Moukarzel-150x71.jpg 150w, https:\/\/www.prestigemag.co\/wp-content\/uploads\/2018\/10\/Herm\u00e8s-Windows-@Roger-Moukarzel-600x283.jpg 600w, https:\/\/www.prestigemag.co\/wp-content\/uploads\/2018\/10\/Herm\u00e8s-Windows-@Roger-Moukarzel-265x125.jpg 265w, https:\/\/www.prestigemag.co\/wp-content\/uploads\/2018\/10\/Herm\u00e8s-Windows-@Roger-Moukarzel-142x67.jpg 142w\" data-lazy-sizes=\"(max-width: 945px) 100vw, 945px\" \/><figcaption id=\"caption-attachment-15802\" class=\"wp-caption-text\"><noscript><img class=\"wp-image-15802 size-full\" src=\"http:\/\/www.prestigemag.co\/wp-content\/uploads\/2018\/10\/Herm\u00e8s-Windows-@Roger-Moukarzel.jpg\" alt=\"\" width=\"945\" height=\"445\" srcset=\"https:\/\/www.prestigemag.co\/wp-content\/uploads\/2018\/10\/Herm\u00e8s-Windows-@Roger-Moukarzel.jpg 945w, https:\/\/www.prestigemag.co\/wp-content\/uploads\/2018\/10\/Herm\u00e8s-Windows-@Roger-Moukarzel-300x141.jpg 300w, https:\/\/www.prestigemag.co\/wp-content\/uploads\/2018\/10\/Herm\u00e8s-Windows-@Roger-Moukarzel-768x362.jpg 768w, https:\/\/www.prestigemag.co\/wp-content\/uploads\/2018\/10\/Herm\u00e8s-Windows-@Roger-Moukarzel-150x71.jpg 150w, https:\/\/www.prestigemag.co\/wp-content\/uploads\/2018\/10\/Herm\u00e8s-Windows-@Roger-Moukarzel-600x283.jpg 600w, https:\/\/www.prestigemag.co\/wp-content\/uploads\/2018\/10\/Herm\u00e8s-Windows-@Roger-Moukarzel-265x125.jpg 265w, https:\/\/www.prestigemag.co\/wp-content\/uploads\/2018\/10\/Herm\u00e8s-Windows-@Roger-Moukarzel-142x67.jpg 142w\" sizes=\"(max-width: 945px) 100vw, 945px\" \/><\/noscript><\/a> \u00a9 Roger Moukarzel.<\/figcaption><\/figure>\n<p>&nbsp;<\/p>\n<p>Ce th\u00e8me, en clin d\u2019\u0153il \u00e0 l\u2019agrandissement du lieu du simple au double, a anim\u00e9 la soir\u00e9e d\u2019inauguration. A travers des jeux de reflets, la perception de l\u2019espace s\u2019est modifi\u00e9e pour se d\u00e9multiplier \u00e0 l\u2019envi, invitant \u00e0 regarder diff\u00e9remment le monde. Variations du r\u00e9el, illusions d\u2019optique et effets de surprise se sont conjugu\u00e9s avec des lumi\u00e8res comme autant de touches d\u2019or, ainsi que des d\u00e9cors v\u00e9g\u00e9taux aux tonalit\u00e9s blondes. Une sc\u00e9nographie \u00e9tincelante, onirique, g\u00e9n\u00e9reuse.<\/p>\n<p>&nbsp;<\/p>\n<p>&nbsp;<\/p>\n<figure id=\"attachment_15803\" aria-describedby=\"caption-attachment-15803\" style=\"width: 708px\" class=\"wp-caption aligncenter\"><a href=\"http:\/\/www.prestigemag.co\/wp-content\/uploads\/2018\/10\/Prime-minister-Saad-el-Hariri-with-Nicolas-Gharzouzi.jpg\"><img src=\"data:image\/svg+xml,%3Csvg%20xmlns='http:\/\/www.w3.org\/2000\/svg'%20viewBox='0%200%20708%20582'%3E%3C\/svg%3E\" class=\"zeen-lazy-load-base zeen-lazy-load wp-image-15803 size-full\" data-lazy-src=\"http:\/\/www.prestigemag.co\/wp-content\/uploads\/2018\/10\/Prime-minister-Saad-el-Hariri-with-Nicolas-Gharzouzi.jpg\" alt=\"\" width=\"708\" height=\"582\" data-lazy-srcset=\"https:\/\/www.prestigemag.co\/wp-content\/uploads\/2018\/10\/Prime-minister-Saad-el-Hariri-with-Nicolas-Gharzouzi.jpg 708w, https:\/\/www.prestigemag.co\/wp-content\/uploads\/2018\/10\/Prime-minister-Saad-el-Hariri-with-Nicolas-Gharzouzi-300x247.jpg 300w, https:\/\/www.prestigemag.co\/wp-content\/uploads\/2018\/10\/Prime-minister-Saad-el-Hariri-with-Nicolas-Gharzouzi-150x123.jpg 150w, https:\/\/www.prestigemag.co\/wp-content\/uploads\/2018\/10\/Prime-minister-Saad-el-Hariri-with-Nicolas-Gharzouzi-456x375.jpg 456w, https:\/\/www.prestigemag.co\/wp-content\/uploads\/2018\/10\/Prime-minister-Saad-el-Hariri-with-Nicolas-Gharzouzi-152x125.jpg 152w, https:\/\/www.prestigemag.co\/wp-content\/uploads\/2018\/10\/Prime-minister-Saad-el-Hariri-with-Nicolas-Gharzouzi-82x67.jpg 82w\" data-lazy-sizes=\"(max-width: 708px) 100vw, 708px\" \/><figcaption id=\"caption-attachment-15803\" class=\"wp-caption-text\"><noscript><img class=\"wp-image-15803 size-full\" src=\"http:\/\/www.prestigemag.co\/wp-content\/uploads\/2018\/10\/Prime-minister-Saad-el-Hariri-with-Nicolas-Gharzouzi.jpg\" alt=\"\" width=\"708\" height=\"582\" srcset=\"https:\/\/www.prestigemag.co\/wp-content\/uploads\/2018\/10\/Prime-minister-Saad-el-Hariri-with-Nicolas-Gharzouzi.jpg 708w, https:\/\/www.prestigemag.co\/wp-content\/uploads\/2018\/10\/Prime-minister-Saad-el-Hariri-with-Nicolas-Gharzouzi-300x247.jpg 300w, https:\/\/www.prestigemag.co\/wp-content\/uploads\/2018\/10\/Prime-minister-Saad-el-Hariri-with-Nicolas-Gharzouzi-150x123.jpg 150w, https:\/\/www.prestigemag.co\/wp-content\/uploads\/2018\/10\/Prime-minister-Saad-el-Hariri-with-Nicolas-Gharzouzi-456x375.jpg 456w, https:\/\/www.prestigemag.co\/wp-content\/uploads\/2018\/10\/Prime-minister-Saad-el-Hariri-with-Nicolas-Gharzouzi-152x125.jpg 152w, https:\/\/www.prestigemag.co\/wp-content\/uploads\/2018\/10\/Prime-minister-Saad-el-Hariri-with-Nicolas-Gharzouzi-82x67.jpg 82w\" sizes=\"(max-width: 708px) 100vw, 708px\" \/><\/noscript><\/a> Saad el Hariri et Nicolas Gharzouzi. \u00a9 Herm\u00e8s<\/figcaption><\/figure>\n<p>&nbsp;<\/p>\n<p>&nbsp;<\/p>\n<figure id=\"attachment_15804\" aria-describedby=\"caption-attachment-15804\" style=\"width: 787px\" class=\"wp-caption aligncenter\"><a href=\"http:\/\/www.prestigemag.co\/wp-content\/uploads\/2018\/10\/Nicolas-Gharzouzi-minister-Ghattas-Khoury-Mich\u00e8le-Gharzouzi-Florian-Craen-Henri-Louis-Bauer.jpg\"><img src=\"data:image\/svg+xml,%3Csvg%20xmlns='http:\/\/www.w3.org\/2000\/svg'%20viewBox='0%200%20787%20525'%3E%3C\/svg%3E\" class=\"zeen-lazy-load-base zeen-lazy-load wp-image-15804 size-full\" data-lazy-src=\"http:\/\/www.prestigemag.co\/wp-content\/uploads\/2018\/10\/Nicolas-Gharzouzi-minister-Ghattas-Khoury-Mich\u00e8le-Gharzouzi-Florian-Craen-Henri-Louis-Bauer.jpg\" alt=\"\" width=\"787\" height=\"525\" data-lazy-srcset=\"https:\/\/www.prestigemag.co\/wp-content\/uploads\/2018\/10\/Nicolas-Gharzouzi-minister-Ghattas-Khoury-Mich\u00e8le-Gharzouzi-Florian-Craen-Henri-Louis-Bauer.jpg 787w, https:\/\/www.prestigemag.co\/wp-content\/uploads\/2018\/10\/Nicolas-Gharzouzi-minister-Ghattas-Khoury-Mich\u00e8le-Gharzouzi-Florian-Craen-Henri-Louis-Bauer-300x200.jpg 300w, https:\/\/www.prestigemag.co\/wp-content\/uploads\/2018\/10\/Nicolas-Gharzouzi-minister-Ghattas-Khoury-Mich\u00e8le-Gharzouzi-Florian-Craen-Henri-Louis-Bauer-768x512.jpg 768w, https:\/\/www.prestigemag.co\/wp-content\/uploads\/2018\/10\/Nicolas-Gharzouzi-minister-Ghattas-Khoury-Mich\u00e8le-Gharzouzi-Florian-Craen-Henri-Louis-Bauer-150x100.jpg 150w, https:\/\/www.prestigemag.co\/wp-content\/uploads\/2018\/10\/Nicolas-Gharzouzi-minister-Ghattas-Khoury-Mich\u00e8le-Gharzouzi-Florian-Craen-Henri-Louis-Bauer-562x375.jpg 562w, https:\/\/www.prestigemag.co\/wp-content\/uploads\/2018\/10\/Nicolas-Gharzouzi-minister-Ghattas-Khoury-Mich\u00e8le-Gharzouzi-Florian-Craen-Henri-Louis-Bauer-187x125.jpg 187w, https:\/\/www.prestigemag.co\/wp-content\/uploads\/2018\/10\/Nicolas-Gharzouzi-minister-Ghattas-Khoury-Mich\u00e8le-Gharzouzi-Florian-Craen-Henri-Louis-Bauer-100x67.jpg 100w\" data-lazy-sizes=\"(max-width: 787px) 100vw, 787px\" \/><figcaption id=\"caption-attachment-15804\" class=\"wp-caption-text\"><noscript><img class=\"wp-image-15804 size-full\" src=\"http:\/\/www.prestigemag.co\/wp-content\/uploads\/2018\/10\/Nicolas-Gharzouzi-minister-Ghattas-Khoury-Mich\u00e8le-Gharzouzi-Florian-Craen-Henri-Louis-Bauer.jpg\" alt=\"\" width=\"787\" height=\"525\" srcset=\"https:\/\/www.prestigemag.co\/wp-content\/uploads\/2018\/10\/Nicolas-Gharzouzi-minister-Ghattas-Khoury-Mich\u00e8le-Gharzouzi-Florian-Craen-Henri-Louis-Bauer.jpg 787w, https:\/\/www.prestigemag.co\/wp-content\/uploads\/2018\/10\/Nicolas-Gharzouzi-minister-Ghattas-Khoury-Mich\u00e8le-Gharzouzi-Florian-Craen-Henri-Louis-Bauer-300x200.jpg 300w, https:\/\/www.prestigemag.co\/wp-content\/uploads\/2018\/10\/Nicolas-Gharzouzi-minister-Ghattas-Khoury-Mich\u00e8le-Gharzouzi-Florian-Craen-Henri-Louis-Bauer-768x512.jpg 768w, https:\/\/www.prestigemag.co\/wp-content\/uploads\/2018\/10\/Nicolas-Gharzouzi-minister-Ghattas-Khoury-Mich\u00e8le-Gharzouzi-Florian-Craen-Henri-Louis-Bauer-150x100.jpg 150w, https:\/\/www.prestigemag.co\/wp-content\/uploads\/2018\/10\/Nicolas-Gharzouzi-minister-Ghattas-Khoury-Mich\u00e8le-Gharzouzi-Florian-Craen-Henri-Louis-Bauer-562x375.jpg 562w, https:\/\/www.prestigemag.co\/wp-content\/uploads\/2018\/10\/Nicolas-Gharzouzi-minister-Ghattas-Khoury-Mich\u00e8le-Gharzouzi-Florian-Craen-Henri-Louis-Bauer-187x125.jpg 187w, https:\/\/www.prestigemag.co\/wp-content\/uploads\/2018\/10\/Nicolas-Gharzouzi-minister-Ghattas-Khoury-Mich\u00e8le-Gharzouzi-Florian-Craen-Henri-Louis-Bauer-100x67.jpg 100w\" sizes=\"(max-width: 787px) 100vw, 787px\" \/><\/noscript><\/a> Nicolas Gharzouzi, le ministre Ghattas Khoury, Mich\u00e8le Gharzouzi, Florian Craen, Henri-Louis Bauer. \u00a9 Herm\u00e8s.<\/figcaption><\/figure>\n<p>&nbsp;<\/p>\n<p>&nbsp;<\/p>\n<figure id=\"attachment_15805\" aria-describedby=\"caption-attachment-15805\" style=\"width: 787px\" class=\"wp-caption aligncenter\"><a href=\"http:\/\/www.prestigemag.co\/wp-content\/uploads\/2018\/10\/Herm\u00e8s-boutique-@Roger-Moukarzel.jpg\"><img src=\"data:image\/svg+xml,%3Csvg%20xmlns='http:\/\/www.w3.org\/2000\/svg'%20viewBox='0%200%20787%20525'%3E%3C\/svg%3E\" class=\"zeen-lazy-load-base zeen-lazy-load wp-image-15805 size-full\" data-lazy-src=\"http:\/\/www.prestigemag.co\/wp-content\/uploads\/2018\/10\/Herm\u00e8s-boutique-@Roger-Moukarzel.jpg\" alt=\"\" width=\"787\" height=\"525\" data-lazy-srcset=\"https:\/\/www.prestigemag.co\/wp-content\/uploads\/2018\/10\/Herm\u00e8s-boutique-@Roger-Moukarzel.jpg 787w, https:\/\/www.prestigemag.co\/wp-content\/uploads\/2018\/10\/Herm\u00e8s-boutique-@Roger-Moukarzel-300x200.jpg 300w, https:\/\/www.prestigemag.co\/wp-content\/uploads\/2018\/10\/Herm\u00e8s-boutique-@Roger-Moukarzel-768x512.jpg 768w, https:\/\/www.prestigemag.co\/wp-content\/uploads\/2018\/10\/Herm\u00e8s-boutique-@Roger-Moukarzel-150x100.jpg 150w, https:\/\/www.prestigemag.co\/wp-content\/uploads\/2018\/10\/Herm\u00e8s-boutique-@Roger-Moukarzel-562x375.jpg 562w, https:\/\/www.prestigemag.co\/wp-content\/uploads\/2018\/10\/Herm\u00e8s-boutique-@Roger-Moukarzel-187x125.jpg 187w, https:\/\/www.prestigemag.co\/wp-content\/uploads\/2018\/10\/Herm\u00e8s-boutique-@Roger-Moukarzel-100x67.jpg 100w\" data-lazy-sizes=\"(max-width: 787px) 100vw, 787px\" \/><figcaption id=\"caption-attachment-15805\" class=\"wp-caption-text\"><noscript><img class=\"wp-image-15805 size-full\" src=\"http:\/\/www.prestigemag.co\/wp-content\/uploads\/2018\/10\/Herm\u00e8s-boutique-@Roger-Moukarzel.jpg\" alt=\"\" width=\"787\" height=\"525\" srcset=\"https:\/\/www.prestigemag.co\/wp-content\/uploads\/2018\/10\/Herm\u00e8s-boutique-@Roger-Moukarzel.jpg 787w, https:\/\/www.prestigemag.co\/wp-content\/uploads\/2018\/10\/Herm\u00e8s-boutique-@Roger-Moukarzel-300x200.jpg 300w, https:\/\/www.prestigemag.co\/wp-content\/uploads\/2018\/10\/Herm\u00e8s-boutique-@Roger-Moukarzel-768x512.jpg 768w, https:\/\/www.prestigemag.co\/wp-content\/uploads\/2018\/10\/Herm\u00e8s-boutique-@Roger-Moukarzel-150x100.jpg 150w, https:\/\/www.prestigemag.co\/wp-content\/uploads\/2018\/10\/Herm\u00e8s-boutique-@Roger-Moukarzel-562x375.jpg 562w, https:\/\/www.prestigemag.co\/wp-content\/uploads\/2018\/10\/Herm\u00e8s-boutique-@Roger-Moukarzel-187x125.jpg 187w, https:\/\/www.prestigemag.co\/wp-content\/uploads\/2018\/10\/Herm\u00e8s-boutique-@Roger-Moukarzel-100x67.jpg 100w\" sizes=\"(max-width: 787px) 100vw, 787px\" \/><\/noscript><\/a> \u00a9 Roger Moukarzel<\/figcaption><\/figure>\n<p>&nbsp;<\/p>\n<p>&nbsp;<\/p>\n<figure id=\"attachment_15806\" aria-describedby=\"caption-attachment-15806\" style=\"width: 787px\" class=\"wp-caption aligncenter\"><a href=\"http:\/\/www.prestigemag.co\/wp-content\/uploads\/2018\/10\/Inside-Herm\u00e8s-@Roger-Moukarzel.jpg\"><img src=\"data:image\/svg+xml,%3Csvg%20xmlns='http:\/\/www.w3.org\/2000\/svg'%20viewBox='0%200%20787%20591'%3E%3C\/svg%3E\" class=\"zeen-lazy-load-base zeen-lazy-load wp-image-15806 size-full\" data-lazy-src=\"http:\/\/www.prestigemag.co\/wp-content\/uploads\/2018\/10\/Inside-Herm\u00e8s-@Roger-Moukarzel.jpg\" alt=\"\" width=\"787\" height=\"591\" data-lazy-srcset=\"https:\/\/www.prestigemag.co\/wp-content\/uploads\/2018\/10\/Inside-Herm\u00e8s-@Roger-Moukarzel.jpg 787w, https:\/\/www.prestigemag.co\/wp-content\/uploads\/2018\/10\/Inside-Herm\u00e8s-@Roger-Moukarzel-300x225.jpg 300w, https:\/\/www.prestigemag.co\/wp-content\/uploads\/2018\/10\/Inside-Herm\u00e8s-@Roger-Moukarzel-768x577.jpg 768w, https:\/\/www.prestigemag.co\/wp-content\/uploads\/2018\/10\/Inside-Herm\u00e8s-@Roger-Moukarzel-640x480.jpg 640w, https:\/\/www.prestigemag.co\/wp-content\/uploads\/2018\/10\/Inside-Herm\u00e8s-@Roger-Moukarzel-150x113.jpg 150w, https:\/\/www.prestigemag.co\/wp-content\/uploads\/2018\/10\/Inside-Herm\u00e8s-@Roger-Moukarzel-499x375.jpg 499w, https:\/\/www.prestigemag.co\/wp-content\/uploads\/2018\/10\/Inside-Herm\u00e8s-@Roger-Moukarzel-166x125.jpg 166w, https:\/\/www.prestigemag.co\/wp-content\/uploads\/2018\/10\/Inside-Herm\u00e8s-@Roger-Moukarzel-89x67.jpg 89w\" data-lazy-sizes=\"(max-width: 787px) 100vw, 787px\" \/><figcaption id=\"caption-attachment-15806\" class=\"wp-caption-text\"><noscript><img class=\"wp-image-15806 size-full\" src=\"http:\/\/www.prestigemag.co\/wp-content\/uploads\/2018\/10\/Inside-Herm\u00e8s-@Roger-Moukarzel.jpg\" alt=\"\" width=\"787\" height=\"591\" srcset=\"https:\/\/www.prestigemag.co\/wp-content\/uploads\/2018\/10\/Inside-Herm\u00e8s-@Roger-Moukarzel.jpg 787w, https:\/\/www.prestigemag.co\/wp-content\/uploads\/2018\/10\/Inside-Herm\u00e8s-@Roger-Moukarzel-300x225.jpg 300w, https:\/\/www.prestigemag.co\/wp-content\/uploads\/2018\/10\/Inside-Herm\u00e8s-@Roger-Moukarzel-768x577.jpg 768w, https:\/\/www.prestigemag.co\/wp-content\/uploads\/2018\/10\/Inside-Herm\u00e8s-@Roger-Moukarzel-640x480.jpg 640w, https:\/\/www.prestigemag.co\/wp-content\/uploads\/2018\/10\/Inside-Herm\u00e8s-@Roger-Moukarzel-150x113.jpg 150w, https:\/\/www.prestigemag.co\/wp-content\/uploads\/2018\/10\/Inside-Herm\u00e8s-@Roger-Moukarzel-499x375.jpg 499w, https:\/\/www.prestigemag.co\/wp-content\/uploads\/2018\/10\/Inside-Herm\u00e8s-@Roger-Moukarzel-166x125.jpg 166w, https:\/\/www.prestigemag.co\/wp-content\/uploads\/2018\/10\/Inside-Herm\u00e8s-@Roger-Moukarzel-89x67.jpg 89w\" sizes=\"(max-width: 787px) 100vw, 787px\" \/><\/noscript><\/a> \u00a9 Roger Moukarzel.<\/figcaption><\/figure>\n<p>&nbsp;<\/p>\n<p>&nbsp;<\/p>\n<figure id=\"attachment_15807\" aria-describedby=\"caption-attachment-15807\" style=\"width: 787px\" class=\"wp-caption aligncenter\"><a href=\"http:\/\/www.prestigemag.co\/wp-content\/uploads\/2018\/10\/Herm\u00e8s.jpg\"><img src=\"data:image\/svg+xml,%3Csvg%20xmlns='http:\/\/www.w3.org\/2000\/svg'%20viewBox='0%200%20787%20442'%3E%3C\/svg%3E\" class=\"zeen-lazy-load-base zeen-lazy-load wp-image-15807 size-full\" data-lazy-src=\"http:\/\/www.prestigemag.co\/wp-content\/uploads\/2018\/10\/Herm\u00e8s.jpg\" alt=\"\" width=\"787\" height=\"442\" data-lazy-srcset=\"https:\/\/www.prestigemag.co\/wp-content\/uploads\/2018\/10\/Herm\u00e8s.jpg 787w, https:\/\/www.prestigemag.co\/wp-content\/uploads\/2018\/10\/Herm\u00e8s-300x168.jpg 300w, https:\/\/www.prestigemag.co\/wp-content\/uploads\/2018\/10\/Herm\u00e8s-768x431.jpg 768w, https:\/\/www.prestigemag.co\/wp-content\/uploads\/2018\/10\/Herm\u00e8s-150x84.jpg 150w, https:\/\/www.prestigemag.co\/wp-content\/uploads\/2018\/10\/Herm\u00e8s-600x337.jpg 600w, https:\/\/www.prestigemag.co\/wp-content\/uploads\/2018\/10\/Herm\u00e8s-223x125.jpg 223w, https:\/\/www.prestigemag.co\/wp-content\/uploads\/2018\/10\/Herm\u00e8s-119x67.jpg 119w\" data-lazy-sizes=\"(max-width: 787px) 100vw, 787px\" \/><figcaption id=\"caption-attachment-15807\" class=\"wp-caption-text\"><noscript><img class=\"wp-image-15807 size-full\" src=\"http:\/\/www.prestigemag.co\/wp-content\/uploads\/2018\/10\/Herm\u00e8s.jpg\" alt=\"\" width=\"787\" height=\"442\" srcset=\"https:\/\/www.prestigemag.co\/wp-content\/uploads\/2018\/10\/Herm\u00e8s.jpg 787w, https:\/\/www.prestigemag.co\/wp-content\/uploads\/2018\/10\/Herm\u00e8s-300x168.jpg 300w, https:\/\/www.prestigemag.co\/wp-content\/uploads\/2018\/10\/Herm\u00e8s-768x431.jpg 768w, https:\/\/www.prestigemag.co\/wp-content\/uploads\/2018\/10\/Herm\u00e8s-150x84.jpg 150w, https:\/\/www.prestigemag.co\/wp-content\/uploads\/2018\/10\/Herm\u00e8s-600x337.jpg 600w, https:\/\/www.prestigemag.co\/wp-content\/uploads\/2018\/10\/Herm\u00e8s-223x125.jpg 223w, https:\/\/www.prestigemag.co\/wp-content\/uploads\/2018\/10\/Herm\u00e8s-119x67.jpg 119w\" sizes=\"(max-width: 787px) 100vw, 787px\" \/><\/noscript><\/a> \u00a9 Herm\u00e8s<\/figcaption><\/figure>\n<p>&nbsp;<\/p>\n<p>&nbsp;<\/p>\n<p>Pour en savoir plus sur Herm\u00e8s, cliquez les liens ci-dessous:<\/p>\n<p><a href=\"http:\/\/www.prestigemag.co\/2015\/09\/the-squares-hermes-special-edition-by-julio-le-parc\/\">http:\/\/www.prestigemag.co\/2015\/09\/the-squares-hermes-special-edition-by-julio-le-parc\/<\/a><\/p>\n<p><a href=\"http:\/\/www.prestigemag.co\/2015\/09\/apple-and-hermes-unveil-the-apple-watch-hermes-collection\/\">http:\/\/www.prestigemag.co\/2015\/09\/apple-and-hermes-unveil-the-apple-watch-hermes-collection\/<\/a><\/p>\n<p>&nbsp;<\/p>\n","protected":false},"excerpt":{"rendered":"<p><em>Sous le signe du d\u00e9doublement visuel, la boutique Herm\u00e8s Beyrouth a f\u00eat\u00e9 sa r\u00e9ouverture, en pr\u00e9sence du Premier ministre libanais Saad el Hariri, du ministre de la Culture Ghattas Khoury, du directeur g\u00e9n\u00e9ral d\u2019Herm\u00e8s,<\/em> <\/p>\n","protected":false},"author":3,"featured_media":22522,"comment_status":"closed","ping_status":"closed","sticky":false,"template":"","format":"standard","meta":[],"categories":[13333,13360],"tags":[],"yoast_head":"<!-- This site is optimized with the Yoast SEO plugin v19.4 - https:\/\/yoast.com\/wordpress\/plugins\/seo\/ -->\n<title>Inauguration du magasin Herm\u00e8s \u00e0 Beyrouth - Prestige Magazine<\/title>\n<meta name=\"description\" content=\"Sous le signe du d\u00e9doublement visuel, la boutique Herm\u00e8s Beyrouth a f\u00eat\u00e9 sa r\u00e9ouverture, en pr\u00e9sence du Premier ministre libanais Saad el Hariri, du ministre de la Culture Ghattas Khoury, du directeur g\u00e9n\u00e9ral d\u2019Herm\u00e8s,\" \/>\n<meta name=\"robots\" content=\"index, follow, max-snippet:-1, max-image-preview:large, max-video-preview:-1\" \/>\n<link rel=\"canonical\" href=\"https:\/\/www.prestigemag.co\/fr\/2018\/10\/inauguration-du-magasin-hermes-a-beyrouth\/\" \/>\n<meta property=\"og:locale\" content=\"fr_FR\" \/>\n<meta property=\"og:type\" content=\"article\" \/>\n<meta property=\"og:title\" content=\"Inauguration du magasin Herm\u00e8s \u00e0 Beyrouth - Prestige Magazine\" \/>\n<meta property=\"og:description\" content=\"Sous le signe du d\u00e9doublement visuel, la boutique Herm\u00e8s Beyrouth a f\u00eat\u00e9 sa r\u00e9ouverture, en pr\u00e9sence du Premier ministre libanais Saad el Hariri, du ministre de la Culture Ghattas Khoury, du directeur g\u00e9n\u00e9ral d\u2019Herm\u00e8s,\" \/>\n<meta property=\"og:url\" content=\"https:\/\/www.prestigemag.co\/fr\/2018\/10\/inauguration-du-magasin-hermes-a-beyrouth\/\" \/>\n<meta property=\"og:site_name\" content=\"Prestige Magazine\" \/>\n<meta property=\"article:publisher\" content=\"https:\/\/www.facebook.com\/prestigemag.co\/\" \/>\n<meta property=\"article:published_time\" content=\"2018-10-01T07:41:13+00:00\" \/>\n<meta property=\"og:image\" content=\"https:\/\/www.prestigemag.co\/wp-content\/uploads\/2018\/10\/Herm\u00e8s-Windows-@Roger-Moukarzel.jpg\" \/>\n\t<meta property=\"og:image:width\" content=\"945\" \/>\n\t<meta property=\"og:image:height\" content=\"445\" \/>\n\t<meta property=\"og:image:type\" content=\"image\/jpeg\" \/>\n<meta name=\"author\" content=\"prestige\" \/>\n<meta name=\"twitter:card\" content=\"summary\" \/>\n<meta name=\"twitter:label1\" content=\"\u00c9crit par\" \/>\n\t<meta name=\"twitter:data1\" content=\"prestige\" \/>\n\t<meta name=\"twitter:label2\" content=\"Dur\u00e9e de lecture estim\u00e9e\" \/>\n\t<meta name=\"twitter:data2\" content=\"1 minute\" \/>\n<script type=\"application\/ld+json\" class=\"yoast-schema-graph\">{\"@context\":\"https:\/\/schema.org\",\"@graph\":[{\"@type\":\"Organization\",\"@id\":\"https:\/\/www.prestigemag.co\/#organization\",\"name\":\"Prestige\",\"url\":\"https:\/\/www.prestigemag.co\/\",\"sameAs\":[\"https:\/\/www.instagram.com\/prestige.mag\/\",\"https:\/\/www.facebook.com\/prestigemag.co\/\"],\"logo\":{\"@type\":\"ImageObject\",\"inLanguage\":\"fr-FR\",\"@id\":\"https:\/\/www.prestigemag.co\/#\/schema\/logo\/image\/\",\"url\":\"https:\/\/www.prestigemag.co\/wp-content\/uploads\/2021\/11\/logo-Prestige-800x200-1.png\",\"contentUrl\":\"https:\/\/www.prestigemag.co\/wp-content\/uploads\/2021\/11\/logo-Prestige-800x200-1.png\",\"width\":800,\"height\":200,\"caption\":\"Prestige\"},\"image\":{\"@id\":\"https:\/\/www.prestigemag.co\/#\/schema\/logo\/image\/\"}},{\"@type\":\"WebSite\",\"@id\":\"https:\/\/www.prestigemag.co\/#website\",\"url\":\"https:\/\/www.prestigemag.co\/\",\"name\":\"Prestige Magazine\",\"description\":\"Le Monde Des C\u00e9l\u00e9brit\u00e9s\",\"publisher\":{\"@id\":\"https:\/\/www.prestigemag.co\/#organization\"},\"potentialAction\":[{\"@type\":\"SearchAction\",\"target\":{\"@type\":\"EntryPoint\",\"urlTemplate\":\"https:\/\/www.prestigemag.co\/?s={search_term_string}\"},\"query-input\":\"required name=search_term_string\"}],\"inLanguage\":\"fr-FR\"},{\"@type\":\"WebPage\",\"@id\":\"https:\/\/www.prestigemag.co\/fr\/2018\/10\/inauguration-du-magasin-hermes-a-beyrouth\/\",\"url\":\"https:\/\/www.prestigemag.co\/fr\/2018\/10\/inauguration-du-magasin-hermes-a-beyrouth\/\",\"name\":\"Inauguration du magasin Herm\u00e8s \u00e0 Beyrouth - Prestige Magazine\",\"isPartOf\":{\"@id\":\"https:\/\/www.prestigemag.co\/#website\"},\"datePublished\":\"2018-10-01T07:41:13+00:00\",\"dateModified\":\"2018-10-01T07:41:13+00:00\",\"description\":\"Sous le signe du d\u00e9doublement visuel, la boutique Herm\u00e8s Beyrouth a f\u00eat\u00e9 sa r\u00e9ouverture, en pr\u00e9sence du Premier ministre libanais Saad el Hariri, du ministre de la Culture Ghattas Khoury, du directeur g\u00e9n\u00e9ral d\u2019Herm\u00e8s,\",\"breadcrumb\":{\"@id\":\"https:\/\/www.prestigemag.co\/fr\/2018\/10\/inauguration-du-magasin-hermes-a-beyrouth\/#breadcrumb\"},\"inLanguage\":\"fr-FR\",\"potentialAction\":[{\"@type\":\"ReadAction\",\"target\":[\"https:\/\/www.prestigemag.co\/fr\/2018\/10\/inauguration-du-magasin-hermes-a-beyrouth\/\"]}]},{\"@type\":\"BreadcrumbList\",\"@id\":\"https:\/\/www.prestigemag.co\/fr\/2018\/10\/inauguration-du-magasin-hermes-a-beyrouth\/#breadcrumb\",\"itemListElement\":[{\"@type\":\"ListItem\",\"position\":1,\"name\":\"Home\",\"item\":\"https:\/\/www.prestigemag.co\/fr\/\"},{\"@type\":\"ListItem\",\"position\":2,\"name\":\"Inauguration du magasin Herm\u00e8s \u00e0 Beyrouth\"}]},{\"@type\":\"Article\",\"@id\":\"https:\/\/www.prestigemag.co\/fr\/2018\/10\/inauguration-du-magasin-hermes-a-beyrouth\/#article\",\"isPartOf\":{\"@id\":\"https:\/\/www.prestigemag.co\/fr\/2018\/10\/inauguration-du-magasin-hermes-a-beyrouth\/\"},\"author\":{\"name\":\"prestige\",\"@id\":\"https:\/\/www.prestigemag.co\/#\/schema\/person\/e3f149368970128d68bb2d797bf30fbc\"},\"headline\":\"Inauguration du magasin Herm\u00e8s \u00e0 Beyrouth\",\"datePublished\":\"2018-10-01T07:41:13+00:00\",\"dateModified\":\"2018-10-01T07:41:13+00:00\",\"mainEntityOfPage\":{\"@id\":\"https:\/\/www.prestigemag.co\/fr\/2018\/10\/inauguration-du-magasin-hermes-a-beyrouth\/\"},\"wordCount\":277,\"publisher\":{\"@id\":\"https:\/\/www.prestigemag.co\/#organization\"},\"articleSection\":[\"\u00c9v\u00e9nements\",\"Inauguration\"],\"inLanguage\":\"fr-FR\"},{\"@type\":\"Person\",\"@id\":\"https:\/\/www.prestigemag.co\/#\/schema\/person\/e3f149368970128d68bb2d797bf30fbc\",\"name\":\"prestige\",\"image\":{\"@type\":\"ImageObject\",\"inLanguage\":\"fr-FR\",\"@id\":\"https:\/\/www.prestigemag.co\/#\/schema\/person\/image\/\",\"url\":\"https:\/\/secure.gravatar.com\/avatar\/0aa2dff5484d35e50578639a2c3ccef9?s=96&d=mm&r=g\",\"contentUrl\":\"https:\/\/secure.gravatar.com\/avatar\/0aa2dff5484d35e50578639a2c3ccef9?s=96&d=mm&r=g\",\"caption\":\"prestige\"},\"url\":\"https:\/\/www.prestigemag.co\/fr\/author\/prestige\/\"}]}<\/script>\n<!-- \/ Yoast SEO plugin. -->","yoast_head_json":{"title":"Inauguration du magasin Herm\u00e8s \u00e0 Beyrouth - Prestige Magazine","description":"Sous le signe du d\u00e9doublement visuel, la boutique Herm\u00e8s Beyrouth a f\u00eat\u00e9 sa r\u00e9ouverture, en pr\u00e9sence du Premier ministre libanais Saad el Hariri, du ministre de la Culture Ghattas Khoury, du directeur g\u00e9n\u00e9ral d\u2019Herm\u00e8s,","robots":{"index":"index","follow":"follow","max-snippet":"max-snippet:-1","max-image-preview":"max-image-preview:large","max-video-preview":"max-video-preview:-1"},"canonical":"https:\/\/www.prestigemag.co\/fr\/2018\/10\/inauguration-du-magasin-hermes-a-beyrouth\/","og_locale":"fr_FR","og_type":"article","og_title":"Inauguration du magasin Herm\u00e8s \u00e0 Beyrouth - Prestige Magazine","og_description":"Sous le signe du d\u00e9doublement visuel, la boutique Herm\u00e8s Beyrouth a f\u00eat\u00e9 sa r\u00e9ouverture, en pr\u00e9sence du Premier ministre libanais Saad el Hariri, du ministre de la Culture Ghattas Khoury, du directeur g\u00e9n\u00e9ral d\u2019Herm\u00e8s,","og_url":"https:\/\/www.prestigemag.co\/fr\/2018\/10\/inauguration-du-magasin-hermes-a-beyrouth\/","og_site_name":"Prestige Magazine","article_publisher":"https:\/\/www.facebook.com\/prestigemag.co\/","article_published_time":"2018-10-01T07:41:13+00:00","og_image":[{"width":945,"height":445,"url":"https:\/\/www.prestigemag.co\/wp-content\/uploads\/2018\/10\/Herm\u00e8s-Windows-@Roger-Moukarzel.jpg","type":"image\/jpeg"}],"author":"prestige","twitter_card":"summary","twitter_misc":{"\u00c9crit par":"prestige","Dur\u00e9e de lecture estim\u00e9e":"1 minute"},"schema":{"@context":"https:\/\/schema.org","@graph":[{"@type":"Organization","@id":"https:\/\/www.prestigemag.co\/#organization","name":"Prestige","url":"https:\/\/www.prestigemag.co\/","sameAs":["https:\/\/www.instagram.com\/prestige.mag\/","https:\/\/www.facebook.com\/prestigemag.co\/"],"logo":{"@type":"ImageObject","inLanguage":"fr-FR","@id":"https:\/\/www.prestigemag.co\/#\/schema\/logo\/image\/","url":"https:\/\/www.prestigemag.co\/wp-content\/uploads\/2021\/11\/logo-Prestige-800x200-1.png","contentUrl":"https:\/\/www.prestigemag.co\/wp-content\/uploads\/2021\/11\/logo-Prestige-800x200-1.png","width":800,"height":200,"caption":"Prestige"},"image":{"@id":"https:\/\/www.prestigemag.co\/#\/schema\/logo\/image\/"}},{"@type":"WebSite","@id":"https:\/\/www.prestigemag.co\/#website","url":"https:\/\/www.prestigemag.co\/","name":"Prestige Magazine","description":"Le Monde Des C\u00e9l\u00e9brit\u00e9s","publisher":{"@id":"https:\/\/www.prestigemag.co\/#organization"},"potentialAction":[{"@type":"SearchAction","target":{"@type":"EntryPoint","urlTemplate":"https:\/\/www.prestigemag.co\/?s={search_term_string}"},"query-input":"required name=search_term_string"}],"inLanguage":"fr-FR"},{"@type":"WebPage","@id":"https:\/\/www.prestigemag.co\/fr\/2018\/10\/inauguration-du-magasin-hermes-a-beyrouth\/","url":"https:\/\/www.prestigemag.co\/fr\/2018\/10\/inauguration-du-magasin-hermes-a-beyrouth\/","name":"Inauguration du magasin Herm\u00e8s \u00e0 Beyrouth - Prestige Magazine","isPartOf":{"@id":"https:\/\/www.prestigemag.co\/#website"},"datePublished":"2018-10-01T07:41:13+00:00","dateModified":"2018-10-01T07:41:13+00:00","description":"Sous le signe du d\u00e9doublement visuel, la boutique Herm\u00e8s Beyrouth a f\u00eat\u00e9 sa r\u00e9ouverture, en pr\u00e9sence du Premier ministre libanais Saad el Hariri, du ministre de la Culture Ghattas Khoury, du directeur g\u00e9n\u00e9ral d\u2019Herm\u00e8s,","breadcrumb":{"@id":"https:\/\/www.prestigemag.co\/fr\/2018\/10\/inauguration-du-magasin-hermes-a-beyrouth\/#breadcrumb"},"inLanguage":"fr-FR","potentialAction":[{"@type":"ReadAction","target":["https:\/\/www.prestigemag.co\/fr\/2018\/10\/inauguration-du-magasin-hermes-a-beyrouth\/"]}]},{"@type":"BreadcrumbList","@id":"https:\/\/www.prestigemag.co\/fr\/2018\/10\/inauguration-du-magasin-hermes-a-beyrouth\/#breadcrumb","itemListElement":[{"@type":"ListItem","position":1,"name":"Home","item":"https:\/\/www.prestigemag.co\/fr\/"},{"@type":"ListItem","position":2,"name":"Inauguration du magasin Herm\u00e8s \u00e0 Beyrouth"}]},{"@type":"Article","@id":"https:\/\/www.prestigemag.co\/fr\/2018\/10\/inauguration-du-magasin-hermes-a-beyrouth\/#article","isPartOf":{"@id":"https:\/\/www.prestigemag.co\/fr\/2018\/10\/inauguration-du-magasin-hermes-a-beyrouth\/"},"author":{"name":"prestige","@id":"https:\/\/www.prestigemag.co\/#\/schema\/person\/e3f149368970128d68bb2d797bf30fbc"},"headline":"Inauguration du magasin Herm\u00e8s \u00e0 Beyrouth","datePublished":"2018-10-01T07:41:13+00:00","dateModified":"2018-10-01T07:41:13+00:00","mainEntityOfPage":{"@id":"https:\/\/www.prestigemag.co\/fr\/2018\/10\/inauguration-du-magasin-hermes-a-beyrouth\/"},"wordCount":277,"publisher":{"@id":"https:\/\/www.prestigemag.co\/#organization"},"articleSection":["\u00c9v\u00e9nements","Inauguration"],"inLanguage":"fr-FR"},{"@type":"Person","@id":"https:\/\/www.prestigemag.co\/#\/schema\/person\/e3f149368970128d68bb2d797bf30fbc","name":"prestige","image":{"@type":"ImageObject","inLanguage":"fr-FR","@id":"https:\/\/www.prestigemag.co\/#\/schema\/person\/image\/","url":"https:\/\/secure.gravatar.com\/avatar\/0aa2dff5484d35e50578639a2c3ccef9?s=96&d=mm&r=g","contentUrl":"https:\/\/secure.gravatar.com\/avatar\/0aa2dff5484d35e50578639a2c3ccef9?s=96&d=mm&r=g","caption":"prestige"},"url":"https:\/\/www.prestigemag.co\/fr\/author\/prestige\/"}]}},"_links":{"self":[{"href":"https:\/\/www.prestigemag.co\/fr\/wp-json\/wp\/v2\/posts\/22521"}],"collection":[{"href":"https:\/\/www.prestigemag.co\/fr\/wp-json\/wp\/v2\/posts"}],"about":[{"href":"https:\/\/www.prestigemag.co\/fr\/wp-json\/wp\/v2\/types\/post"}],"author":[{"embeddable":true,"href":"https:\/\/www.prestigemag.co\/fr\/wp-json\/wp\/v2\/users\/3"}],"replies":[{"embeddable":true,"href":"https:\/\/www.prestigemag.co\/fr\/wp-json\/wp\/v2\/comments?post=22521"}],"version-history":[{"count":0,"href":"https:\/\/www.prestigemag.co\/fr\/wp-json\/wp\/v2\/posts\/22521\/revisions"}],"wp:featuredmedia":[{"embeddable":true,"href":"https:\/\/www.prestigemag.co\/fr\/wp-json\/wp\/v2\/media\/22522"}],"wp:attachment":[{"href":"https:\/\/www.prestigemag.co\/fr\/wp-json\/wp\/v2\/media?parent=22521"}],"wp:term":[{"taxonomy":"category","embeddable":true,"href":"https:\/\/www.prestigemag.co\/fr\/wp-json\/wp\/v2\/categories?post=22521"},{"taxonomy":"post_tag","embeddable":true,"href":"https:\/\/www.prestigemag.co\/fr\/wp-json\/wp\/v2\/tags?post=22521"}],"curies":[{"name":"wp","href":"https:\/\/api.w.org\/{rel}","templated":true}]}}