{"id":22545,"date":"2018-10-18T06:45:53","date_gmt":"2018-10-18T06:45:53","guid":{"rendered":"http:\/\/www.prestigemag.co\/2018\/10\/iwc-schaffhausen-et-atamian-celebrent-le-150e-anniversaire-diwc-au-liban\/"},"modified":"2018-10-18T06:45:53","modified_gmt":"2018-10-18T06:45:53","slug":"iwc-schaffhausen-et-atamian-celebrent-le-150e-anniversaire-diwc-au-liban","status":"publish","type":"post","link":"https:\/\/www.prestigemag.co\/fr\/2018\/10\/iwc-schaffhausen-et-atamian-celebrent-le-150e-anniversaire-diwc-au-liban\/","title":{"rendered":"IWC Schaffhausen et Atamian c\u00e9l\u00e8brent le 150e anniversaire d\u2019IWC au Liban"},"content":{"rendered":"<h3>La manufacture horlog\u00e8re suisse de luxe IWC Schaffhausen a c\u00e9l\u00e9br\u00e9 son 150<sup>e<\/sup> anniversaire au Liban en organisant, en partenariat avec les Ets Hagop Atamian, un d\u00eener priv\u00e9 au restaurant SAX, aux Souks de Beyrouth.<\/h3>\n<p>&nbsp;<\/p>\n<p><a href=\"http:\/\/www.prestigemag.co\/wp-content\/uploads\/2018\/10\/IWC-Dinner-Anniversary.jpg\"><img src=\"data:image\/svg+xml,%3Csvg%20xmlns='http:\/\/www.w3.org\/2000\/svg'%20viewBox='0%200%20769%20315'%3E%3C\/svg%3E\" class=\"zeen-lazy-load-base zeen-lazy-load wp-image-15925 aligncenter\" data-lazy-src=\"http:\/\/www.prestigemag.co\/wp-content\/uploads\/2018\/10\/IWC-Dinner-Anniversary.jpg\" alt=\"\" width=\"769\" height=\"315\" data-lazy-srcset=\"https:\/\/www.prestigemag.co\/wp-content\/uploads\/2018\/10\/IWC-Dinner-Anniversary.jpg 1000w, https:\/\/www.prestigemag.co\/wp-content\/uploads\/2018\/10\/IWC-Dinner-Anniversary-300x123.jpg 300w, https:\/\/www.prestigemag.co\/wp-content\/uploads\/2018\/10\/IWC-Dinner-Anniversary-770x315.jpg 770w, https:\/\/www.prestigemag.co\/wp-content\/uploads\/2018\/10\/IWC-Dinner-Anniversary-293x120.jpg 293w, https:\/\/www.prestigemag.co\/wp-content\/uploads\/2018\/10\/IWC-Dinner-Anniversary-390x160.jpg 390w, https:\/\/www.prestigemag.co\/wp-content\/uploads\/2018\/10\/IWC-Dinner-Anniversary-768x314.jpg 768w, https:\/\/www.prestigemag.co\/wp-content\/uploads\/2018\/10\/IWC-Dinner-Anniversary-150x61.jpg 150w, https:\/\/www.prestigemag.co\/wp-content\/uploads\/2018\/10\/IWC-Dinner-Anniversary-600x245.jpg 600w, https:\/\/www.prestigemag.co\/wp-content\/uploads\/2018\/10\/IWC-Dinner-Anniversary-291x119.jpg 291w, https:\/\/www.prestigemag.co\/wp-content\/uploads\/2018\/10\/IWC-Dinner-Anniversary-164x67.jpg 164w\" data-lazy-sizes=\"(max-width: 769px) 100vw, 769px\" \/><noscript><img class=\"wp-image-15925 aligncenter\" src=\"http:\/\/www.prestigemag.co\/wp-content\/uploads\/2018\/10\/IWC-Dinner-Anniversary.jpg\" alt=\"\" width=\"769\" height=\"315\" srcset=\"https:\/\/www.prestigemag.co\/wp-content\/uploads\/2018\/10\/IWC-Dinner-Anniversary.jpg 1000w, https:\/\/www.prestigemag.co\/wp-content\/uploads\/2018\/10\/IWC-Dinner-Anniversary-300x123.jpg 300w, https:\/\/www.prestigemag.co\/wp-content\/uploads\/2018\/10\/IWC-Dinner-Anniversary-770x315.jpg 770w, https:\/\/www.prestigemag.co\/wp-content\/uploads\/2018\/10\/IWC-Dinner-Anniversary-293x120.jpg 293w, https:\/\/www.prestigemag.co\/wp-content\/uploads\/2018\/10\/IWC-Dinner-Anniversary-390x160.jpg 390w, https:\/\/www.prestigemag.co\/wp-content\/uploads\/2018\/10\/IWC-Dinner-Anniversary-768x314.jpg 768w, https:\/\/www.prestigemag.co\/wp-content\/uploads\/2018\/10\/IWC-Dinner-Anniversary-150x61.jpg 150w, https:\/\/www.prestigemag.co\/wp-content\/uploads\/2018\/10\/IWC-Dinner-Anniversary-600x245.jpg 600w, https:\/\/www.prestigemag.co\/wp-content\/uploads\/2018\/10\/IWC-Dinner-Anniversary-291x119.jpg 291w, https:\/\/www.prestigemag.co\/wp-content\/uploads\/2018\/10\/IWC-Dinner-Anniversary-164x67.jpg 164w\" sizes=\"(max-width: 769px) 100vw, 769px\" \/><\/noscript><\/a><\/p>\n<p>&nbsp;<\/p>\n<p>Cet \u00e9v\u00e9nement a \u00e9t\u00e9 pr\u00e9sid\u00e9 par Mehdi Rajan, Directeur R\u00e9gional d\u2019IWC pour le Moyen-Orient, l&rsquo;Inde et l&rsquo;Afrique, et Mher Atamian, Directeur g\u00e9n\u00e9ral des Ets Hagop Atamian. La soir\u00e9e a d\u00e9but\u00e9 par une d\u00e9gustation de whisky accompagn\u00e9e des prouesses d\u2019un magicien, pour divertir les invit\u00e9s. Durant le d\u00eener, l\u2019ambiance \u00e9tait parfaite, gr\u00e2ce au volet musical confi\u00e9 \u00e0 un groupe de jazz. Les invit\u00e9s ont pu d\u00e9couvrir la collection anniversaire \u00ab150 Years\u00bb d\u2019IWC comprenant 29 mod\u00e8les en \u00e9dition limit\u00e9e des familles Portugieser, Portofino, Montres d\u2019Aviateur et Da Vinci ainsi que les garde-temps Hommage \u00e0 Pallweber. IWC attache une grande importance \u00e0 partager avec les amateurs de Haute Horlogerie le savoir-faire, les innovations et l\u2019ADN de la marque.<\/p>\n<p>&nbsp;<\/p>\n<figure id=\"attachment_15926\" aria-describedby=\"caption-attachment-15926\" style=\"width: 787px\" class=\"wp-caption aligncenter\"><a href=\"http:\/\/www.prestigemag.co\/wp-content\/uploads\/2018\/10\/Barkev-Atamian-Rola-Chamiy\u00e9-Mehdi-Rajan.jpg\"><img src=\"data:image\/svg+xml,%3Csvg%20xmlns='http:\/\/www.w3.org\/2000\/svg'%20viewBox='0%200%20787%20524'%3E%3C\/svg%3E\" class=\"zeen-lazy-load-base zeen-lazy-load wp-image-15926 size-full\" data-lazy-src=\"http:\/\/www.prestigemag.co\/wp-content\/uploads\/2018\/10\/Barkev-Atamian-Rola-Chamiy\u00e9-Mehdi-Rajan.jpg\" alt=\"\" width=\"787\" height=\"524\" data-lazy-srcset=\"https:\/\/www.prestigemag.co\/wp-content\/uploads\/2018\/10\/Barkev-Atamian-Rola-Chamiy\u00e9-Mehdi-Rajan.jpg 787w, https:\/\/www.prestigemag.co\/wp-content\/uploads\/2018\/10\/Barkev-Atamian-Rola-Chamiy\u00e9-Mehdi-Rajan-300x200.jpg 300w, https:\/\/www.prestigemag.co\/wp-content\/uploads\/2018\/10\/Barkev-Atamian-Rola-Chamiy\u00e9-Mehdi-Rajan-768x511.jpg 768w, https:\/\/www.prestigemag.co\/wp-content\/uploads\/2018\/10\/Barkev-Atamian-Rola-Chamiy\u00e9-Mehdi-Rajan-150x100.jpg 150w, https:\/\/www.prestigemag.co\/wp-content\/uploads\/2018\/10\/Barkev-Atamian-Rola-Chamiy\u00e9-Mehdi-Rajan-563x375.jpg 563w, https:\/\/www.prestigemag.co\/wp-content\/uploads\/2018\/10\/Barkev-Atamian-Rola-Chamiy\u00e9-Mehdi-Rajan-188x125.jpg 188w, https:\/\/www.prestigemag.co\/wp-content\/uploads\/2018\/10\/Barkev-Atamian-Rola-Chamiy\u00e9-Mehdi-Rajan-101x67.jpg 101w\" data-lazy-sizes=\"(max-width: 787px) 100vw, 787px\" \/><figcaption id=\"caption-attachment-15926\" class=\"wp-caption-text\"><noscript><img class=\"wp-image-15926 size-full\" src=\"http:\/\/www.prestigemag.co\/wp-content\/uploads\/2018\/10\/Barkev-Atamian-Rola-Chamiy\u00e9-Mehdi-Rajan.jpg\" alt=\"\" width=\"787\" height=\"524\" srcset=\"https:\/\/www.prestigemag.co\/wp-content\/uploads\/2018\/10\/Barkev-Atamian-Rola-Chamiy\u00e9-Mehdi-Rajan.jpg 787w, https:\/\/www.prestigemag.co\/wp-content\/uploads\/2018\/10\/Barkev-Atamian-Rola-Chamiy\u00e9-Mehdi-Rajan-300x200.jpg 300w, https:\/\/www.prestigemag.co\/wp-content\/uploads\/2018\/10\/Barkev-Atamian-Rola-Chamiy\u00e9-Mehdi-Rajan-768x511.jpg 768w, https:\/\/www.prestigemag.co\/wp-content\/uploads\/2018\/10\/Barkev-Atamian-Rola-Chamiy\u00e9-Mehdi-Rajan-150x100.jpg 150w, https:\/\/www.prestigemag.co\/wp-content\/uploads\/2018\/10\/Barkev-Atamian-Rola-Chamiy\u00e9-Mehdi-Rajan-563x375.jpg 563w, https:\/\/www.prestigemag.co\/wp-content\/uploads\/2018\/10\/Barkev-Atamian-Rola-Chamiy\u00e9-Mehdi-Rajan-188x125.jpg 188w, https:\/\/www.prestigemag.co\/wp-content\/uploads\/2018\/10\/Barkev-Atamian-Rola-Chamiy\u00e9-Mehdi-Rajan-101x67.jpg 101w\" sizes=\"(max-width: 787px) 100vw, 787px\" \/><\/noscript><\/a> Barkev Atamian, Rola Chamiy\u00e9 et Mehdi Rajan, directeur r\u00e9gional d&rsquo;IWC pour le Moyen-Orient, l&rsquo;Inde et l&rsquo;Afrique.<\/figcaption><\/figure>\n<p>&nbsp;<\/p>\n<figure id=\"attachment_15927\" aria-describedby=\"caption-attachment-15927\" style=\"width: 787px\" class=\"wp-caption aligncenter\"><a href=\"http:\/\/www.prestigemag.co\/wp-content\/uploads\/2018\/10\/Mher-Atamian-and-Mehdi-Rajan.jpg\"><img src=\"data:image\/svg+xml,%3Csvg%20xmlns='http:\/\/www.w3.org\/2000\/svg'%20viewBox='0%200%20787%20524'%3E%3C\/svg%3E\" class=\"zeen-lazy-load-base zeen-lazy-load wp-image-15927 size-full\" data-lazy-src=\"http:\/\/www.prestigemag.co\/wp-content\/uploads\/2018\/10\/Mher-Atamian-and-Mehdi-Rajan.jpg\" alt=\"\" width=\"787\" height=\"524\" data-lazy-srcset=\"https:\/\/www.prestigemag.co\/wp-content\/uploads\/2018\/10\/Mher-Atamian-and-Mehdi-Rajan.jpg 787w, https:\/\/www.prestigemag.co\/wp-content\/uploads\/2018\/10\/Mher-Atamian-and-Mehdi-Rajan-300x200.jpg 300w, https:\/\/www.prestigemag.co\/wp-content\/uploads\/2018\/10\/Mher-Atamian-and-Mehdi-Rajan-768x511.jpg 768w, https:\/\/www.prestigemag.co\/wp-content\/uploads\/2018\/10\/Mher-Atamian-and-Mehdi-Rajan-150x100.jpg 150w, https:\/\/www.prestigemag.co\/wp-content\/uploads\/2018\/10\/Mher-Atamian-and-Mehdi-Rajan-563x375.jpg 563w, https:\/\/www.prestigemag.co\/wp-content\/uploads\/2018\/10\/Mher-Atamian-and-Mehdi-Rajan-188x125.jpg 188w, https:\/\/www.prestigemag.co\/wp-content\/uploads\/2018\/10\/Mher-Atamian-and-Mehdi-Rajan-101x67.jpg 101w\" data-lazy-sizes=\"(max-width: 787px) 100vw, 787px\" \/><figcaption id=\"caption-attachment-15927\" class=\"wp-caption-text\"><noscript><img class=\"wp-image-15927 size-full\" src=\"http:\/\/www.prestigemag.co\/wp-content\/uploads\/2018\/10\/Mher-Atamian-and-Mehdi-Rajan.jpg\" alt=\"\" width=\"787\" height=\"524\" srcset=\"https:\/\/www.prestigemag.co\/wp-content\/uploads\/2018\/10\/Mher-Atamian-and-Mehdi-Rajan.jpg 787w, https:\/\/www.prestigemag.co\/wp-content\/uploads\/2018\/10\/Mher-Atamian-and-Mehdi-Rajan-300x200.jpg 300w, https:\/\/www.prestigemag.co\/wp-content\/uploads\/2018\/10\/Mher-Atamian-and-Mehdi-Rajan-768x511.jpg 768w, https:\/\/www.prestigemag.co\/wp-content\/uploads\/2018\/10\/Mher-Atamian-and-Mehdi-Rajan-150x100.jpg 150w, https:\/\/www.prestigemag.co\/wp-content\/uploads\/2018\/10\/Mher-Atamian-and-Mehdi-Rajan-563x375.jpg 563w, https:\/\/www.prestigemag.co\/wp-content\/uploads\/2018\/10\/Mher-Atamian-and-Mehdi-Rajan-188x125.jpg 188w, https:\/\/www.prestigemag.co\/wp-content\/uploads\/2018\/10\/Mher-Atamian-and-Mehdi-Rajan-101x67.jpg 101w\" sizes=\"(max-width: 787px) 100vw, 787px\" \/><\/noscript><\/a> Mher Atamian et Mehdi Rajan.<\/figcaption><\/figure>\n<p>&nbsp;<\/p>\n<figure id=\"attachment_15928\" aria-describedby=\"caption-attachment-15928\" style=\"width: 787px\" class=\"wp-caption aligncenter\"><a href=\"http:\/\/www.prestigemag.co\/wp-content\/uploads\/2018\/10\/Guests-with-deputy-Paula-Yacoubian.jpg\"><img src=\"data:image\/svg+xml,%3Csvg%20xmlns='http:\/\/www.w3.org\/2000\/svg'%20viewBox='0%200%20787%20524'%3E%3C\/svg%3E\" class=\"zeen-lazy-load-base zeen-lazy-load wp-image-15928 size-full\" data-lazy-src=\"http:\/\/www.prestigemag.co\/wp-content\/uploads\/2018\/10\/Guests-with-deputy-Paula-Yacoubian.jpg\" alt=\"\" width=\"787\" height=\"524\" data-lazy-srcset=\"https:\/\/www.prestigemag.co\/wp-content\/uploads\/2018\/10\/Guests-with-deputy-Paula-Yacoubian.jpg 787w, https:\/\/www.prestigemag.co\/wp-content\/uploads\/2018\/10\/Guests-with-deputy-Paula-Yacoubian-300x200.jpg 300w, https:\/\/www.prestigemag.co\/wp-content\/uploads\/2018\/10\/Guests-with-deputy-Paula-Yacoubian-768x511.jpg 768w, https:\/\/www.prestigemag.co\/wp-content\/uploads\/2018\/10\/Guests-with-deputy-Paula-Yacoubian-150x100.jpg 150w, https:\/\/www.prestigemag.co\/wp-content\/uploads\/2018\/10\/Guests-with-deputy-Paula-Yacoubian-563x375.jpg 563w, https:\/\/www.prestigemag.co\/wp-content\/uploads\/2018\/10\/Guests-with-deputy-Paula-Yacoubian-188x125.jpg 188w, https:\/\/www.prestigemag.co\/wp-content\/uploads\/2018\/10\/Guests-with-deputy-Paula-Yacoubian-101x67.jpg 101w\" data-lazy-sizes=\"(max-width: 787px) 100vw, 787px\" \/><figcaption id=\"caption-attachment-15928\" class=\"wp-caption-text\"><noscript><img class=\"wp-image-15928 size-full\" src=\"http:\/\/www.prestigemag.co\/wp-content\/uploads\/2018\/10\/Guests-with-deputy-Paula-Yacoubian.jpg\" alt=\"\" width=\"787\" height=\"524\" srcset=\"https:\/\/www.prestigemag.co\/wp-content\/uploads\/2018\/10\/Guests-with-deputy-Paula-Yacoubian.jpg 787w, https:\/\/www.prestigemag.co\/wp-content\/uploads\/2018\/10\/Guests-with-deputy-Paula-Yacoubian-300x200.jpg 300w, https:\/\/www.prestigemag.co\/wp-content\/uploads\/2018\/10\/Guests-with-deputy-Paula-Yacoubian-768x511.jpg 768w, https:\/\/www.prestigemag.co\/wp-content\/uploads\/2018\/10\/Guests-with-deputy-Paula-Yacoubian-150x100.jpg 150w, https:\/\/www.prestigemag.co\/wp-content\/uploads\/2018\/10\/Guests-with-deputy-Paula-Yacoubian-563x375.jpg 563w, https:\/\/www.prestigemag.co\/wp-content\/uploads\/2018\/10\/Guests-with-deputy-Paula-Yacoubian-188x125.jpg 188w, https:\/\/www.prestigemag.co\/wp-content\/uploads\/2018\/10\/Guests-with-deputy-Paula-Yacoubian-101x67.jpg 101w\" sizes=\"(max-width: 787px) 100vw, 787px\" \/><\/noscript><\/a> Des invit\u00e9s avec la d\u00e9put\u00e9e Paula Yacoubian.<\/figcaption><\/figure>\n<p>&nbsp;<\/p>\n<figure id=\"attachment_15930\" aria-describedby=\"caption-attachment-15930\" style=\"width: 760px\" class=\"wp-caption aligncenter\"><a href=\"http:\/\/www.prestigemag.co\/wp-content\/uploads\/2018\/10\/ABI_0629.jpg\"><img src=\"data:image\/svg+xml,%3Csvg%20xmlns='http:\/\/www.w3.org\/2000\/svg'%20viewBox='0%200%20760%20506'%3E%3C\/svg%3E\" class=\"zeen-lazy-load-base zeen-lazy-load wp-image-15930\" data-lazy-src=\"http:\/\/www.prestigemag.co\/wp-content\/uploads\/2018\/10\/ABI_0629-1024x682.jpg\" alt=\"\" width=\"760\" height=\"506\" data-lazy-srcset=\"https:\/\/www.prestigemag.co\/wp-content\/uploads\/2018\/10\/ABI_0629-1024x682.jpg 1024w, https:\/\/www.prestigemag.co\/wp-content\/uploads\/2018\/10\/ABI_0629-300x200.jpg 300w, https:\/\/www.prestigemag.co\/wp-content\/uploads\/2018\/10\/ABI_0629-768x511.jpg 768w, https:\/\/www.prestigemag.co\/wp-content\/uploads\/2018\/10\/ABI_0629-150x100.jpg 150w, https:\/\/www.prestigemag.co\/wp-content\/uploads\/2018\/10\/ABI_0629-563x375.jpg 563w, https:\/\/www.prestigemag.co\/wp-content\/uploads\/2018\/10\/ABI_0629-188x125.jpg 188w, https:\/\/www.prestigemag.co\/wp-content\/uploads\/2018\/10\/ABI_0629-101x67.jpg 101w, https:\/\/www.prestigemag.co\/wp-content\/uploads\/2018\/10\/ABI_0629-1320x879.jpg 1320w\" data-lazy-sizes=\"(max-width: 760px) 100vw, 760px\" \/><figcaption id=\"caption-attachment-15930\" class=\"wp-caption-text\"><noscript><img class=\"wp-image-15930\" src=\"http:\/\/www.prestigemag.co\/wp-content\/uploads\/2018\/10\/ABI_0629-1024x682.jpg\" alt=\"\" width=\"760\" height=\"506\" srcset=\"https:\/\/www.prestigemag.co\/wp-content\/uploads\/2018\/10\/ABI_0629-1024x682.jpg 1024w, https:\/\/www.prestigemag.co\/wp-content\/uploads\/2018\/10\/ABI_0629-300x200.jpg 300w, https:\/\/www.prestigemag.co\/wp-content\/uploads\/2018\/10\/ABI_0629-768x511.jpg 768w, https:\/\/www.prestigemag.co\/wp-content\/uploads\/2018\/10\/ABI_0629-150x100.jpg 150w, https:\/\/www.prestigemag.co\/wp-content\/uploads\/2018\/10\/ABI_0629-563x375.jpg 563w, https:\/\/www.prestigemag.co\/wp-content\/uploads\/2018\/10\/ABI_0629-188x125.jpg 188w, https:\/\/www.prestigemag.co\/wp-content\/uploads\/2018\/10\/ABI_0629-101x67.jpg 101w, https:\/\/www.prestigemag.co\/wp-content\/uploads\/2018\/10\/ABI_0629-1320x879.jpg 1320w\" sizes=\"(max-width: 760px) 100vw, 760px\" \/><\/noscript><\/a> Jacques, Lucine et Mher Atamian.<\/figcaption><\/figure>\n<p>&nbsp;<\/p>\n<figure id=\"attachment_15931\" aria-describedby=\"caption-attachment-15931\" style=\"width: 787px\" class=\"wp-caption aligncenter\"><a href=\"http:\/\/www.prestigemag.co\/wp-content\/uploads\/2018\/10\/Maria-Nadim-Editor-in-Chief-of-Prestige-Watches-Guide.jpg\"><img src=\"data:image\/svg+xml,%3Csvg%20xmlns='http:\/\/www.w3.org\/2000\/svg'%20viewBox='0%200%20787%20524'%3E%3C\/svg%3E\" class=\"zeen-lazy-load-base zeen-lazy-load wp-image-15931 size-full\" data-lazy-src=\"http:\/\/www.prestigemag.co\/wp-content\/uploads\/2018\/10\/Maria-Nadim-Editor-in-Chief-of-Prestige-Watches-Guide.jpg\" alt=\"\" width=\"787\" height=\"524\" data-lazy-srcset=\"https:\/\/www.prestigemag.co\/wp-content\/uploads\/2018\/10\/Maria-Nadim-Editor-in-Chief-of-Prestige-Watches-Guide.jpg 787w, https:\/\/www.prestigemag.co\/wp-content\/uploads\/2018\/10\/Maria-Nadim-Editor-in-Chief-of-Prestige-Watches-Guide-300x200.jpg 300w, https:\/\/www.prestigemag.co\/wp-content\/uploads\/2018\/10\/Maria-Nadim-Editor-in-Chief-of-Prestige-Watches-Guide-768x511.jpg 768w, https:\/\/www.prestigemag.co\/wp-content\/uploads\/2018\/10\/Maria-Nadim-Editor-in-Chief-of-Prestige-Watches-Guide-150x100.jpg 150w, https:\/\/www.prestigemag.co\/wp-content\/uploads\/2018\/10\/Maria-Nadim-Editor-in-Chief-of-Prestige-Watches-Guide-563x375.jpg 563w, https:\/\/www.prestigemag.co\/wp-content\/uploads\/2018\/10\/Maria-Nadim-Editor-in-Chief-of-Prestige-Watches-Guide-188x125.jpg 188w, https:\/\/www.prestigemag.co\/wp-content\/uploads\/2018\/10\/Maria-Nadim-Editor-in-Chief-of-Prestige-Watches-Guide-101x67.jpg 101w\" data-lazy-sizes=\"(max-width: 787px) 100vw, 787px\" \/><figcaption id=\"caption-attachment-15931\" class=\"wp-caption-text\"><noscript><img class=\"wp-image-15931 size-full\" src=\"http:\/\/www.prestigemag.co\/wp-content\/uploads\/2018\/10\/Maria-Nadim-Editor-in-Chief-of-Prestige-Watches-Guide.jpg\" alt=\"\" width=\"787\" height=\"524\" srcset=\"https:\/\/www.prestigemag.co\/wp-content\/uploads\/2018\/10\/Maria-Nadim-Editor-in-Chief-of-Prestige-Watches-Guide.jpg 787w, https:\/\/www.prestigemag.co\/wp-content\/uploads\/2018\/10\/Maria-Nadim-Editor-in-Chief-of-Prestige-Watches-Guide-300x200.jpg 300w, https:\/\/www.prestigemag.co\/wp-content\/uploads\/2018\/10\/Maria-Nadim-Editor-in-Chief-of-Prestige-Watches-Guide-768x511.jpg 768w, https:\/\/www.prestigemag.co\/wp-content\/uploads\/2018\/10\/Maria-Nadim-Editor-in-Chief-of-Prestige-Watches-Guide-150x100.jpg 150w, https:\/\/www.prestigemag.co\/wp-content\/uploads\/2018\/10\/Maria-Nadim-Editor-in-Chief-of-Prestige-Watches-Guide-563x375.jpg 563w, https:\/\/www.prestigemag.co\/wp-content\/uploads\/2018\/10\/Maria-Nadim-Editor-in-Chief-of-Prestige-Watches-Guide-188x125.jpg 188w, https:\/\/www.prestigemag.co\/wp-content\/uploads\/2018\/10\/Maria-Nadim-Editor-in-Chief-of-Prestige-Watches-Guide-101x67.jpg 101w\" sizes=\"(max-width: 787px) 100vw, 787px\" \/><\/noscript><\/a> Maria Nadim R\u00e9dactrice en chef du Guide Montres de Prestige.<\/figcaption><\/figure>\n<p>&nbsp;<\/p>\n<figure id=\"attachment_15932\" aria-describedby=\"caption-attachment-15932\" style=\"width: 787px\" class=\"wp-caption aligncenter\"><a href=\"http:\/\/www.prestigemag.co\/wp-content\/uploads\/2018\/10\/Swiss-ambassador-Monika-Schmutz-Kirgoz-and-her-husband-Yildim-Kirgoz-with-Philippe-Mouzannar.jpg\"><img src=\"data:image\/svg+xml,%3Csvg%20xmlns='http:\/\/www.w3.org\/2000\/svg'%20viewBox='0%200%20787%20524'%3E%3C\/svg%3E\" class=\"zeen-lazy-load-base zeen-lazy-load wp-image-15932 size-full\" data-lazy-src=\"http:\/\/www.prestigemag.co\/wp-content\/uploads\/2018\/10\/Swiss-ambassador-Monika-Schmutz-Kirgoz-and-her-husband-Yildim-Kirgoz-with-Philippe-Mouzannar.jpg\" alt=\"\" width=\"787\" height=\"524\" data-lazy-srcset=\"https:\/\/www.prestigemag.co\/wp-content\/uploads\/2018\/10\/Swiss-ambassador-Monika-Schmutz-Kirgoz-and-her-husband-Yildim-Kirgoz-with-Philippe-Mouzannar.jpg 787w, https:\/\/www.prestigemag.co\/wp-content\/uploads\/2018\/10\/Swiss-ambassador-Monika-Schmutz-Kirgoz-and-her-husband-Yildim-Kirgoz-with-Philippe-Mouzannar-300x200.jpg 300w, https:\/\/www.prestigemag.co\/wp-content\/uploads\/2018\/10\/Swiss-ambassador-Monika-Schmutz-Kirgoz-and-her-husband-Yildim-Kirgoz-with-Philippe-Mouzannar-768x511.jpg 768w, https:\/\/www.prestigemag.co\/wp-content\/uploads\/2018\/10\/Swiss-ambassador-Monika-Schmutz-Kirgoz-and-her-husband-Yildim-Kirgoz-with-Philippe-Mouzannar-150x100.jpg 150w, https:\/\/www.prestigemag.co\/wp-content\/uploads\/2018\/10\/Swiss-ambassador-Monika-Schmutz-Kirgoz-and-her-husband-Yildim-Kirgoz-with-Philippe-Mouzannar-563x375.jpg 563w, https:\/\/www.prestigemag.co\/wp-content\/uploads\/2018\/10\/Swiss-ambassador-Monika-Schmutz-Kirgoz-and-her-husband-Yildim-Kirgoz-with-Philippe-Mouzannar-188x125.jpg 188w, https:\/\/www.prestigemag.co\/wp-content\/uploads\/2018\/10\/Swiss-ambassador-Monika-Schmutz-Kirgoz-and-her-husband-Yildim-Kirgoz-with-Philippe-Mouzannar-101x67.jpg 101w\" data-lazy-sizes=\"(max-width: 787px) 100vw, 787px\" \/><figcaption id=\"caption-attachment-15932\" class=\"wp-caption-text\"><noscript><img class=\"wp-image-15932 size-full\" src=\"http:\/\/www.prestigemag.co\/wp-content\/uploads\/2018\/10\/Swiss-ambassador-Monika-Schmutz-Kirgoz-and-her-husband-Yildim-Kirgoz-with-Philippe-Mouzannar.jpg\" alt=\"\" width=\"787\" height=\"524\" srcset=\"https:\/\/www.prestigemag.co\/wp-content\/uploads\/2018\/10\/Swiss-ambassador-Monika-Schmutz-Kirgoz-and-her-husband-Yildim-Kirgoz-with-Philippe-Mouzannar.jpg 787w, https:\/\/www.prestigemag.co\/wp-content\/uploads\/2018\/10\/Swiss-ambassador-Monika-Schmutz-Kirgoz-and-her-husband-Yildim-Kirgoz-with-Philippe-Mouzannar-300x200.jpg 300w, https:\/\/www.prestigemag.co\/wp-content\/uploads\/2018\/10\/Swiss-ambassador-Monika-Schmutz-Kirgoz-and-her-husband-Yildim-Kirgoz-with-Philippe-Mouzannar-768x511.jpg 768w, https:\/\/www.prestigemag.co\/wp-content\/uploads\/2018\/10\/Swiss-ambassador-Monika-Schmutz-Kirgoz-and-her-husband-Yildim-Kirgoz-with-Philippe-Mouzannar-150x100.jpg 150w, https:\/\/www.prestigemag.co\/wp-content\/uploads\/2018\/10\/Swiss-ambassador-Monika-Schmutz-Kirgoz-and-her-husband-Yildim-Kirgoz-with-Philippe-Mouzannar-563x375.jpg 563w, https:\/\/www.prestigemag.co\/wp-content\/uploads\/2018\/10\/Swiss-ambassador-Monika-Schmutz-Kirgoz-and-her-husband-Yildim-Kirgoz-with-Philippe-Mouzannar-188x125.jpg 188w, https:\/\/www.prestigemag.co\/wp-content\/uploads\/2018\/10\/Swiss-ambassador-Monika-Schmutz-Kirgoz-and-her-husband-Yildim-Kirgoz-with-Philippe-Mouzannar-101x67.jpg 101w\" sizes=\"(max-width: 787px) 100vw, 787px\" \/><\/noscript><\/a> L&rsquo;ambassadrice de Suisse Monika Schmutz Kirgoz et son \u00e9poux Yildrim Kirgoz avec Philippe Mouzannar.<\/figcaption><\/figure>\n<p>&nbsp;<\/p>\n<figure id=\"attachment_15933\" aria-describedby=\"caption-attachment-15933\" style=\"width: 787px\" class=\"wp-caption aligncenter\"><a href=\"http:\/\/www.prestigemag.co\/wp-content\/uploads\/2018\/10\/Mehdi-Rajan-with-Lana-Sahely-IWC-ambassador.jpg\"><img src=\"data:image\/svg+xml,%3Csvg%20xmlns='http:\/\/www.w3.org\/2000\/svg'%20viewBox='0%200%20787%20525'%3E%3C\/svg%3E\" class=\"zeen-lazy-load-base zeen-lazy-load wp-image-15933 size-full\" data-lazy-src=\"http:\/\/www.prestigemag.co\/wp-content\/uploads\/2018\/10\/Mehdi-Rajan-with-Lana-Sahely-IWC-ambassador.jpg\" alt=\"\" width=\"787\" height=\"525\" data-lazy-srcset=\"https:\/\/www.prestigemag.co\/wp-content\/uploads\/2018\/10\/Mehdi-Rajan-with-Lana-Sahely-IWC-ambassador.jpg 787w, https:\/\/www.prestigemag.co\/wp-content\/uploads\/2018\/10\/Mehdi-Rajan-with-Lana-Sahely-IWC-ambassador-300x200.jpg 300w, https:\/\/www.prestigemag.co\/wp-content\/uploads\/2018\/10\/Mehdi-Rajan-with-Lana-Sahely-IWC-ambassador-768x512.jpg 768w, https:\/\/www.prestigemag.co\/wp-content\/uploads\/2018\/10\/Mehdi-Rajan-with-Lana-Sahely-IWC-ambassador-150x100.jpg 150w, https:\/\/www.prestigemag.co\/wp-content\/uploads\/2018\/10\/Mehdi-Rajan-with-Lana-Sahely-IWC-ambassador-562x375.jpg 562w, https:\/\/www.prestigemag.co\/wp-content\/uploads\/2018\/10\/Mehdi-Rajan-with-Lana-Sahely-IWC-ambassador-187x125.jpg 187w, https:\/\/www.prestigemag.co\/wp-content\/uploads\/2018\/10\/Mehdi-Rajan-with-Lana-Sahely-IWC-ambassador-100x67.jpg 100w\" data-lazy-sizes=\"(max-width: 787px) 100vw, 787px\" \/><figcaption id=\"caption-attachment-15933\" class=\"wp-caption-text\"><noscript><img class=\"wp-image-15933 size-full\" src=\"http:\/\/www.prestigemag.co\/wp-content\/uploads\/2018\/10\/Mehdi-Rajan-with-Lana-Sahely-IWC-ambassador.jpg\" alt=\"\" width=\"787\" height=\"525\" srcset=\"https:\/\/www.prestigemag.co\/wp-content\/uploads\/2018\/10\/Mehdi-Rajan-with-Lana-Sahely-IWC-ambassador.jpg 787w, https:\/\/www.prestigemag.co\/wp-content\/uploads\/2018\/10\/Mehdi-Rajan-with-Lana-Sahely-IWC-ambassador-300x200.jpg 300w, https:\/\/www.prestigemag.co\/wp-content\/uploads\/2018\/10\/Mehdi-Rajan-with-Lana-Sahely-IWC-ambassador-768x512.jpg 768w, https:\/\/www.prestigemag.co\/wp-content\/uploads\/2018\/10\/Mehdi-Rajan-with-Lana-Sahely-IWC-ambassador-150x100.jpg 150w, https:\/\/www.prestigemag.co\/wp-content\/uploads\/2018\/10\/Mehdi-Rajan-with-Lana-Sahely-IWC-ambassador-562x375.jpg 562w, https:\/\/www.prestigemag.co\/wp-content\/uploads\/2018\/10\/Mehdi-Rajan-with-Lana-Sahely-IWC-ambassador-187x125.jpg 187w, https:\/\/www.prestigemag.co\/wp-content\/uploads\/2018\/10\/Mehdi-Rajan-with-Lana-Sahely-IWC-ambassador-100x67.jpg 100w\" sizes=\"(max-width: 787px) 100vw, 787px\" \/><\/noscript><\/a> Mehdi Rajan et Lana Sahely, ambassadrice d&rsquo;IWC.<\/figcaption><\/figure>\n<p>&nbsp;<\/p>\n<p><a href=\"http:\/\/www.prestigemag.co\/wp-content\/uploads\/2018\/10\/Guests-at-IWC-dinner.jpg\"><img src=\"data:image\/svg+xml,%3Csvg%20xmlns='http:\/\/www.w3.org\/2000\/svg'%20viewBox='0%200%20787%20525'%3E%3C\/svg%3E\" width=\"787\" height=\"525\" class=\"zeen-lazy-load-base zeen-lazy-load aligncenter size-full wp-image-15935\" data-lazy-src=\"http:\/\/www.prestigemag.co\/wp-content\/uploads\/2018\/10\/Guests-at-IWC-dinner.jpg\" alt=\"\" data-lazy-srcset=\"https:\/\/www.prestigemag.co\/wp-content\/uploads\/2018\/10\/Guests-at-IWC-dinner.jpg 787w, https:\/\/www.prestigemag.co\/wp-content\/uploads\/2018\/10\/Guests-at-IWC-dinner-300x200.jpg 300w, https:\/\/www.prestigemag.co\/wp-content\/uploads\/2018\/10\/Guests-at-IWC-dinner-768x512.jpg 768w, https:\/\/www.prestigemag.co\/wp-content\/uploads\/2018\/10\/Guests-at-IWC-dinner-150x100.jpg 150w, https:\/\/www.prestigemag.co\/wp-content\/uploads\/2018\/10\/Guests-at-IWC-dinner-562x375.jpg 562w, https:\/\/www.prestigemag.co\/wp-content\/uploads\/2018\/10\/Guests-at-IWC-dinner-187x125.jpg 187w, https:\/\/www.prestigemag.co\/wp-content\/uploads\/2018\/10\/Guests-at-IWC-dinner-100x67.jpg 100w\" data-lazy-sizes=\"(max-width: 787px) 100vw, 787px\" \/><noscript><img width=\"787\" height=\"525\" class=\"aligncenter size-full wp-image-15935\" src=\"http:\/\/www.prestigemag.co\/wp-content\/uploads\/2018\/10\/Guests-at-IWC-dinner.jpg\" alt=\"\" srcset=\"https:\/\/www.prestigemag.co\/wp-content\/uploads\/2018\/10\/Guests-at-IWC-dinner.jpg 787w, https:\/\/www.prestigemag.co\/wp-content\/uploads\/2018\/10\/Guests-at-IWC-dinner-300x200.jpg 300w, https:\/\/www.prestigemag.co\/wp-content\/uploads\/2018\/10\/Guests-at-IWC-dinner-768x512.jpg 768w, https:\/\/www.prestigemag.co\/wp-content\/uploads\/2018\/10\/Guests-at-IWC-dinner-150x100.jpg 150w, https:\/\/www.prestigemag.co\/wp-content\/uploads\/2018\/10\/Guests-at-IWC-dinner-562x375.jpg 562w, https:\/\/www.prestigemag.co\/wp-content\/uploads\/2018\/10\/Guests-at-IWC-dinner-187x125.jpg 187w, https:\/\/www.prestigemag.co\/wp-content\/uploads\/2018\/10\/Guests-at-IWC-dinner-100x67.jpg 100w\" sizes=\"(max-width: 787px) 100vw, 787px\" \/><\/noscript><\/a><\/p>\n<p>&nbsp;<\/p>\n<p>Pour en savoir plus sur la collection anniversaire d&rsquo;IWC, cliquez sur le lien ci-dessous:\u00a0<a href=\"http:\/\/www.prestigemag.co\/2018\/10\/walter-volpers-talks-about-iwc-jubilee-collection\/\">http:\/\/www.prestigemag.co\/2018\/10\/walter-volpers-talks-about-iwc-jubilee-collection\/<\/a><\/p>\n","protected":false},"excerpt":{"rendered":"<p><em>La manufacture horlog\u00e8re suisse de luxe IWC Schaffhausen a c\u00e9l\u00e9br\u00e9 son 150e anniversaire au Liban en organisant, en partenariat avec les Ets Hagop Atamian, un d\u00eener priv\u00e9 au restaurant SAX, aux Souks de Beyrouth.<\/em><\/p>\n","protected":false},"author":3,"featured_media":22546,"comment_status":"closed","ping_status":"closed","sticky":false,"template":"","format":"standard","meta":[],"categories":[13329],"tags":[],"yoast_head":"<!-- This site is optimized with the Yoast SEO plugin v19.4 - https:\/\/yoast.com\/wordpress\/plugins\/seo\/ -->\n<title>IWC Schaffhausen et Atamian c\u00e9l\u00e8brent le 150e anniversaire d\u2019IWC au Liban - Prestige Magazine<\/title>\n<meta name=\"description\" content=\"La manufacture horlog\u00e8re suisse de luxe IWC Schaffhausen a c\u00e9l\u00e9br\u00e9 son 150e anniversaire au Liban en organisant, en partenariat avec les Ets Hagop Atamian, un d\u00eener priv\u00e9 au restaurant SAX, aux Souks de Beyrouth.\" \/>\n<meta name=\"robots\" content=\"index, follow, max-snippet:-1, max-image-preview:large, max-video-preview:-1\" \/>\n<link rel=\"canonical\" href=\"https:\/\/www.prestigemag.co\/fr\/2018\/10\/iwc-schaffhausen-et-atamian-celebrent-le-150e-anniversaire-diwc-au-liban\/\" \/>\n<meta property=\"og:locale\" content=\"fr_FR\" \/>\n<meta property=\"og:type\" content=\"article\" \/>\n<meta property=\"og:title\" content=\"IWC Schaffhausen et Atamian c\u00e9l\u00e8brent le 150e anniversaire d\u2019IWC au Liban - Prestige Magazine\" \/>\n<meta property=\"og:description\" content=\"La manufacture horlog\u00e8re suisse de luxe IWC Schaffhausen a c\u00e9l\u00e9br\u00e9 son 150e anniversaire au Liban en organisant, en partenariat avec les Ets Hagop Atamian, un d\u00eener priv\u00e9 au restaurant SAX, aux Souks de Beyrouth.\" \/>\n<meta property=\"og:url\" content=\"https:\/\/www.prestigemag.co\/fr\/2018\/10\/iwc-schaffhausen-et-atamian-celebrent-le-150e-anniversaire-diwc-au-liban\/\" \/>\n<meta property=\"og:site_name\" content=\"Prestige Magazine\" \/>\n<meta property=\"article:publisher\" content=\"https:\/\/www.facebook.com\/prestigemag.co\/\" \/>\n<meta property=\"article:published_time\" content=\"2018-10-18T06:45:53+00:00\" \/>\n<meta property=\"og:image\" content=\"https:\/\/www.prestigemag.co\/wp-content\/uploads\/2018\/10\/IWC-Dinner-Anniversary.jpg\" \/>\n\t<meta property=\"og:image:width\" content=\"1000\" \/>\n\t<meta property=\"og:image:height\" content=\"409\" \/>\n\t<meta property=\"og:image:type\" content=\"image\/jpeg\" \/>\n<meta name=\"author\" content=\"prestige\" \/>\n<meta name=\"twitter:card\" content=\"summary\" \/>\n<meta name=\"twitter:label1\" content=\"\u00c9crit par\" \/>\n\t<meta name=\"twitter:data1\" content=\"prestige\" \/>\n\t<meta name=\"twitter:label2\" content=\"Dur\u00e9e de lecture estim\u00e9e\" \/>\n\t<meta name=\"twitter:data2\" content=\"2 minutes\" \/>\n<script type=\"application\/ld+json\" class=\"yoast-schema-graph\">{\"@context\":\"https:\/\/schema.org\",\"@graph\":[{\"@type\":\"Organization\",\"@id\":\"https:\/\/www.prestigemag.co\/#organization\",\"name\":\"Prestige\",\"url\":\"https:\/\/www.prestigemag.co\/\",\"sameAs\":[\"https:\/\/www.instagram.com\/prestige.mag\/\",\"https:\/\/www.facebook.com\/prestigemag.co\/\"],\"logo\":{\"@type\":\"ImageObject\",\"inLanguage\":\"fr-FR\",\"@id\":\"https:\/\/www.prestigemag.co\/#\/schema\/logo\/image\/\",\"url\":\"https:\/\/www.prestigemag.co\/wp-content\/uploads\/2021\/11\/logo-Prestige-800x200-1.png\",\"contentUrl\":\"https:\/\/www.prestigemag.co\/wp-content\/uploads\/2021\/11\/logo-Prestige-800x200-1.png\",\"width\":800,\"height\":200,\"caption\":\"Prestige\"},\"image\":{\"@id\":\"https:\/\/www.prestigemag.co\/#\/schema\/logo\/image\/\"}},{\"@type\":\"WebSite\",\"@id\":\"https:\/\/www.prestigemag.co\/#website\",\"url\":\"https:\/\/www.prestigemag.co\/\",\"name\":\"Prestige Magazine\",\"description\":\"Le Monde Des C\u00e9l\u00e9brit\u00e9s\",\"publisher\":{\"@id\":\"https:\/\/www.prestigemag.co\/#organization\"},\"potentialAction\":[{\"@type\":\"SearchAction\",\"target\":{\"@type\":\"EntryPoint\",\"urlTemplate\":\"https:\/\/www.prestigemag.co\/?s={search_term_string}\"},\"query-input\":\"required name=search_term_string\"}],\"inLanguage\":\"fr-FR\"},{\"@type\":\"WebPage\",\"@id\":\"https:\/\/www.prestigemag.co\/fr\/2018\/10\/iwc-schaffhausen-et-atamian-celebrent-le-150e-anniversaire-diwc-au-liban\/\",\"url\":\"https:\/\/www.prestigemag.co\/fr\/2018\/10\/iwc-schaffhausen-et-atamian-celebrent-le-150e-anniversaire-diwc-au-liban\/\",\"name\":\"IWC Schaffhausen et Atamian c\u00e9l\u00e8brent le 150e anniversaire d\u2019IWC au Liban - Prestige Magazine\",\"isPartOf\":{\"@id\":\"https:\/\/www.prestigemag.co\/#website\"},\"datePublished\":\"2018-10-18T06:45:53+00:00\",\"dateModified\":\"2018-10-18T06:45:53+00:00\",\"description\":\"La manufacture horlog\u00e8re suisse de luxe IWC Schaffhausen a c\u00e9l\u00e9br\u00e9 son 150e anniversaire au Liban en organisant, en partenariat avec les Ets Hagop Atamian, un d\u00eener priv\u00e9 au restaurant SAX, aux Souks de Beyrouth.\",\"breadcrumb\":{\"@id\":\"https:\/\/www.prestigemag.co\/fr\/2018\/10\/iwc-schaffhausen-et-atamian-celebrent-le-150e-anniversaire-diwc-au-liban\/#breadcrumb\"},\"inLanguage\":\"fr-FR\",\"potentialAction\":[{\"@type\":\"ReadAction\",\"target\":[\"https:\/\/www.prestigemag.co\/fr\/2018\/10\/iwc-schaffhausen-et-atamian-celebrent-le-150e-anniversaire-diwc-au-liban\/\"]}]},{\"@type\":\"BreadcrumbList\",\"@id\":\"https:\/\/www.prestigemag.co\/fr\/2018\/10\/iwc-schaffhausen-et-atamian-celebrent-le-150e-anniversaire-diwc-au-liban\/#breadcrumb\",\"itemListElement\":[{\"@type\":\"ListItem\",\"position\":1,\"name\":\"Home\",\"item\":\"https:\/\/www.prestigemag.co\/fr\/\"},{\"@type\":\"ListItem\",\"position\":2,\"name\":\"IWC Schaffhausen et Atamian c\u00e9l\u00e8brent le 150e anniversaire d\u2019IWC au Liban\"}]},{\"@type\":\"Article\",\"@id\":\"https:\/\/www.prestigemag.co\/fr\/2018\/10\/iwc-schaffhausen-et-atamian-celebrent-le-150e-anniversaire-diwc-au-liban\/#article\",\"isPartOf\":{\"@id\":\"https:\/\/www.prestigemag.co\/fr\/2018\/10\/iwc-schaffhausen-et-atamian-celebrent-le-150e-anniversaire-diwc-au-liban\/\"},\"author\":{\"name\":\"prestige\",\"@id\":\"https:\/\/www.prestigemag.co\/#\/schema\/person\/e3f149368970128d68bb2d797bf30fbc\"},\"headline\":\"IWC Schaffhausen et Atamian c\u00e9l\u00e8brent le 150e anniversaire d\u2019IWC au Liban\",\"datePublished\":\"2018-10-18T06:45:53+00:00\",\"dateModified\":\"2018-10-18T06:45:53+00:00\",\"mainEntityOfPage\":{\"@id\":\"https:\/\/www.prestigemag.co\/fr\/2018\/10\/iwc-schaffhausen-et-atamian-celebrent-le-150e-anniversaire-diwc-au-liban\/\"},\"wordCount\":332,\"publisher\":{\"@id\":\"https:\/\/www.prestigemag.co\/#organization\"},\"articleSection\":[\"Horlogerie &amp; Joaillerie\"],\"inLanguage\":\"fr-FR\"},{\"@type\":\"Person\",\"@id\":\"https:\/\/www.prestigemag.co\/#\/schema\/person\/e3f149368970128d68bb2d797bf30fbc\",\"name\":\"prestige\",\"image\":{\"@type\":\"ImageObject\",\"inLanguage\":\"fr-FR\",\"@id\":\"https:\/\/www.prestigemag.co\/#\/schema\/person\/image\/\",\"url\":\"https:\/\/secure.gravatar.com\/avatar\/0aa2dff5484d35e50578639a2c3ccef9?s=96&d=mm&r=g\",\"contentUrl\":\"https:\/\/secure.gravatar.com\/avatar\/0aa2dff5484d35e50578639a2c3ccef9?s=96&d=mm&r=g\",\"caption\":\"prestige\"},\"url\":\"https:\/\/www.prestigemag.co\/fr\/author\/prestige\/\"}]}<\/script>\n<!-- \/ Yoast SEO plugin. -->","yoast_head_json":{"title":"IWC Schaffhausen et Atamian c\u00e9l\u00e8brent le 150e anniversaire d\u2019IWC au Liban - Prestige Magazine","description":"La manufacture horlog\u00e8re suisse de luxe IWC Schaffhausen a c\u00e9l\u00e9br\u00e9 son 150e anniversaire au Liban en organisant, en partenariat avec les Ets Hagop Atamian, un d\u00eener priv\u00e9 au restaurant SAX, aux Souks de Beyrouth.","robots":{"index":"index","follow":"follow","max-snippet":"max-snippet:-1","max-image-preview":"max-image-preview:large","max-video-preview":"max-video-preview:-1"},"canonical":"https:\/\/www.prestigemag.co\/fr\/2018\/10\/iwc-schaffhausen-et-atamian-celebrent-le-150e-anniversaire-diwc-au-liban\/","og_locale":"fr_FR","og_type":"article","og_title":"IWC Schaffhausen et Atamian c\u00e9l\u00e8brent le 150e anniversaire d\u2019IWC au Liban - Prestige Magazine","og_description":"La manufacture horlog\u00e8re suisse de luxe IWC Schaffhausen a c\u00e9l\u00e9br\u00e9 son 150e anniversaire au Liban en organisant, en partenariat avec les Ets Hagop Atamian, un d\u00eener priv\u00e9 au restaurant SAX, aux Souks de Beyrouth.","og_url":"https:\/\/www.prestigemag.co\/fr\/2018\/10\/iwc-schaffhausen-et-atamian-celebrent-le-150e-anniversaire-diwc-au-liban\/","og_site_name":"Prestige Magazine","article_publisher":"https:\/\/www.facebook.com\/prestigemag.co\/","article_published_time":"2018-10-18T06:45:53+00:00","og_image":[{"width":1000,"height":409,"url":"https:\/\/www.prestigemag.co\/wp-content\/uploads\/2018\/10\/IWC-Dinner-Anniversary.jpg","type":"image\/jpeg"}],"author":"prestige","twitter_card":"summary","twitter_misc":{"\u00c9crit par":"prestige","Dur\u00e9e de lecture estim\u00e9e":"2 minutes"},"schema":{"@context":"https:\/\/schema.org","@graph":[{"@type":"Organization","@id":"https:\/\/www.prestigemag.co\/#organization","name":"Prestige","url":"https:\/\/www.prestigemag.co\/","sameAs":["https:\/\/www.instagram.com\/prestige.mag\/","https:\/\/www.facebook.com\/prestigemag.co\/"],"logo":{"@type":"ImageObject","inLanguage":"fr-FR","@id":"https:\/\/www.prestigemag.co\/#\/schema\/logo\/image\/","url":"https:\/\/www.prestigemag.co\/wp-content\/uploads\/2021\/11\/logo-Prestige-800x200-1.png","contentUrl":"https:\/\/www.prestigemag.co\/wp-content\/uploads\/2021\/11\/logo-Prestige-800x200-1.png","width":800,"height":200,"caption":"Prestige"},"image":{"@id":"https:\/\/www.prestigemag.co\/#\/schema\/logo\/image\/"}},{"@type":"WebSite","@id":"https:\/\/www.prestigemag.co\/#website","url":"https:\/\/www.prestigemag.co\/","name":"Prestige Magazine","description":"Le Monde Des C\u00e9l\u00e9brit\u00e9s","publisher":{"@id":"https:\/\/www.prestigemag.co\/#organization"},"potentialAction":[{"@type":"SearchAction","target":{"@type":"EntryPoint","urlTemplate":"https:\/\/www.prestigemag.co\/?s={search_term_string}"},"query-input":"required name=search_term_string"}],"inLanguage":"fr-FR"},{"@type":"WebPage","@id":"https:\/\/www.prestigemag.co\/fr\/2018\/10\/iwc-schaffhausen-et-atamian-celebrent-le-150e-anniversaire-diwc-au-liban\/","url":"https:\/\/www.prestigemag.co\/fr\/2018\/10\/iwc-schaffhausen-et-atamian-celebrent-le-150e-anniversaire-diwc-au-liban\/","name":"IWC Schaffhausen et Atamian c\u00e9l\u00e8brent le 150e anniversaire d\u2019IWC au Liban - Prestige Magazine","isPartOf":{"@id":"https:\/\/www.prestigemag.co\/#website"},"datePublished":"2018-10-18T06:45:53+00:00","dateModified":"2018-10-18T06:45:53+00:00","description":"La manufacture horlog\u00e8re suisse de luxe IWC Schaffhausen a c\u00e9l\u00e9br\u00e9 son 150e anniversaire au Liban en organisant, en partenariat avec les Ets Hagop Atamian, un d\u00eener priv\u00e9 au restaurant SAX, aux Souks de Beyrouth.","breadcrumb":{"@id":"https:\/\/www.prestigemag.co\/fr\/2018\/10\/iwc-schaffhausen-et-atamian-celebrent-le-150e-anniversaire-diwc-au-liban\/#breadcrumb"},"inLanguage":"fr-FR","potentialAction":[{"@type":"ReadAction","target":["https:\/\/www.prestigemag.co\/fr\/2018\/10\/iwc-schaffhausen-et-atamian-celebrent-le-150e-anniversaire-diwc-au-liban\/"]}]},{"@type":"BreadcrumbList","@id":"https:\/\/www.prestigemag.co\/fr\/2018\/10\/iwc-schaffhausen-et-atamian-celebrent-le-150e-anniversaire-diwc-au-liban\/#breadcrumb","itemListElement":[{"@type":"ListItem","position":1,"name":"Home","item":"https:\/\/www.prestigemag.co\/fr\/"},{"@type":"ListItem","position":2,"name":"IWC Schaffhausen et Atamian c\u00e9l\u00e8brent le 150e anniversaire d\u2019IWC au Liban"}]},{"@type":"Article","@id":"https:\/\/www.prestigemag.co\/fr\/2018\/10\/iwc-schaffhausen-et-atamian-celebrent-le-150e-anniversaire-diwc-au-liban\/#article","isPartOf":{"@id":"https:\/\/www.prestigemag.co\/fr\/2018\/10\/iwc-schaffhausen-et-atamian-celebrent-le-150e-anniversaire-diwc-au-liban\/"},"author":{"name":"prestige","@id":"https:\/\/www.prestigemag.co\/#\/schema\/person\/e3f149368970128d68bb2d797bf30fbc"},"headline":"IWC Schaffhausen et Atamian c\u00e9l\u00e8brent le 150e anniversaire d\u2019IWC au Liban","datePublished":"2018-10-18T06:45:53+00:00","dateModified":"2018-10-18T06:45:53+00:00","mainEntityOfPage":{"@id":"https:\/\/www.prestigemag.co\/fr\/2018\/10\/iwc-schaffhausen-et-atamian-celebrent-le-150e-anniversaire-diwc-au-liban\/"},"wordCount":332,"publisher":{"@id":"https:\/\/www.prestigemag.co\/#organization"},"articleSection":["Horlogerie &amp; Joaillerie"],"inLanguage":"fr-FR"},{"@type":"Person","@id":"https:\/\/www.prestigemag.co\/#\/schema\/person\/e3f149368970128d68bb2d797bf30fbc","name":"prestige","image":{"@type":"ImageObject","inLanguage":"fr-FR","@id":"https:\/\/www.prestigemag.co\/#\/schema\/person\/image\/","url":"https:\/\/secure.gravatar.com\/avatar\/0aa2dff5484d35e50578639a2c3ccef9?s=96&d=mm&r=g","contentUrl":"https:\/\/secure.gravatar.com\/avatar\/0aa2dff5484d35e50578639a2c3ccef9?s=96&d=mm&r=g","caption":"prestige"},"url":"https:\/\/www.prestigemag.co\/fr\/author\/prestige\/"}]}},"_links":{"self":[{"href":"https:\/\/www.prestigemag.co\/fr\/wp-json\/wp\/v2\/posts\/22545"}],"collection":[{"href":"https:\/\/www.prestigemag.co\/fr\/wp-json\/wp\/v2\/posts"}],"about":[{"href":"https:\/\/www.prestigemag.co\/fr\/wp-json\/wp\/v2\/types\/post"}],"author":[{"embeddable":true,"href":"https:\/\/www.prestigemag.co\/fr\/wp-json\/wp\/v2\/users\/3"}],"replies":[{"embeddable":true,"href":"https:\/\/www.prestigemag.co\/fr\/wp-json\/wp\/v2\/comments?post=22545"}],"version-history":[{"count":0,"href":"https:\/\/www.prestigemag.co\/fr\/wp-json\/wp\/v2\/posts\/22545\/revisions"}],"wp:featuredmedia":[{"embeddable":true,"href":"https:\/\/www.prestigemag.co\/fr\/wp-json\/wp\/v2\/media\/22546"}],"wp:attachment":[{"href":"https:\/\/www.prestigemag.co\/fr\/wp-json\/wp\/v2\/media?parent=22545"}],"wp:term":[{"taxonomy":"category","embeddable":true,"href":"https:\/\/www.prestigemag.co\/fr\/wp-json\/wp\/v2\/categories?post=22545"},{"taxonomy":"post_tag","embeddable":true,"href":"https:\/\/www.prestigemag.co\/fr\/wp-json\/wp\/v2\/tags?post=22545"}],"curies":[{"name":"wp","href":"https:\/\/api.w.org\/{rel}","templated":true}]}}