{"id":22554,"date":"2018-10-23T12:00:52","date_gmt":"2018-10-23T12:00:52","guid":{"rendered":"http:\/\/www.prestigemag.co\/2018\/10\/la-beaute-et-la-spiritualite-de-medjugorje\/"},"modified":"2018-10-23T12:00:52","modified_gmt":"2018-10-23T12:00:52","slug":"la-beaute-et-la-spiritualite-de-medjugorje","status":"publish","type":"post","link":"https:\/\/www.prestigemag.co\/fr\/2018\/10\/la-beaute-et-la-spiritualite-de-medjugorje\/","title":{"rendered":"La Beaut\u00e9 et la Spiritualit\u00e9 de Medjugorje"},"content":{"rendered":"<p><em>Prestige N 292, Oct-Nov. 2018<\/em><\/p>\n<p>&nbsp;<\/p>\n<p><strong>Voyage<\/strong> par Mireille Bouabjian<\/p>\n<p>&nbsp;<\/p>\n<p>A la fronti\u00e8re croate, au sud de la Bosnie-Herz\u00e9govine, un petit village nomm\u00e9 Medjugorje est devenu un centre de tourisme et de p\u00e8lerinage international. Depuis le 24 juin 1981, date de l\u2019apparition de la Vierge Marie \u00e0 six enfants de la paroisse, 20 millions de p\u00e8lerins se sont rendus dans cette localit\u00e9. La prosp\u00e9rit\u00e9 apport\u00e9e par le tourisme religieux a donn\u00e9 naissance \u00e0 une panoplie d\u2019h\u00f4tels, d\u2019\u00e9choppes et de restaurants, tout autour du village. Au Liban, L\u2019Association des Amis de Marie Reine de la Paix, fond\u00e9e par Sanaa Nassar et dont tous les responsables sont b\u00e9n\u00e9voles, en collaboration avec T\u00e9l\u00e9 Lumi\u00e8re, organisent depuis plus de deux d\u00e9cennies des p\u00e8lerinages \u00e0 Medjugorje, dont un au Nouvel An, un autre \u00e0 P\u00e2ques, puis entre d\u00e9but mai et d\u00e9but octobre, un p\u00e8lerinage hebdomadaire. Dans ce cadre Prestige a accompagn\u00e9 les p\u00e8lerins dans ce lieu qui m\u00e9rite le d\u00e9tour. Clich\u00e9s des sites les plus saisissants.<\/p>\n<p>&nbsp;<\/p>\n<p>&nbsp;<\/p>\n<p><a href=\"http:\/\/www.prestigemag.co\/wp-content\/uploads\/2018\/10\/Medjugorje-Panorama-1.jpg\"><img src=\"data:image\/svg+xml,%3Csvg%20xmlns='http:\/\/www.w3.org\/2000\/svg'%20viewBox='0%200%201000%20409'%3E%3C\/svg%3E\" width=\"1000\" height=\"409\" class=\"zeen-lazy-load-base zeen-lazy-load aligncenter size-full wp-image-15969\" data-lazy-src=\"http:\/\/www.prestigemag.co\/wp-content\/uploads\/2018\/10\/Medjugorje-Panorama-1.jpg\" alt=\"\" data-lazy-srcset=\"https:\/\/www.prestigemag.co\/wp-content\/uploads\/2018\/10\/Medjugorje-Panorama-1.jpg 1000w, https:\/\/www.prestigemag.co\/wp-content\/uploads\/2018\/10\/Medjugorje-Panorama-1-300x123.jpg 300w, https:\/\/www.prestigemag.co\/wp-content\/uploads\/2018\/10\/Medjugorje-Panorama-1-768x314.jpg 768w, https:\/\/www.prestigemag.co\/wp-content\/uploads\/2018\/10\/Medjugorje-Panorama-1-150x61.jpg 150w, https:\/\/www.prestigemag.co\/wp-content\/uploads\/2018\/10\/Medjugorje-Panorama-1-600x245.jpg 600w, https:\/\/www.prestigemag.co\/wp-content\/uploads\/2018\/10\/Medjugorje-Panorama-1-291x119.jpg 291w, https:\/\/www.prestigemag.co\/wp-content\/uploads\/2018\/10\/Medjugorje-Panorama-1-164x67.jpg 164w\" data-lazy-sizes=\"(max-width: 1000px) 100vw, 1000px\" \/><noscript><img width=\"1000\" height=\"409\" class=\"aligncenter size-full wp-image-15969\" src=\"http:\/\/www.prestigemag.co\/wp-content\/uploads\/2018\/10\/Medjugorje-Panorama-1.jpg\" alt=\"\" srcset=\"https:\/\/www.prestigemag.co\/wp-content\/uploads\/2018\/10\/Medjugorje-Panorama-1.jpg 1000w, https:\/\/www.prestigemag.co\/wp-content\/uploads\/2018\/10\/Medjugorje-Panorama-1-300x123.jpg 300w, https:\/\/www.prestigemag.co\/wp-content\/uploads\/2018\/10\/Medjugorje-Panorama-1-768x314.jpg 768w, https:\/\/www.prestigemag.co\/wp-content\/uploads\/2018\/10\/Medjugorje-Panorama-1-150x61.jpg 150w, https:\/\/www.prestigemag.co\/wp-content\/uploads\/2018\/10\/Medjugorje-Panorama-1-600x245.jpg 600w, https:\/\/www.prestigemag.co\/wp-content\/uploads\/2018\/10\/Medjugorje-Panorama-1-291x119.jpg 291w, https:\/\/www.prestigemag.co\/wp-content\/uploads\/2018\/10\/Medjugorje-Panorama-1-164x67.jpg 164w\" sizes=\"(max-width: 1000px) 100vw, 1000px\" \/><\/noscript><\/a><\/p>\n<p>&nbsp;<\/p>\n<p>&nbsp;<\/p>\n<h3>Petit village devenu grand<\/h3>\n<p>Au cours de l\u2019Histoire, Medjugorje a \u00e9t\u00e9 marqu\u00e9e par une permanente migration de ses populations. Avant la Premi\u00e8re Guerre mondiale, les habitants partaient \u00e0 l\u2019\u00e9tranger \u00e0 cause de la grande pauvret\u00e9. Entre les deux guerres, ils allaient vers l\u2019Am\u00e9rique du Nord et du Sud, \u00e0 cause de l\u2019h\u00e9g\u00e9monie serbe et des pers\u00e9cutions de la Yougoslavie. Apr\u00e8s la Seconde Guerre mondiale, la dictature communiste a provoqu\u00e9 une \u00e9migration massive. D\u2019origine slave, le nom de Medjugorje signifie la r\u00e9gion comprise entre deux monts: Krizevac et Crnica, appel\u00e9 \u00e9galement colline de Podbrdo. A 200m d\u2019altitude, Medjugorje est \u00e0 quelques kilom\u00e8tres de la mer Adriatique. Ce petit village n\u2019avait ni eau courante ni t\u00e9l\u00e9phone. Aujourd\u2019hui, c\u2019est une ville \u00e0 part enti\u00e8re, sa population compte 5.000 habitants, et sa capacit\u00e9 h\u00f4teli\u00e8re s\u2019\u00e9l\u00e8ve \u00e0 plus de 30.000 lits. L\u2019afflux de millions de p\u00e8lerins a contribu\u00e9 \u00e0 la prosp\u00e9rit\u00e9 touristique de Medjugorje.<\/p>\n<p>&nbsp;<\/p>\n<h3>Beyrouth-Medjugorje<\/h3>\n<p>A l\u2019a\u00e9roport de Beyrouth, les groupes de p\u00e8lerins se forment, sous la supervision des guides. A bord de la Croatia Airlines, l\u2019a\u00e9roport de Mostar est le passage oblig\u00e9 de notre destination. Un parcours de 45 minutes en bus reste \u00e0 faire pour atteindre le village, situ\u00e9 \u00e0 25km au sud-ouest de Mostar. Un magnifique panorama champ\u00eatre parsem\u00e9 de vignobles et de maisons entour\u00e9es de verdure s\u2019offre \u00e0 nos yeux. Dans une ambiance bon enfant, nous arrivons \u00e0 Medjugorje, o\u00f9 une atmosph\u00e8re de paix et de s\u00e9r\u00e9nit\u00e9 c\u00f4toie la cacophonie r\u00e9gnante autour des h\u00f4tels.<\/p>\n<p>&nbsp;<\/p>\n<figure id=\"attachment_15970\" aria-describedby=\"caption-attachment-15970\" style=\"width: 350px\" class=\"wp-caption aligncenter\"><a href=\"http:\/\/www.prestigemag.co\/wp-content\/uploads\/2018\/10\/medjugorje.jpg\"><img src=\"data:image\/svg+xml,%3Csvg%20xmlns='http:\/\/www.w3.org\/2000\/svg'%20viewBox='0%200%20350%20241'%3E%3C\/svg%3E\" class=\"zeen-lazy-load-base zeen-lazy-load wp-image-15970\" data-lazy-src=\"http:\/\/www.prestigemag.co\/wp-content\/uploads\/2018\/10\/medjugorje.jpg\" alt=\"\" width=\"350\" height=\"241\" data-lazy-srcset=\"https:\/\/www.prestigemag.co\/wp-content\/uploads\/2018\/10\/medjugorje.jpg 787w, https:\/\/www.prestigemag.co\/wp-content\/uploads\/2018\/10\/medjugorje-300x206.jpg 300w, https:\/\/www.prestigemag.co\/wp-content\/uploads\/2018\/10\/medjugorje-768x528.jpg 768w, https:\/\/www.prestigemag.co\/wp-content\/uploads\/2018\/10\/medjugorje-150x103.jpg 150w, https:\/\/www.prestigemag.co\/wp-content\/uploads\/2018\/10\/medjugorje-546x375.jpg 546w, https:\/\/www.prestigemag.co\/wp-content\/uploads\/2018\/10\/medjugorje-182x125.jpg 182w, https:\/\/www.prestigemag.co\/wp-content\/uploads\/2018\/10\/medjugorje-97x67.jpg 97w\" data-lazy-sizes=\"(max-width: 350px) 100vw, 350px\" \/><figcaption id=\"caption-attachment-15970\" class=\"wp-caption-text\"><noscript><img class=\"wp-image-15970\" src=\"http:\/\/www.prestigemag.co\/wp-content\/uploads\/2018\/10\/medjugorje.jpg\" alt=\"\" width=\"350\" height=\"241\" srcset=\"https:\/\/www.prestigemag.co\/wp-content\/uploads\/2018\/10\/medjugorje.jpg 787w, https:\/\/www.prestigemag.co\/wp-content\/uploads\/2018\/10\/medjugorje-300x206.jpg 300w, https:\/\/www.prestigemag.co\/wp-content\/uploads\/2018\/10\/medjugorje-768x528.jpg 768w, https:\/\/www.prestigemag.co\/wp-content\/uploads\/2018\/10\/medjugorje-150x103.jpg 150w, https:\/\/www.prestigemag.co\/wp-content\/uploads\/2018\/10\/medjugorje-546x375.jpg 546w, https:\/\/www.prestigemag.co\/wp-content\/uploads\/2018\/10\/medjugorje-182x125.jpg 182w, https:\/\/www.prestigemag.co\/wp-content\/uploads\/2018\/10\/medjugorje-97x67.jpg 97w\" sizes=\"(max-width: 350px) 100vw, 350px\" \/><\/noscript><\/a> La statue blanche de Marie Reine de la Paix \u00e0 l\u2019entr\u00e9e de l\u2019\u00e9glise Saint-Jacques.<\/figcaption><\/figure>\n<h3>Histoire des apparitions<\/h3>\n<h3>de la Vierge aux enfants<\/h3>\n<p>Le 24 juin 1981, vers 6 heures du soir, six enfants: Ivanka Ivankovic, Mirjana Dragicevic, Vicka Ivankovic, Ivan Dragicevic, Ivan Ivankovic et Milka Pavlovic voient sur la colline de Crnica, \u00e0 quelques centaines de m\u00e8tres de Podbrdo, une jeune dame portant un enfant, qui leur demande de s\u2019approcher d\u2019elle. Etonn\u00e9s et apeur\u00e9s, ils ne le firent pas. Le lendemain, le 25 juin 1981, \u00e0 la m\u00eame heure, quatre d\u2019entre eux, Ivanka Ivankovic, Mirjana Dragicevic, Vicka Ivankovic et Ivan Dragicevic sont attir\u00e9s par ce lieu o\u00f9 ils ont vu \u00abnotre Dame\u00bb, la Gospa ou la Dame en croate. Ils sont bient\u00f4t rejoints par Marija Pavlovic et Jacov Colo. Ce jour-l\u00e0, ils ont pri\u00e9 et dialogu\u00e9 avec la Vierge, raison pour laquelle la f\u00eate des Apparitions est c\u00e9l\u00e9br\u00e9e le 25 juin. Le groupe des t\u00e9moins de Medjugorje est form\u00e9.<\/p>\n<h3>L\u2019\u00e9glise Saint-Jacques<\/h3>\n<p>La paroisse des Franciscains a \u00e9t\u00e9 fond\u00e9e en 1892, et plac\u00e9e sous la protection de Saint Jacques, patron des p\u00e8lerins. Apr\u00e8s la Seconde Guerre mondiale, les habitants construisirent l\u2019\u00e9glise actuelle de Saint-Jacques, aux deux clochers, achev\u00e9e et consacr\u00e9e le 19 janvier 1969. A l\u2019\u00e9poque, elle suscita l\u2019\u00e9tonnement \u00e0 la fois de l\u2019ing\u00e9nieur et des habitants, au nombre de 500 \u00e0 peine, qui la trouv\u00e8rent immense pour eux. Tout le monde ignorait en fait, son futur destin de lieu de p\u00e8lerinage mondial, accueillant plus de 2 millions de visiteurs par an. Effectivement, depuis le 24 juin 1981, l\u2019\u00e9glise pourtant si grande, ne d\u00e9semplit plus. L\u2019afflux de p\u00e8lerins a suscit\u00e9 la construction, en 1989, de l\u2019autel ext\u00e9rieur, derri\u00e8re l\u2019\u00e9glise. Il accueille pr\u00e8s de 5.000 personnes assises lors des c\u00e9l\u00e9brations r\u00e9guli\u00e8res, et parfois plus de 100.000 jeunes lors du Festival des Jeunes. Une statue blanche de Marie Reine de la Paix tr\u00f4ne sur le parvis de l\u2019\u00e9glise Saint-Jacques. Install\u00e9e en 1987, la statue est en marbre et marque la premi\u00e8re apparition de la Vierge. En cette fin de mois d\u2019ao\u00fbt, les rues de Medjugorje grouillaient de touristes venus des quatre coins de la plan\u00e8te. Des Libanais en premier lieu, mais aussi des Italiens, Espagnols, Canadiens, Am\u00e9ricains et m\u00eame Japonais&#8230; Derri\u00e8re l\u2019\u00e9glise Saint-Jacques, se dresse le monument du Resucito. A l\u2019occasion du Jubil\u00e9, en 2000, un concours a permis de choisir cette fameuse Croix du Christ ressuscit\u00e9.<\/p>\n<p>&nbsp;<\/p>\n<figure id=\"attachment_15973\" aria-describedby=\"caption-attachment-15973\" style=\"width: 451px\" class=\"wp-caption aligncenter\"><a href=\"http:\/\/www.prestigemag.co\/wp-content\/uploads\/2018\/10\/rescucito-1-1.jpg\"><img src=\"data:image\/svg+xml,%3Csvg%20xmlns='http:\/\/www.w3.org\/2000\/svg'%20viewBox='0%200%20451%20550'%3E%3C\/svg%3E\" class=\"zeen-lazy-load-base zeen-lazy-load wp-image-15973 \" data-lazy-src=\"http:\/\/www.prestigemag.co\/wp-content\/uploads\/2018\/10\/rescucito-1-1.jpg\" alt=\"\" width=\"451\" height=\"550\" data-lazy-srcset=\"https:\/\/www.prestigemag.co\/wp-content\/uploads\/2018\/10\/rescucito-1-1.jpg 551w, https:\/\/www.prestigemag.co\/wp-content\/uploads\/2018\/10\/rescucito-1-1-246x300.jpg 246w, https:\/\/www.prestigemag.co\/wp-content\/uploads\/2018\/10\/rescucito-1-1-123x150.jpg 123w, https:\/\/www.prestigemag.co\/wp-content\/uploads\/2018\/10\/rescucito-1-1-307x375.jpg 307w, https:\/\/www.prestigemag.co\/wp-content\/uploads\/2018\/10\/rescucito-1-1-102x125.jpg 102w, https:\/\/www.prestigemag.co\/wp-content\/uploads\/2018\/10\/rescucito-1-1-55x67.jpg 55w\" data-lazy-sizes=\"(max-width: 451px) 100vw, 451px\" \/><figcaption id=\"caption-attachment-15973\" class=\"wp-caption-text\"><noscript><img class=\"wp-image-15973 \" src=\"http:\/\/www.prestigemag.co\/wp-content\/uploads\/2018\/10\/rescucito-1-1.jpg\" alt=\"\" width=\"451\" height=\"550\" srcset=\"https:\/\/www.prestigemag.co\/wp-content\/uploads\/2018\/10\/rescucito-1-1.jpg 551w, https:\/\/www.prestigemag.co\/wp-content\/uploads\/2018\/10\/rescucito-1-1-246x300.jpg 246w, https:\/\/www.prestigemag.co\/wp-content\/uploads\/2018\/10\/rescucito-1-1-123x150.jpg 123w, https:\/\/www.prestigemag.co\/wp-content\/uploads\/2018\/10\/rescucito-1-1-307x375.jpg 307w, https:\/\/www.prestigemag.co\/wp-content\/uploads\/2018\/10\/rescucito-1-1-102x125.jpg 102w, https:\/\/www.prestigemag.co\/wp-content\/uploads\/2018\/10\/rescucito-1-1-55x67.jpg 55w\" sizes=\"(max-width: 451px) 100vw, 451px\" \/><\/noscript><\/a> Le monument du Resucito attire les p\u00e8lerins.<\/figcaption><\/figure>\n<p>&nbsp;<\/p>\n<p>&nbsp;<\/p>\n<h3>P\u00e8re Slavko Barbaric 1946-2000<\/h3>\n<p>A 200m du Resucito, la tombe du p\u00e8re Slavko Barbaric, religieux de l\u2019ordre des Franciscains n\u00e9 le 11 mars 1946 suscite notre curiosit\u00e9. P\u00e8re spirituel des p\u00e8lerins depuis 1982, il a fait de hautes \u00e9tudes en th\u00e9ologie, un doctorat en p\u00e9dagogie spirituelle et des sessions de r\u00e9adaptation psychologique. Il a \u00e9galement \u00e9crit de nombreux articles et livres sur la spiritualit\u00e9 de Medjugorje, traduits en plusieurs langues. En 1988, le Vatican l\u2019envoie v\u00e9rifier les apparitions \u00e0 Medjugorje. Il y a demeur\u00e9 jusqu\u2019\u00e0 son d\u00e9c\u00e8s, le vendredi 24 novembre 2000, \u00e0 3 heures et demie de l\u2019apr\u00e8s-midi, sur la croix de Krizevac, apr\u00e8s avoir termin\u00e9 le chemin de la Croix avec les p\u00e8lerins.<\/p>\n<p>&nbsp;<\/p>\n<figure id=\"attachment_15974\" aria-describedby=\"caption-attachment-15974\" style=\"width: 651px\" class=\"wp-caption aligncenter\"><a href=\"http:\/\/www.prestigemag.co\/wp-content\/uploads\/2018\/10\/pere-Slavko-2.jpg\"><img src=\"data:image\/svg+xml,%3Csvg%20xmlns='http:\/\/www.w3.org\/2000\/svg'%20viewBox='0%200%20651%20434'%3E%3C\/svg%3E\" class=\"zeen-lazy-load-base zeen-lazy-load wp-image-15974 \" data-lazy-src=\"http:\/\/www.prestigemag.co\/wp-content\/uploads\/2018\/10\/pere-Slavko-2.jpg\" alt=\"\" width=\"651\" height=\"434\" data-lazy-srcset=\"https:\/\/www.prestigemag.co\/wp-content\/uploads\/2018\/10\/pere-Slavko-2.jpg 787w, https:\/\/www.prestigemag.co\/wp-content\/uploads\/2018\/10\/pere-Slavko-2-300x200.jpg 300w, https:\/\/www.prestigemag.co\/wp-content\/uploads\/2018\/10\/pere-Slavko-2-768x512.jpg 768w, https:\/\/www.prestigemag.co\/wp-content\/uploads\/2018\/10\/pere-Slavko-2-150x100.jpg 150w, https:\/\/www.prestigemag.co\/wp-content\/uploads\/2018\/10\/pere-Slavko-2-562x375.jpg 562w, https:\/\/www.prestigemag.co\/wp-content\/uploads\/2018\/10\/pere-Slavko-2-187x125.jpg 187w, https:\/\/www.prestigemag.co\/wp-content\/uploads\/2018\/10\/pere-Slavko-2-100x67.jpg 100w\" data-lazy-sizes=\"(max-width: 651px) 100vw, 651px\" \/><figcaption id=\"caption-attachment-15974\" class=\"wp-caption-text\"><noscript><img class=\"wp-image-15974 \" src=\"http:\/\/www.prestigemag.co\/wp-content\/uploads\/2018\/10\/pere-Slavko-2.jpg\" alt=\"\" width=\"651\" height=\"434\" srcset=\"https:\/\/www.prestigemag.co\/wp-content\/uploads\/2018\/10\/pere-Slavko-2.jpg 787w, https:\/\/www.prestigemag.co\/wp-content\/uploads\/2018\/10\/pere-Slavko-2-300x200.jpg 300w, https:\/\/www.prestigemag.co\/wp-content\/uploads\/2018\/10\/pere-Slavko-2-768x512.jpg 768w, https:\/\/www.prestigemag.co\/wp-content\/uploads\/2018\/10\/pere-Slavko-2-150x100.jpg 150w, https:\/\/www.prestigemag.co\/wp-content\/uploads\/2018\/10\/pere-Slavko-2-562x375.jpg 562w, https:\/\/www.prestigemag.co\/wp-content\/uploads\/2018\/10\/pere-Slavko-2-187x125.jpg 187w, https:\/\/www.prestigemag.co\/wp-content\/uploads\/2018\/10\/pere-Slavko-2-100x67.jpg 100w\" sizes=\"(max-width: 651px) 100vw, 651px\" \/><\/noscript><\/a> A Medjugorje, p\u00e8re Slavko Barbaric a consacr\u00e9 sa vie, au travail, \u00e0 la pri\u00e8re et au je\u00fbne.<\/figcaption><\/figure>\n<p>&nbsp;<\/p>\n<h3>Colline de Podbrdo et la Croix Bleue<\/h3>\n<p>La colline des Apparitions est le premier lieu de visite de la Vierge \u00e0 Bijakovici, \u00e0 quelques m\u00e8tres de la r\u00e9gion. Le sentier est abrupt et rocailleux, trac\u00e9 par les pas des millions de p\u00e8lerins qui l\u2019escaladaient. Une croix en bois rappelle le lieu de l\u2019apparition de la Vierge. Estimant que les apparitions constituaient un danger pour la s\u00e9curit\u00e9 de l\u2019Etat, le r\u00e9gime communiste poursuivait les t\u00e9moins. Un jour, alors qu\u2019Elle leur appara\u00eet, les enfants se rassembl\u00e8rent autour d\u2019Elle pour se prot\u00e9ger. Une croix bleue a \u00e9t\u00e9 ajout\u00e9e \u00e0 cet endroit.<\/p>\n<p>&nbsp;<\/p>\n<figure id=\"attachment_15975\" aria-describedby=\"caption-attachment-15975\" style=\"width: 449px\" class=\"wp-caption aligncenter\"><a href=\"http:\/\/www.prestigemag.co\/wp-content\/uploads\/2018\/10\/croix-bleue-2.jpg\"><img src=\"data:image\/svg+xml,%3Csvg%20xmlns='http:\/\/www.w3.org\/2000\/svg'%20viewBox='0%200%20449%20675'%3E%3C\/svg%3E\" class=\"zeen-lazy-load-base zeen-lazy-load wp-image-15975\" data-lazy-src=\"http:\/\/www.prestigemag.co\/wp-content\/uploads\/2018\/10\/croix-bleue-2.jpg\" alt=\"\" width=\"449\" height=\"675\" data-lazy-srcset=\"https:\/\/www.prestigemag.co\/wp-content\/uploads\/2018\/10\/croix-bleue-2.jpg 630w, https:\/\/www.prestigemag.co\/wp-content\/uploads\/2018\/10\/croix-bleue-2-200x300.jpg 200w, https:\/\/www.prestigemag.co\/wp-content\/uploads\/2018\/10\/croix-bleue-2-100x150.jpg 100w, https:\/\/www.prestigemag.co\/wp-content\/uploads\/2018\/10\/croix-bleue-2-249x375.jpg 249w, https:\/\/www.prestigemag.co\/wp-content\/uploads\/2018\/10\/croix-bleue-2-83x125.jpg 83w, https:\/\/www.prestigemag.co\/wp-content\/uploads\/2018\/10\/croix-bleue-2-45x67.jpg 45w\" data-lazy-sizes=\"(max-width: 449px) 100vw, 449px\" \/><figcaption id=\"caption-attachment-15975\" class=\"wp-caption-text\"><noscript><img class=\"wp-image-15975\" src=\"http:\/\/www.prestigemag.co\/wp-content\/uploads\/2018\/10\/croix-bleue-2.jpg\" alt=\"\" width=\"449\" height=\"675\" srcset=\"https:\/\/www.prestigemag.co\/wp-content\/uploads\/2018\/10\/croix-bleue-2.jpg 630w, https:\/\/www.prestigemag.co\/wp-content\/uploads\/2018\/10\/croix-bleue-2-200x300.jpg 200w, https:\/\/www.prestigemag.co\/wp-content\/uploads\/2018\/10\/croix-bleue-2-100x150.jpg 100w, https:\/\/www.prestigemag.co\/wp-content\/uploads\/2018\/10\/croix-bleue-2-249x375.jpg 249w, https:\/\/www.prestigemag.co\/wp-content\/uploads\/2018\/10\/croix-bleue-2-83x125.jpg 83w, https:\/\/www.prestigemag.co\/wp-content\/uploads\/2018\/10\/croix-bleue-2-45x67.jpg 45w\" sizes=\"(max-width: 449px) 100vw, 449px\" \/><\/noscript><\/a> La Croix Bleue a \u00e9t\u00e9 ajout\u00e9e pour accueillir davantage de p\u00e8lerins.<\/figcaption><\/figure>\n<p>&nbsp;<\/p>\n<h3>Croix au sommet de la colline de Krizevac<\/h3>\n<p>A 520m d\u2019altitude, le mont de la Croix est \u00e0 1km de l\u2019\u00e9glise Saint-Jacques. Avec la colline des Apparitions, l\u2019ensemble forme un triangle. En 1933, pour comm\u00e9morer le 1900e anniversaire de la Crucifixion et de la R\u00e9surrection du Christ \u00e0 J\u00e9rusalem, le cur\u00e9 et les villageois \u00e9rig\u00e8rent au sommet de Krizevac, une croix en b\u00e9ton arm\u00e9 de 8,56m de hauteur, portant la mention 33-1933, au c\u0153ur de laquelle ils plac\u00e8rent des reliques b\u00e9nies de la Croix r\u00e9elle du Christ, ramen\u00e9es sp\u00e9cialement de Rome.<\/p>\n<p>&nbsp;<\/p>\n<figure id=\"attachment_15978\" aria-describedby=\"caption-attachment-15978\" style=\"width: 450px\" class=\"wp-caption aligncenter\"><a href=\"http:\/\/www.prestigemag.co\/wp-content\/uploads\/2018\/10\/krezevac-2-1.jpg\"><img src=\"data:image\/svg+xml,%3Csvg%20xmlns='http:\/\/www.w3.org\/2000\/svg'%20viewBox='0%200%20450%20679'%3E%3C\/svg%3E\" class=\"zeen-lazy-load-base zeen-lazy-load wp-image-15978\" data-lazy-src=\"http:\/\/www.prestigemag.co\/wp-content\/uploads\/2018\/10\/krezevac-2-1.jpg\" alt=\"\" width=\"450\" height=\"679\" data-lazy-srcset=\"https:\/\/www.prestigemag.co\/wp-content\/uploads\/2018\/10\/krezevac-2-1.jpg 551w, https:\/\/www.prestigemag.co\/wp-content\/uploads\/2018\/10\/krezevac-2-1-199x300.jpg 199w, https:\/\/www.prestigemag.co\/wp-content\/uploads\/2018\/10\/krezevac-2-1-99x150.jpg 99w, https:\/\/www.prestigemag.co\/wp-content\/uploads\/2018\/10\/krezevac-2-1-249x375.jpg 249w, https:\/\/www.prestigemag.co\/wp-content\/uploads\/2018\/10\/krezevac-2-1-83x125.jpg 83w, https:\/\/www.prestigemag.co\/wp-content\/uploads\/2018\/10\/krezevac-2-1-44x67.jpg 44w\" data-lazy-sizes=\"(max-width: 450px) 100vw, 450px\" \/><figcaption id=\"caption-attachment-15978\" class=\"wp-caption-text\"><noscript><img class=\"wp-image-15978\" src=\"http:\/\/www.prestigemag.co\/wp-content\/uploads\/2018\/10\/krezevac-2-1.jpg\" alt=\"\" width=\"450\" height=\"679\" srcset=\"https:\/\/www.prestigemag.co\/wp-content\/uploads\/2018\/10\/krezevac-2-1.jpg 551w, https:\/\/www.prestigemag.co\/wp-content\/uploads\/2018\/10\/krezevac-2-1-199x300.jpg 199w, https:\/\/www.prestigemag.co\/wp-content\/uploads\/2018\/10\/krezevac-2-1-99x150.jpg 99w, https:\/\/www.prestigemag.co\/wp-content\/uploads\/2018\/10\/krezevac-2-1-249x375.jpg 249w, https:\/\/www.prestigemag.co\/wp-content\/uploads\/2018\/10\/krezevac-2-1-83x125.jpg 83w, https:\/\/www.prestigemag.co\/wp-content\/uploads\/2018\/10\/krezevac-2-1-44x67.jpg 44w\" sizes=\"(max-width: 450px) 100vw, 450px\" \/><\/noscript><\/a> Plus difficile d\u2019acc\u00e8s, la croix de Krizevac.<\/figcaption><\/figure>\n<p>&nbsp;<\/p>\n<p>&nbsp;<\/p>\n<h3>Humac<\/h3>\n<p>Humac, \u00e0 40 km de Medjugorje, se distingue par l\u2019\u00e9glise de Saint- Antoine de Padoue, construite pierre par pierre par les habitants. Le dimanche, les personnes \u00e2g\u00e9es apportaient les grandes pierres et les enfants, les petites. Ceci a donn\u00e9 un aspect multiforme \u00e0 l\u2019\u00e9difice, rappelant \u00e0 chacun de nous qu\u2019il est une pierre constituante de l\u2019\u00e9glise. A 10km de Medjugorje, une halte de fra\u00eecheur a lieu \u00e0 Kravice, avec ses merveilleuses cascades, qui ont fait le bonheur de tous les p\u00e8lerins.<\/p>\n<p>&nbsp;<\/p>\n<figure id=\"attachment_15979\" aria-describedby=\"caption-attachment-15979\" style=\"width: 449px\" class=\"wp-caption aligncenter\"><a href=\"http:\/\/www.prestigemag.co\/wp-content\/uploads\/2018\/10\/Kravice-Waterfalls.jpg\"><img src=\"data:image\/svg+xml,%3Csvg%20xmlns='http:\/\/www.w3.org\/2000\/svg'%20viewBox='0%200%20449%20599'%3E%3C\/svg%3E\" class=\"zeen-lazy-load-base zeen-lazy-load wp-image-15979\" data-lazy-src=\"http:\/\/www.prestigemag.co\/wp-content\/uploads\/2018\/10\/Kravice-Waterfalls.jpg\" alt=\"\" width=\"449\" height=\"599\" data-lazy-srcset=\"https:\/\/www.prestigemag.co\/wp-content\/uploads\/2018\/10\/Kravice-Waterfalls.jpg 630w, https:\/\/www.prestigemag.co\/wp-content\/uploads\/2018\/10\/Kravice-Waterfalls-225x300.jpg 225w, https:\/\/www.prestigemag.co\/wp-content\/uploads\/2018\/10\/Kravice-Waterfalls-113x150.jpg 113w, https:\/\/www.prestigemag.co\/wp-content\/uploads\/2018\/10\/Kravice-Waterfalls-281x375.jpg 281w, https:\/\/www.prestigemag.co\/wp-content\/uploads\/2018\/10\/Kravice-Waterfalls-94x125.jpg 94w, https:\/\/www.prestigemag.co\/wp-content\/uploads\/2018\/10\/Kravice-Waterfalls-50x67.jpg 50w\" data-lazy-sizes=\"(max-width: 449px) 100vw, 449px\" \/><figcaption id=\"caption-attachment-15979\" class=\"wp-caption-text\"><noscript><img class=\"wp-image-15979\" src=\"http:\/\/www.prestigemag.co\/wp-content\/uploads\/2018\/10\/Kravice-Waterfalls.jpg\" alt=\"\" width=\"449\" height=\"599\" srcset=\"https:\/\/www.prestigemag.co\/wp-content\/uploads\/2018\/10\/Kravice-Waterfalls.jpg 630w, https:\/\/www.prestigemag.co\/wp-content\/uploads\/2018\/10\/Kravice-Waterfalls-225x300.jpg 225w, https:\/\/www.prestigemag.co\/wp-content\/uploads\/2018\/10\/Kravice-Waterfalls-113x150.jpg 113w, https:\/\/www.prestigemag.co\/wp-content\/uploads\/2018\/10\/Kravice-Waterfalls-281x375.jpg 281w, https:\/\/www.prestigemag.co\/wp-content\/uploads\/2018\/10\/Kravice-Waterfalls-94x125.jpg 94w, https:\/\/www.prestigemag.co\/wp-content\/uploads\/2018\/10\/Kravice-Waterfalls-50x67.jpg 50w\" sizes=\"(max-width: 449px) 100vw, 449px\" \/><\/noscript><\/a> Les chutes d\u2019eau de Kravice.<\/figcaption><\/figure>\n<p>&nbsp;<\/p>\n<h3>Tihaljina<\/h3>\n<p>L\u2019histoire de Tihaljina est \u00e9galement li\u00e9e \u00e0 celle de son \u00e9glise, Saint-Elie. Sur la grande place une statue de la Vierge en marbre carrare vous accueille, alors qu\u2019\u00e0 l\u2019int\u00e9rieur, la statue de la Vierge de Tihaljina est le premier symbole des apparitions de Medjugorje, \u00e0 cause de la r\u00e9ponse des six voyants \u00e0 la question: \u00abA qui ressemble la Sainte Vierge?\u00bb, lorsqu\u2019ils se sont exclam\u00e9s unanimement \u00e0 leur cur\u00e9, p\u00e8re Jozo Zovko: \u00abElle ressemble \u00e0 la Vierge de Tihaljina!\u00bb.<\/p>\n<p>&nbsp;<\/p>\n<figure id=\"attachment_15980\" aria-describedby=\"caption-attachment-15980\" style=\"width: 448px\" class=\"wp-caption aligncenter\"><a href=\"http:\/\/www.prestigemag.co\/wp-content\/uploads\/2018\/10\/Tihaljina-Virgin.jpg\"><img src=\"data:image\/svg+xml,%3Csvg%20xmlns='http:\/\/www.w3.org\/2000\/svg'%20viewBox='0%200%20448%20598'%3E%3C\/svg%3E\" class=\"zeen-lazy-load-base zeen-lazy-load wp-image-15980\" data-lazy-src=\"http:\/\/www.prestigemag.co\/wp-content\/uploads\/2018\/10\/Tihaljina-Virgin.jpg\" alt=\"\" width=\"448\" height=\"598\" data-lazy-srcset=\"https:\/\/www.prestigemag.co\/wp-content\/uploads\/2018\/10\/Tihaljina-Virgin.jpg 551w, https:\/\/www.prestigemag.co\/wp-content\/uploads\/2018\/10\/Tihaljina-Virgin-225x300.jpg 225w, https:\/\/www.prestigemag.co\/wp-content\/uploads\/2018\/10\/Tihaljina-Virgin-112x150.jpg 112w, https:\/\/www.prestigemag.co\/wp-content\/uploads\/2018\/10\/Tihaljina-Virgin-281x375.jpg 281w, https:\/\/www.prestigemag.co\/wp-content\/uploads\/2018\/10\/Tihaljina-Virgin-94x125.jpg 94w, https:\/\/www.prestigemag.co\/wp-content\/uploads\/2018\/10\/Tihaljina-Virgin-50x67.jpg 50w\" data-lazy-sizes=\"(max-width: 448px) 100vw, 448px\" \/><figcaption id=\"caption-attachment-15980\" class=\"wp-caption-text\"><noscript><img class=\"wp-image-15980\" src=\"http:\/\/www.prestigemag.co\/wp-content\/uploads\/2018\/10\/Tihaljina-Virgin.jpg\" alt=\"\" width=\"448\" height=\"598\" srcset=\"https:\/\/www.prestigemag.co\/wp-content\/uploads\/2018\/10\/Tihaljina-Virgin.jpg 551w, https:\/\/www.prestigemag.co\/wp-content\/uploads\/2018\/10\/Tihaljina-Virgin-225x300.jpg 225w, https:\/\/www.prestigemag.co\/wp-content\/uploads\/2018\/10\/Tihaljina-Virgin-112x150.jpg 112w, https:\/\/www.prestigemag.co\/wp-content\/uploads\/2018\/10\/Tihaljina-Virgin-281x375.jpg 281w, https:\/\/www.prestigemag.co\/wp-content\/uploads\/2018\/10\/Tihaljina-Virgin-94x125.jpg 94w, https:\/\/www.prestigemag.co\/wp-content\/uploads\/2018\/10\/Tihaljina-Virgin-50x67.jpg 50w\" sizes=\"(max-width: 448px) 100vw, 448px\" \/><\/noscript><\/a> La statue de la Vierge de Tihaljina en marbre carrare.<\/figcaption><\/figure>\n<p>&nbsp;<\/p>\n<h3>Couvent des Franciscains \u00e0 Siroki Brieg<\/h3>\n<p>A 25km de Mostar, la capitale \u00e9conomique et culturelle sur la Neretva, se trouve le plus ancien couvent des Franciscains en Bosnie-Herz\u00e9govine, b\u00e2ti en 1846. L\u2019\u00e9glise fut d\u00e9truite et la premi\u00e8re \u00e0 \u00eatre reb\u00e2tie. En 1905, les moines construisirent une \u00e9glise d\u00e9di\u00e9e \u00e0 la Vierge, et fond\u00e8rent une \u00e9cole publique et un mus\u00e9e qui furent incendi\u00e9s en 1945. Le 8 f\u00e9vrier 1945, 31 moines franciscains et professeurs furent \u00e9galement tu\u00e9s et br\u00fbl\u00e9s. Mostar fut br\u00fbl\u00e9e en 1992. Le vieux pont de Mostar\u00a0 est l\u2019embl\u00e8me de la ville. Construit par les Ottomans au XVI<sup>e<\/sup> si\u00e8cle, il se distingue par son architecture islamique.<\/p>\n<p>&nbsp;<\/p>\n<figure id=\"attachment_15981\" aria-describedby=\"caption-attachment-15981\" style=\"width: 649px\" class=\"wp-caption aligncenter\"><a href=\"http:\/\/www.prestigemag.co\/wp-content\/uploads\/2018\/10\/Mostar-Bridge.jpg\"><img src=\"data:image\/svg+xml,%3Csvg%20xmlns='http:\/\/www.w3.org\/2000\/svg'%20viewBox='0%200%20649%20487'%3E%3C\/svg%3E\" class=\"zeen-lazy-load-base zeen-lazy-load wp-image-15981\" data-lazy-src=\"http:\/\/www.prestigemag.co\/wp-content\/uploads\/2018\/10\/Mostar-Bridge.jpg\" alt=\"\" width=\"649\" height=\"487\" data-lazy-srcset=\"https:\/\/www.prestigemag.co\/wp-content\/uploads\/2018\/10\/Mostar-Bridge.jpg 853w, https:\/\/www.prestigemag.co\/wp-content\/uploads\/2018\/10\/Mostar-Bridge-300x225.jpg 300w, https:\/\/www.prestigemag.co\/wp-content\/uploads\/2018\/10\/Mostar-Bridge-768x576.jpg 768w, https:\/\/www.prestigemag.co\/wp-content\/uploads\/2018\/10\/Mostar-Bridge-640x480.jpg 640w, https:\/\/www.prestigemag.co\/wp-content\/uploads\/2018\/10\/Mostar-Bridge-150x113.jpg 150w, https:\/\/www.prestigemag.co\/wp-content\/uploads\/2018\/10\/Mostar-Bridge-500x375.jpg 500w, https:\/\/www.prestigemag.co\/wp-content\/uploads\/2018\/10\/Mostar-Bridge-167x125.jpg 167w, https:\/\/www.prestigemag.co\/wp-content\/uploads\/2018\/10\/Mostar-Bridge-89x67.jpg 89w\" data-lazy-sizes=\"(max-width: 649px) 100vw, 649px\" \/><figcaption id=\"caption-attachment-15981\" class=\"wp-caption-text\"><noscript><img class=\"wp-image-15981\" src=\"http:\/\/www.prestigemag.co\/wp-content\/uploads\/2018\/10\/Mostar-Bridge.jpg\" alt=\"\" width=\"649\" height=\"487\" srcset=\"https:\/\/www.prestigemag.co\/wp-content\/uploads\/2018\/10\/Mostar-Bridge.jpg 853w, https:\/\/www.prestigemag.co\/wp-content\/uploads\/2018\/10\/Mostar-Bridge-300x225.jpg 300w, https:\/\/www.prestigemag.co\/wp-content\/uploads\/2018\/10\/Mostar-Bridge-768x576.jpg 768w, https:\/\/www.prestigemag.co\/wp-content\/uploads\/2018\/10\/Mostar-Bridge-640x480.jpg 640w, https:\/\/www.prestigemag.co\/wp-content\/uploads\/2018\/10\/Mostar-Bridge-150x113.jpg 150w, https:\/\/www.prestigemag.co\/wp-content\/uploads\/2018\/10\/Mostar-Bridge-500x375.jpg 500w, https:\/\/www.prestigemag.co\/wp-content\/uploads\/2018\/10\/Mostar-Bridge-167x125.jpg 167w, https:\/\/www.prestigemag.co\/wp-content\/uploads\/2018\/10\/Mostar-Bridge-89x67.jpg 89w\" sizes=\"(max-width: 649px) 100vw, 649px\" \/><\/noscript><\/a> Le vieux pont de Mostar fut restaur\u00e9 en 2004.<\/figcaption><\/figure>\n<p>&nbsp;<\/p>\n<h3>Le C\u00e9nacle, Cenacolo<\/h3>\n<p>Ce sont des maisons fond\u00e9es en Italie par Rita, n\u00e9e dans une famille pauvre de 10 enfants. A 19 ans, elle entre au couvent pour sauver les jeunes ivrognes et drogues. Venue \u00e0 Medjugorje en 1985, Rita, devenue s\u0153ur Elvira, fonde le C\u00e9nacle pour accueillir et r\u00e9habiliter les toxicomanes et les personnes en d\u00e9tresse de tous les pays, \u00e0 travers la pri\u00e8re et le travail.<\/p>\n","protected":false},"excerpt":{"rendered":"<p><em>A la fronti\u00e8re croate, au sud de la Bosnie-Herz\u00e9govine, un petit village nomm\u00e9 Medjugorje est devenu un centre de tourisme et de p\u00e8lerinage international. Depuis le 24 juin 1981, date de l\u2019apparition de la Vierge Marie \u00e0 six enfants de la paroisse<\/em><\/p>\n","protected":false},"author":3,"featured_media":22555,"comment_status":"closed","ping_status":"closed","sticky":false,"template":"","format":"standard","meta":[],"categories":[13348,13350],"tags":[],"yoast_head":"<!-- This site is optimized with the Yoast SEO plugin v19.4 - https:\/\/yoast.com\/wordpress\/plugins\/seo\/ -->\n<title>La Beaut\u00e9 et la Spiritualit\u00e9 de Medjugorje - Prestige Magazine<\/title>\n<meta name=\"description\" content=\"A la fronti\u00e8re croate, au sud de la Bosnie-Herz\u00e9govine, un petit village nomm\u00e9 Medjugorje est devenu un centre de tourisme et de p\u00e8lerinage international. Depuis le 24 juin 1981, date de l\u2019apparition de la Vierge Marie \u00e0 six enfants de la paroisse\" \/>\n<meta name=\"robots\" content=\"index, follow, max-snippet:-1, max-image-preview:large, max-video-preview:-1\" \/>\n<link rel=\"canonical\" href=\"https:\/\/www.prestigemag.co\/fr\/2018\/10\/la-beaute-et-la-spiritualite-de-medjugorje\/\" \/>\n<meta property=\"og:locale\" content=\"fr_FR\" \/>\n<meta property=\"og:type\" content=\"article\" \/>\n<meta property=\"og:title\" content=\"La Beaut\u00e9 et la Spiritualit\u00e9 de Medjugorje - Prestige Magazine\" \/>\n<meta property=\"og:description\" content=\"A la fronti\u00e8re croate, au sud de la Bosnie-Herz\u00e9govine, un petit village nomm\u00e9 Medjugorje est devenu un centre de tourisme et de p\u00e8lerinage international. Depuis le 24 juin 1981, date de l\u2019apparition de la Vierge Marie \u00e0 six enfants de la paroisse\" \/>\n<meta property=\"og:url\" content=\"https:\/\/www.prestigemag.co\/fr\/2018\/10\/la-beaute-et-la-spiritualite-de-medjugorje\/\" \/>\n<meta property=\"og:site_name\" content=\"Prestige Magazine\" \/>\n<meta property=\"article:publisher\" content=\"https:\/\/www.facebook.com\/prestigemag.co\/\" \/>\n<meta property=\"article:published_time\" content=\"2018-10-23T12:00:52+00:00\" \/>\n<meta property=\"og:image\" content=\"https:\/\/www.prestigemag.co\/wp-content\/uploads\/2018\/10\/Medjugorje-Panorama.jpg\" \/>\n\t<meta property=\"og:image:width\" content=\"1000\" \/>\n\t<meta property=\"og:image:height\" content=\"409\" \/>\n\t<meta property=\"og:image:type\" content=\"image\/jpeg\" \/>\n<meta name=\"author\" content=\"prestige\" \/>\n<meta name=\"twitter:card\" content=\"summary\" \/>\n<meta name=\"twitter:label1\" content=\"\u00c9crit par\" \/>\n\t<meta name=\"twitter:data1\" content=\"prestige\" \/>\n\t<meta name=\"twitter:label2\" content=\"Dur\u00e9e de lecture estim\u00e9e\" \/>\n\t<meta name=\"twitter:data2\" content=\"9 minutes\" \/>\n<script type=\"application\/ld+json\" class=\"yoast-schema-graph\">{\"@context\":\"https:\/\/schema.org\",\"@graph\":[{\"@type\":\"Organization\",\"@id\":\"https:\/\/www.prestigemag.co\/#organization\",\"name\":\"Prestige\",\"url\":\"https:\/\/www.prestigemag.co\/\",\"sameAs\":[\"https:\/\/www.instagram.com\/prestige.mag\/\",\"https:\/\/www.facebook.com\/prestigemag.co\/\"],\"logo\":{\"@type\":\"ImageObject\",\"inLanguage\":\"fr-FR\",\"@id\":\"https:\/\/www.prestigemag.co\/#\/schema\/logo\/image\/\",\"url\":\"https:\/\/www.prestigemag.co\/wp-content\/uploads\/2021\/11\/logo-Prestige-800x200-1.png\",\"contentUrl\":\"https:\/\/www.prestigemag.co\/wp-content\/uploads\/2021\/11\/logo-Prestige-800x200-1.png\",\"width\":800,\"height\":200,\"caption\":\"Prestige\"},\"image\":{\"@id\":\"https:\/\/www.prestigemag.co\/#\/schema\/logo\/image\/\"}},{\"@type\":\"WebSite\",\"@id\":\"https:\/\/www.prestigemag.co\/#website\",\"url\":\"https:\/\/www.prestigemag.co\/\",\"name\":\"Prestige Magazine\",\"description\":\"Le Monde Des C\u00e9l\u00e9brit\u00e9s\",\"publisher\":{\"@id\":\"https:\/\/www.prestigemag.co\/#organization\"},\"potentialAction\":[{\"@type\":\"SearchAction\",\"target\":{\"@type\":\"EntryPoint\",\"urlTemplate\":\"https:\/\/www.prestigemag.co\/?s={search_term_string}\"},\"query-input\":\"required name=search_term_string\"}],\"inLanguage\":\"fr-FR\"},{\"@type\":\"WebPage\",\"@id\":\"https:\/\/www.prestigemag.co\/fr\/2018\/10\/la-beaute-et-la-spiritualite-de-medjugorje\/\",\"url\":\"https:\/\/www.prestigemag.co\/fr\/2018\/10\/la-beaute-et-la-spiritualite-de-medjugorje\/\",\"name\":\"La Beaut\u00e9 et la Spiritualit\u00e9 de Medjugorje - Prestige Magazine\",\"isPartOf\":{\"@id\":\"https:\/\/www.prestigemag.co\/#website\"},\"datePublished\":\"2018-10-23T12:00:52+00:00\",\"dateModified\":\"2018-10-23T12:00:52+00:00\",\"description\":\"A la fronti\u00e8re croate, au sud de la Bosnie-Herz\u00e9govine, un petit village nomm\u00e9 Medjugorje est devenu un centre de tourisme et de p\u00e8lerinage international. Depuis le 24 juin 1981, date de l\u2019apparition de la Vierge Marie \u00e0 six enfants de la paroisse\",\"breadcrumb\":{\"@id\":\"https:\/\/www.prestigemag.co\/fr\/2018\/10\/la-beaute-et-la-spiritualite-de-medjugorje\/#breadcrumb\"},\"inLanguage\":\"fr-FR\",\"potentialAction\":[{\"@type\":\"ReadAction\",\"target\":[\"https:\/\/www.prestigemag.co\/fr\/2018\/10\/la-beaute-et-la-spiritualite-de-medjugorje\/\"]}]},{\"@type\":\"BreadcrumbList\",\"@id\":\"https:\/\/www.prestigemag.co\/fr\/2018\/10\/la-beaute-et-la-spiritualite-de-medjugorje\/#breadcrumb\",\"itemListElement\":[{\"@type\":\"ListItem\",\"position\":1,\"name\":\"Home\",\"item\":\"https:\/\/www.prestigemag.co\/fr\/\"},{\"@type\":\"ListItem\",\"position\":2,\"name\":\"La Beaut\u00e9 et la Spiritualit\u00e9 de Medjugorje\"}]},{\"@type\":\"Article\",\"@id\":\"https:\/\/www.prestigemag.co\/fr\/2018\/10\/la-beaute-et-la-spiritualite-de-medjugorje\/#article\",\"isPartOf\":{\"@id\":\"https:\/\/www.prestigemag.co\/fr\/2018\/10\/la-beaute-et-la-spiritualite-de-medjugorje\/\"},\"author\":{\"name\":\"prestige\",\"@id\":\"https:\/\/www.prestigemag.co\/#\/schema\/person\/e3f149368970128d68bb2d797bf30fbc\"},\"headline\":\"La Beaut\u00e9 et la Spiritualit\u00e9 de Medjugorje\",\"datePublished\":\"2018-10-23T12:00:52+00:00\",\"dateModified\":\"2018-10-23T12:00:52+00:00\",\"mainEntityOfPage\":{\"@id\":\"https:\/\/www.prestigemag.co\/fr\/2018\/10\/la-beaute-et-la-spiritualite-de-medjugorje\/\"},\"wordCount\":1724,\"publisher\":{\"@id\":\"https:\/\/www.prestigemag.co\/#organization\"},\"articleSection\":[\"Lifestyle\",\"Voyage\"],\"inLanguage\":\"fr-FR\"},{\"@type\":\"Person\",\"@id\":\"https:\/\/www.prestigemag.co\/#\/schema\/person\/e3f149368970128d68bb2d797bf30fbc\",\"name\":\"prestige\",\"image\":{\"@type\":\"ImageObject\",\"inLanguage\":\"fr-FR\",\"@id\":\"https:\/\/www.prestigemag.co\/#\/schema\/person\/image\/\",\"url\":\"https:\/\/secure.gravatar.com\/avatar\/0aa2dff5484d35e50578639a2c3ccef9?s=96&d=mm&r=g\",\"contentUrl\":\"https:\/\/secure.gravatar.com\/avatar\/0aa2dff5484d35e50578639a2c3ccef9?s=96&d=mm&r=g\",\"caption\":\"prestige\"},\"url\":\"https:\/\/www.prestigemag.co\/fr\/author\/prestige\/\"}]}<\/script>\n<!-- \/ Yoast SEO plugin. -->","yoast_head_json":{"title":"La Beaut\u00e9 et la Spiritualit\u00e9 de Medjugorje - Prestige Magazine","description":"A la fronti\u00e8re croate, au sud de la Bosnie-Herz\u00e9govine, un petit village nomm\u00e9 Medjugorje est devenu un centre de tourisme et de p\u00e8lerinage international. Depuis le 24 juin 1981, date de l\u2019apparition de la Vierge Marie \u00e0 six enfants de la paroisse","robots":{"index":"index","follow":"follow","max-snippet":"max-snippet:-1","max-image-preview":"max-image-preview:large","max-video-preview":"max-video-preview:-1"},"canonical":"https:\/\/www.prestigemag.co\/fr\/2018\/10\/la-beaute-et-la-spiritualite-de-medjugorje\/","og_locale":"fr_FR","og_type":"article","og_title":"La Beaut\u00e9 et la Spiritualit\u00e9 de Medjugorje - Prestige Magazine","og_description":"A la fronti\u00e8re croate, au sud de la Bosnie-Herz\u00e9govine, un petit village nomm\u00e9 Medjugorje est devenu un centre de tourisme et de p\u00e8lerinage international. Depuis le 24 juin 1981, date de l\u2019apparition de la Vierge Marie \u00e0 six enfants de la paroisse","og_url":"https:\/\/www.prestigemag.co\/fr\/2018\/10\/la-beaute-et-la-spiritualite-de-medjugorje\/","og_site_name":"Prestige Magazine","article_publisher":"https:\/\/www.facebook.com\/prestigemag.co\/","article_published_time":"2018-10-23T12:00:52+00:00","og_image":[{"width":1000,"height":409,"url":"https:\/\/www.prestigemag.co\/wp-content\/uploads\/2018\/10\/Medjugorje-Panorama.jpg","type":"image\/jpeg"}],"author":"prestige","twitter_card":"summary","twitter_misc":{"\u00c9crit par":"prestige","Dur\u00e9e de lecture estim\u00e9e":"9 minutes"},"schema":{"@context":"https:\/\/schema.org","@graph":[{"@type":"Organization","@id":"https:\/\/www.prestigemag.co\/#organization","name":"Prestige","url":"https:\/\/www.prestigemag.co\/","sameAs":["https:\/\/www.instagram.com\/prestige.mag\/","https:\/\/www.facebook.com\/prestigemag.co\/"],"logo":{"@type":"ImageObject","inLanguage":"fr-FR","@id":"https:\/\/www.prestigemag.co\/#\/schema\/logo\/image\/","url":"https:\/\/www.prestigemag.co\/wp-content\/uploads\/2021\/11\/logo-Prestige-800x200-1.png","contentUrl":"https:\/\/www.prestigemag.co\/wp-content\/uploads\/2021\/11\/logo-Prestige-800x200-1.png","width":800,"height":200,"caption":"Prestige"},"image":{"@id":"https:\/\/www.prestigemag.co\/#\/schema\/logo\/image\/"}},{"@type":"WebSite","@id":"https:\/\/www.prestigemag.co\/#website","url":"https:\/\/www.prestigemag.co\/","name":"Prestige Magazine","description":"Le Monde Des C\u00e9l\u00e9brit\u00e9s","publisher":{"@id":"https:\/\/www.prestigemag.co\/#organization"},"potentialAction":[{"@type":"SearchAction","target":{"@type":"EntryPoint","urlTemplate":"https:\/\/www.prestigemag.co\/?s={search_term_string}"},"query-input":"required name=search_term_string"}],"inLanguage":"fr-FR"},{"@type":"WebPage","@id":"https:\/\/www.prestigemag.co\/fr\/2018\/10\/la-beaute-et-la-spiritualite-de-medjugorje\/","url":"https:\/\/www.prestigemag.co\/fr\/2018\/10\/la-beaute-et-la-spiritualite-de-medjugorje\/","name":"La Beaut\u00e9 et la Spiritualit\u00e9 de Medjugorje - Prestige Magazine","isPartOf":{"@id":"https:\/\/www.prestigemag.co\/#website"},"datePublished":"2018-10-23T12:00:52+00:00","dateModified":"2018-10-23T12:00:52+00:00","description":"A la fronti\u00e8re croate, au sud de la Bosnie-Herz\u00e9govine, un petit village nomm\u00e9 Medjugorje est devenu un centre de tourisme et de p\u00e8lerinage international. Depuis le 24 juin 1981, date de l\u2019apparition de la Vierge Marie \u00e0 six enfants de la paroisse","breadcrumb":{"@id":"https:\/\/www.prestigemag.co\/fr\/2018\/10\/la-beaute-et-la-spiritualite-de-medjugorje\/#breadcrumb"},"inLanguage":"fr-FR","potentialAction":[{"@type":"ReadAction","target":["https:\/\/www.prestigemag.co\/fr\/2018\/10\/la-beaute-et-la-spiritualite-de-medjugorje\/"]}]},{"@type":"BreadcrumbList","@id":"https:\/\/www.prestigemag.co\/fr\/2018\/10\/la-beaute-et-la-spiritualite-de-medjugorje\/#breadcrumb","itemListElement":[{"@type":"ListItem","position":1,"name":"Home","item":"https:\/\/www.prestigemag.co\/fr\/"},{"@type":"ListItem","position":2,"name":"La Beaut\u00e9 et la Spiritualit\u00e9 de Medjugorje"}]},{"@type":"Article","@id":"https:\/\/www.prestigemag.co\/fr\/2018\/10\/la-beaute-et-la-spiritualite-de-medjugorje\/#article","isPartOf":{"@id":"https:\/\/www.prestigemag.co\/fr\/2018\/10\/la-beaute-et-la-spiritualite-de-medjugorje\/"},"author":{"name":"prestige","@id":"https:\/\/www.prestigemag.co\/#\/schema\/person\/e3f149368970128d68bb2d797bf30fbc"},"headline":"La Beaut\u00e9 et la Spiritualit\u00e9 de Medjugorje","datePublished":"2018-10-23T12:00:52+00:00","dateModified":"2018-10-23T12:00:52+00:00","mainEntityOfPage":{"@id":"https:\/\/www.prestigemag.co\/fr\/2018\/10\/la-beaute-et-la-spiritualite-de-medjugorje\/"},"wordCount":1724,"publisher":{"@id":"https:\/\/www.prestigemag.co\/#organization"},"articleSection":["Lifestyle","Voyage"],"inLanguage":"fr-FR"},{"@type":"Person","@id":"https:\/\/www.prestigemag.co\/#\/schema\/person\/e3f149368970128d68bb2d797bf30fbc","name":"prestige","image":{"@type":"ImageObject","inLanguage":"fr-FR","@id":"https:\/\/www.prestigemag.co\/#\/schema\/person\/image\/","url":"https:\/\/secure.gravatar.com\/avatar\/0aa2dff5484d35e50578639a2c3ccef9?s=96&d=mm&r=g","contentUrl":"https:\/\/secure.gravatar.com\/avatar\/0aa2dff5484d35e50578639a2c3ccef9?s=96&d=mm&r=g","caption":"prestige"},"url":"https:\/\/www.prestigemag.co\/fr\/author\/prestige\/"}]}},"_links":{"self":[{"href":"https:\/\/www.prestigemag.co\/fr\/wp-json\/wp\/v2\/posts\/22554"}],"collection":[{"href":"https:\/\/www.prestigemag.co\/fr\/wp-json\/wp\/v2\/posts"}],"about":[{"href":"https:\/\/www.prestigemag.co\/fr\/wp-json\/wp\/v2\/types\/post"}],"author":[{"embeddable":true,"href":"https:\/\/www.prestigemag.co\/fr\/wp-json\/wp\/v2\/users\/3"}],"replies":[{"embeddable":true,"href":"https:\/\/www.prestigemag.co\/fr\/wp-json\/wp\/v2\/comments?post=22554"}],"version-history":[{"count":0,"href":"https:\/\/www.prestigemag.co\/fr\/wp-json\/wp\/v2\/posts\/22554\/revisions"}],"wp:featuredmedia":[{"embeddable":true,"href":"https:\/\/www.prestigemag.co\/fr\/wp-json\/wp\/v2\/media\/22555"}],"wp:attachment":[{"href":"https:\/\/www.prestigemag.co\/fr\/wp-json\/wp\/v2\/media?parent=22554"}],"wp:term":[{"taxonomy":"category","embeddable":true,"href":"https:\/\/www.prestigemag.co\/fr\/wp-json\/wp\/v2\/categories?post=22554"},{"taxonomy":"post_tag","embeddable":true,"href":"https:\/\/www.prestigemag.co\/fr\/wp-json\/wp\/v2\/tags?post=22554"}],"curies":[{"name":"wp","href":"https:\/\/api.w.org\/{rel}","templated":true}]}}