{"id":22721,"date":"2019-02-12T09:06:52","date_gmt":"2019-02-12T09:06:52","guid":{"rendered":"http:\/\/www.prestigemag.co\/2019\/02\/le-sommet-des-gouvernements-du-monde-a-dubai-trace-la-voie-pour-une-nouvelle-ere\/"},"modified":"2019-02-12T09:06:52","modified_gmt":"2019-02-12T09:06:52","slug":"le-sommet-des-gouvernements-du-monde-a-dubai-trace-la-voie-pour-une-nouvelle-ere","status":"publish","type":"post","link":"https:\/\/www.prestigemag.co\/fr\/2019\/02\/le-sommet-des-gouvernements-du-monde-a-dubai-trace-la-voie-pour-une-nouvelle-ere\/","title":{"rendered":"Le Sommet des gouvernements du monde \u00e0 Duba\u00ef trace la voie pour une nouvelle \u00e8re"},"content":{"rendered":"<p>Le Sommet des gouvernements du monde 2019 qui s&rsquo;\u00e9talant sur une dur\u00e9e de trois jours, se d\u00e9roulera jusqu&rsquo;au 12 f\u00e9vrier \u00e0 Madinat Jumeirah, \u00e0 Duba\u00ef. Cet \u00e9v\u00e9nement historique a r\u00e9uni plus de 4000 participants de 140 pays, dont des chefs d&rsquo;\u00c9tat et de gouvernement, ainsi que des repr\u00e9sentants de haut niveau de 30 organisations internationales.<\/p>\n<p>&nbsp;<\/p>\n<p>&nbsp;<\/p>\n<p><a href=\"http:\/\/www.prestigemag.co\/wp-content\/uploads\/2019\/02\/Sommet-des-gouvernements-2019.jpg\"><img src=\"data:image\/svg+xml,%3Csvg%20xmlns='http:\/\/www.w3.org\/2000\/svg'%20viewBox='0%200%201000%20409'%3E%3C\/svg%3E\" width=\"1000\" height=\"409\" class=\"zeen-lazy-load-base zeen-lazy-load aligncenter size-full wp-image-16467\" data-lazy-src=\"http:\/\/www.prestigemag.co\/wp-content\/uploads\/2019\/02\/Sommet-des-gouvernements-2019.jpg\" alt=\"\" data-lazy-srcset=\"https:\/\/www.prestigemag.co\/wp-content\/uploads\/2019\/02\/Sommet-des-gouvernements-2019.jpg 1000w, https:\/\/www.prestigemag.co\/wp-content\/uploads\/2019\/02\/Sommet-des-gouvernements-2019-300x123.jpg 300w, https:\/\/www.prestigemag.co\/wp-content\/uploads\/2019\/02\/Sommet-des-gouvernements-2019-770x315.jpg 770w, https:\/\/www.prestigemag.co\/wp-content\/uploads\/2019\/02\/Sommet-des-gouvernements-2019-293x120.jpg 293w, https:\/\/www.prestigemag.co\/wp-content\/uploads\/2019\/02\/Sommet-des-gouvernements-2019-390x160.jpg 390w, https:\/\/www.prestigemag.co\/wp-content\/uploads\/2019\/02\/Sommet-des-gouvernements-2019-768x314.jpg 768w, https:\/\/www.prestigemag.co\/wp-content\/uploads\/2019\/02\/Sommet-des-gouvernements-2019-150x61.jpg 150w, https:\/\/www.prestigemag.co\/wp-content\/uploads\/2019\/02\/Sommet-des-gouvernements-2019-600x245.jpg 600w, https:\/\/www.prestigemag.co\/wp-content\/uploads\/2019\/02\/Sommet-des-gouvernements-2019-291x119.jpg 291w, https:\/\/www.prestigemag.co\/wp-content\/uploads\/2019\/02\/Sommet-des-gouvernements-2019-164x67.jpg 164w\" data-lazy-sizes=\"(max-width: 1000px) 100vw, 1000px\" \/><noscript><img width=\"1000\" height=\"409\" class=\"aligncenter size-full wp-image-16467\" src=\"http:\/\/www.prestigemag.co\/wp-content\/uploads\/2019\/02\/Sommet-des-gouvernements-2019.jpg\" alt=\"\" srcset=\"https:\/\/www.prestigemag.co\/wp-content\/uploads\/2019\/02\/Sommet-des-gouvernements-2019.jpg 1000w, https:\/\/www.prestigemag.co\/wp-content\/uploads\/2019\/02\/Sommet-des-gouvernements-2019-300x123.jpg 300w, https:\/\/www.prestigemag.co\/wp-content\/uploads\/2019\/02\/Sommet-des-gouvernements-2019-770x315.jpg 770w, https:\/\/www.prestigemag.co\/wp-content\/uploads\/2019\/02\/Sommet-des-gouvernements-2019-293x120.jpg 293w, https:\/\/www.prestigemag.co\/wp-content\/uploads\/2019\/02\/Sommet-des-gouvernements-2019-390x160.jpg 390w, https:\/\/www.prestigemag.co\/wp-content\/uploads\/2019\/02\/Sommet-des-gouvernements-2019-768x314.jpg 768w, https:\/\/www.prestigemag.co\/wp-content\/uploads\/2019\/02\/Sommet-des-gouvernements-2019-150x61.jpg 150w, https:\/\/www.prestigemag.co\/wp-content\/uploads\/2019\/02\/Sommet-des-gouvernements-2019-600x245.jpg 600w, https:\/\/www.prestigemag.co\/wp-content\/uploads\/2019\/02\/Sommet-des-gouvernements-2019-291x119.jpg 291w, https:\/\/www.prestigemag.co\/wp-content\/uploads\/2019\/02\/Sommet-des-gouvernements-2019-164x67.jpg 164w\" sizes=\"(max-width: 1000px) 100vw, 1000px\" \/><\/noscript><\/a><\/p>\n<p>&nbsp;<\/p>\n<p>&nbsp;<\/p>\n<p>&nbsp;<\/p>\n<p><strong>Duba\u00ef, \u00c9mirats Arabes Unis, 11 f\u00e9vrier 2019, (<\/strong><a href=\"http:\/\/aetoswire.com\"><strong>AETOSWire<\/strong><\/a><strong>)<\/strong>: Une s\u00e9rie d&rsquo;annonces et de d\u00e9clarations d&rsquo;intention \u00e9manant de certains des principaux d\u00e9cideurs politiques et personnalit\u00e9s au monde ont trac\u00e9 la voie pour une nouvelle \u00e8re de tol\u00e9rance moderne, lors du septi\u00e8me Sommet des gouvernements du monde dans son premier jour tenu aujourd&rsquo;hui \u00e0 Duba\u00ef.<\/p>\n<p>Parmi les moments les plus forts du premier jour d&rsquo;un \u00e9v\u00e9nement s&rsquo;\u00e9talant sur une dur\u00e9e de trois jours, Tony Robbins, expert en leadership, entrepreneur et philanthrope, a annonc\u00e9 qu&rsquo;il collabore actuellement avec les dirigeants des \u00c9mirats Arabes Unis sur un projet humanitaire visant \u00e0 nourrir un milliard de personnes.<\/p>\n<p>Dans une interview avec Richard Quest, Christine Lagarde, Directrice g\u00e9n\u00e9rale du FMI, a \u00e9voqu\u00e9 les inqui\u00e9tudes r\u00e9pandues selon lesquelles l&rsquo;intelligence artificielle modifierait l&rsquo;avenir des emplois, affirmant que m\u00eame son travail serait \u00ab\u00a0ajust\u00e9\u00a0\u00bb dans un proche avenir.<\/p>\n<p>Soulignant les d\u00e9fis auxquels le Pakistan est confront\u00e9 pour lutter contre la corruption qui s\u00e9vit dans le pays ces derni\u00e8res ann\u00e9es, le Premier ministre pakistanais Imran Khana appel\u00e9 \u00e0 adopter la m\u00e9ritocratie \u00e0 l&rsquo;\u00e9chelle mondiale.<\/p>\n<p>Le pape Fran\u00e7ois s&rsquo;est adress\u00e9 aux participants au sommet \u00e0 travers une vid\u00e9o en direct, o\u00f9 il a d\u00e9clar\u00e9 que les \u00c9mirats Arabes Unis avaient d\u00e9but\u00e9 un nouveau chapitre historique dans un monde moderne et tol\u00e9rant. Apr\u00e8s l&rsquo;allocution du pontife, Son Excellence Cheikh Abdullah bin Zayed Al Nahyan, ministre des Affaires \u00e9trang\u00e8res et de la Coop\u00e9ration internationale des \u00c9mirats Arabes Unis, a annonc\u00e9 que la r\u00e9union tenue entre le pape Fran\u00e7ois et le grand imam d&rsquo;Al Azhar, son \u00c9minence, le Dr Ahmed At-Tayyeb, en f\u00e9vrier aux \u00c9mirats Arabes Unis, ainsi que la signature du Document pour la Fraternit\u00e9 humaine doivent \u00eatre \u00e9tudi\u00e9s dans les \u00e9coles et les universit\u00e9s des \u00c9mirats Arabes Unis \u00e0 partir de la prochaine ann\u00e9e universitaire<\/p>\n<p>Le Sommet des gouvernements du monde 2019 qui s&rsquo;\u00e9talant sur une dur\u00e9e de trois jours, se d\u00e9roulera jusqu&rsquo;au 12 f\u00e9vrier \u00e0 Madinat Jumeirah, \u00e0 Duba\u00ef. Cet \u00e9v\u00e9nement historique a r\u00e9uni plus de 4000 participants de 140 pays, dont des chefs d&rsquo;\u00c9tat et de gouvernement, ainsi que des repr\u00e9sentants de haut niveau de 30 organisations internationales.<\/p>\n","protected":false},"excerpt":{"rendered":"<p><em>Le Sommet des gouvernements du monde 2019 qui s&rsquo;\u00e9talant sur une dur\u00e9e de trois jours, se d\u00e9roulera jusqu&rsquo;au 12 f\u00e9vrier \u00e0 Madinat Jumeirah, \u00e0 Duba\u00ef. Cet \u00e9v\u00e9nement historique a r\u00e9uni plus de 4000 participants<\/em><br \/>. <\/p>\n","protected":false},"author":3,"featured_media":22722,"comment_status":"closed","ping_status":"closed","sticky":false,"template":"","format":"standard","meta":[],"categories":[13333,13360],"tags":[],"yoast_head":"<!-- This site is optimized with the Yoast SEO plugin v19.4 - https:\/\/yoast.com\/wordpress\/plugins\/seo\/ -->\n<title>Le Sommet des gouvernements du monde \u00e0 Duba\u00ef trace la voie pour une nouvelle \u00e8re - Prestige Magazine<\/title>\n<meta name=\"description\" content=\"Le Sommet des gouvernements du monde 2019 qui s&#039;\u00e9talant sur une dur\u00e9e de trois jours, se d\u00e9roulera jusqu&#039;au 12 f\u00e9vrier \u00e0 Madinat Jumeirah, \u00e0 Duba\u00ef. Cet \u00e9v\u00e9nement historique a r\u00e9uni plus de 4000 participants.\" \/>\n<meta name=\"robots\" content=\"index, follow, max-snippet:-1, max-image-preview:large, max-video-preview:-1\" \/>\n<link rel=\"canonical\" href=\"https:\/\/www.prestigemag.co\/fr\/2019\/02\/le-sommet-des-gouvernements-du-monde-a-dubai-trace-la-voie-pour-une-nouvelle-ere\/\" \/>\n<meta property=\"og:locale\" content=\"fr_FR\" \/>\n<meta property=\"og:type\" content=\"article\" \/>\n<meta property=\"og:title\" content=\"Le Sommet des gouvernements du monde \u00e0 Duba\u00ef trace la voie pour une nouvelle \u00e8re - Prestige Magazine\" \/>\n<meta property=\"og:description\" content=\"Le Sommet des gouvernements du monde 2019 qui s&#039;\u00e9talant sur une dur\u00e9e de trois jours, se d\u00e9roulera jusqu&#039;au 12 f\u00e9vrier \u00e0 Madinat Jumeirah, \u00e0 Duba\u00ef. Cet \u00e9v\u00e9nement historique a r\u00e9uni plus de 4000 participants.\" \/>\n<meta property=\"og:url\" content=\"https:\/\/www.prestigemag.co\/fr\/2019\/02\/le-sommet-des-gouvernements-du-monde-a-dubai-trace-la-voie-pour-une-nouvelle-ere\/\" \/>\n<meta property=\"og:site_name\" content=\"Prestige Magazine\" \/>\n<meta property=\"article:publisher\" content=\"https:\/\/www.facebook.com\/prestigemag.co\/\" \/>\n<meta property=\"article:published_time\" content=\"2019-02-12T09:06:52+00:00\" \/>\n<meta property=\"og:image\" content=\"https:\/\/www.prestigemag.co\/wp-content\/uploads\/2019\/02\/Sommet-des-gouvernements-2019.jpg\" \/>\n\t<meta property=\"og:image:width\" content=\"1000\" \/>\n\t<meta property=\"og:image:height\" content=\"409\" \/>\n\t<meta property=\"og:image:type\" content=\"image\/jpeg\" \/>\n<meta name=\"author\" content=\"prestige\" \/>\n<meta name=\"twitter:card\" content=\"summary\" \/>\n<meta name=\"twitter:label1\" content=\"\u00c9crit par\" \/>\n\t<meta name=\"twitter:data1\" content=\"prestige\" \/>\n\t<meta name=\"twitter:label2\" content=\"Dur\u00e9e de lecture estim\u00e9e\" \/>\n\t<meta name=\"twitter:data2\" content=\"2 minutes\" \/>\n<script type=\"application\/ld+json\" class=\"yoast-schema-graph\">{\"@context\":\"https:\/\/schema.org\",\"@graph\":[{\"@type\":\"Organization\",\"@id\":\"https:\/\/www.prestigemag.co\/#organization\",\"name\":\"Prestige\",\"url\":\"https:\/\/www.prestigemag.co\/\",\"sameAs\":[\"https:\/\/www.instagram.com\/prestige.mag\/\",\"https:\/\/www.facebook.com\/prestigemag.co\/\"],\"logo\":{\"@type\":\"ImageObject\",\"inLanguage\":\"fr-FR\",\"@id\":\"https:\/\/www.prestigemag.co\/#\/schema\/logo\/image\/\",\"url\":\"https:\/\/www.prestigemag.co\/wp-content\/uploads\/2021\/11\/logo-Prestige-800x200-1.png\",\"contentUrl\":\"https:\/\/www.prestigemag.co\/wp-content\/uploads\/2021\/11\/logo-Prestige-800x200-1.png\",\"width\":800,\"height\":200,\"caption\":\"Prestige\"},\"image\":{\"@id\":\"https:\/\/www.prestigemag.co\/#\/schema\/logo\/image\/\"}},{\"@type\":\"WebSite\",\"@id\":\"https:\/\/www.prestigemag.co\/#website\",\"url\":\"https:\/\/www.prestigemag.co\/\",\"name\":\"Prestige Magazine\",\"description\":\"Le Monde Des C\u00e9l\u00e9brit\u00e9s\",\"publisher\":{\"@id\":\"https:\/\/www.prestigemag.co\/#organization\"},\"potentialAction\":[{\"@type\":\"SearchAction\",\"target\":{\"@type\":\"EntryPoint\",\"urlTemplate\":\"https:\/\/www.prestigemag.co\/?s={search_term_string}\"},\"query-input\":\"required name=search_term_string\"}],\"inLanguage\":\"fr-FR\"},{\"@type\":\"WebPage\",\"@id\":\"https:\/\/www.prestigemag.co\/fr\/2019\/02\/le-sommet-des-gouvernements-du-monde-a-dubai-trace-la-voie-pour-une-nouvelle-ere\/\",\"url\":\"https:\/\/www.prestigemag.co\/fr\/2019\/02\/le-sommet-des-gouvernements-du-monde-a-dubai-trace-la-voie-pour-une-nouvelle-ere\/\",\"name\":\"Le Sommet des gouvernements du monde \u00e0 Duba\u00ef trace la voie pour une nouvelle \u00e8re - Prestige Magazine\",\"isPartOf\":{\"@id\":\"https:\/\/www.prestigemag.co\/#website\"},\"datePublished\":\"2019-02-12T09:06:52+00:00\",\"dateModified\":\"2019-02-12T09:06:52+00:00\",\"description\":\"Le Sommet des gouvernements du monde 2019 qui s'\u00e9talant sur une dur\u00e9e de trois jours, se d\u00e9roulera jusqu'au 12 f\u00e9vrier \u00e0 Madinat Jumeirah, \u00e0 Duba\u00ef. Cet \u00e9v\u00e9nement historique a r\u00e9uni plus de 4000 participants.\",\"breadcrumb\":{\"@id\":\"https:\/\/www.prestigemag.co\/fr\/2019\/02\/le-sommet-des-gouvernements-du-monde-a-dubai-trace-la-voie-pour-une-nouvelle-ere\/#breadcrumb\"},\"inLanguage\":\"fr-FR\",\"potentialAction\":[{\"@type\":\"ReadAction\",\"target\":[\"https:\/\/www.prestigemag.co\/fr\/2019\/02\/le-sommet-des-gouvernements-du-monde-a-dubai-trace-la-voie-pour-une-nouvelle-ere\/\"]}]},{\"@type\":\"BreadcrumbList\",\"@id\":\"https:\/\/www.prestigemag.co\/fr\/2019\/02\/le-sommet-des-gouvernements-du-monde-a-dubai-trace-la-voie-pour-une-nouvelle-ere\/#breadcrumb\",\"itemListElement\":[{\"@type\":\"ListItem\",\"position\":1,\"name\":\"Home\",\"item\":\"https:\/\/www.prestigemag.co\/fr\/\"},{\"@type\":\"ListItem\",\"position\":2,\"name\":\"Le Sommet des gouvernements du monde \u00e0 Duba\u00ef trace la voie pour une nouvelle \u00e8re\"}]},{\"@type\":\"Article\",\"@id\":\"https:\/\/www.prestigemag.co\/fr\/2019\/02\/le-sommet-des-gouvernements-du-monde-a-dubai-trace-la-voie-pour-une-nouvelle-ere\/#article\",\"isPartOf\":{\"@id\":\"https:\/\/www.prestigemag.co\/fr\/2019\/02\/le-sommet-des-gouvernements-du-monde-a-dubai-trace-la-voie-pour-une-nouvelle-ere\/\"},\"author\":{\"name\":\"prestige\",\"@id\":\"https:\/\/www.prestigemag.co\/#\/schema\/person\/e3f149368970128d68bb2d797bf30fbc\"},\"headline\":\"Le Sommet des gouvernements du monde \u00e0 Duba\u00ef trace la voie pour une nouvelle \u00e8re\",\"datePublished\":\"2019-02-12T09:06:52+00:00\",\"dateModified\":\"2019-02-12T09:06:52+00:00\",\"mainEntityOfPage\":{\"@id\":\"https:\/\/www.prestigemag.co\/fr\/2019\/02\/le-sommet-des-gouvernements-du-monde-a-dubai-trace-la-voie-pour-une-nouvelle-ere\/\"},\"wordCount\":450,\"publisher\":{\"@id\":\"https:\/\/www.prestigemag.co\/#organization\"},\"articleSection\":[\"\u00c9v\u00e9nements\",\"Inauguration\"],\"inLanguage\":\"fr-FR\"},{\"@type\":\"Person\",\"@id\":\"https:\/\/www.prestigemag.co\/#\/schema\/person\/e3f149368970128d68bb2d797bf30fbc\",\"name\":\"prestige\",\"image\":{\"@type\":\"ImageObject\",\"inLanguage\":\"fr-FR\",\"@id\":\"https:\/\/www.prestigemag.co\/#\/schema\/person\/image\/\",\"url\":\"https:\/\/secure.gravatar.com\/avatar\/0aa2dff5484d35e50578639a2c3ccef9?s=96&d=mm&r=g\",\"contentUrl\":\"https:\/\/secure.gravatar.com\/avatar\/0aa2dff5484d35e50578639a2c3ccef9?s=96&d=mm&r=g\",\"caption\":\"prestige\"},\"url\":\"https:\/\/www.prestigemag.co\/fr\/author\/prestige\/\"}]}<\/script>\n<!-- \/ Yoast SEO plugin. -->","yoast_head_json":{"title":"Le Sommet des gouvernements du monde \u00e0 Duba\u00ef trace la voie pour une nouvelle \u00e8re - Prestige Magazine","description":"Le Sommet des gouvernements du monde 2019 qui s'\u00e9talant sur une dur\u00e9e de trois jours, se d\u00e9roulera jusqu'au 12 f\u00e9vrier \u00e0 Madinat Jumeirah, \u00e0 Duba\u00ef. Cet \u00e9v\u00e9nement historique a r\u00e9uni plus de 4000 participants.","robots":{"index":"index","follow":"follow","max-snippet":"max-snippet:-1","max-image-preview":"max-image-preview:large","max-video-preview":"max-video-preview:-1"},"canonical":"https:\/\/www.prestigemag.co\/fr\/2019\/02\/le-sommet-des-gouvernements-du-monde-a-dubai-trace-la-voie-pour-une-nouvelle-ere\/","og_locale":"fr_FR","og_type":"article","og_title":"Le Sommet des gouvernements du monde \u00e0 Duba\u00ef trace la voie pour une nouvelle \u00e8re - Prestige Magazine","og_description":"Le Sommet des gouvernements du monde 2019 qui s'\u00e9talant sur une dur\u00e9e de trois jours, se d\u00e9roulera jusqu'au 12 f\u00e9vrier \u00e0 Madinat Jumeirah, \u00e0 Duba\u00ef. Cet \u00e9v\u00e9nement historique a r\u00e9uni plus de 4000 participants.","og_url":"https:\/\/www.prestigemag.co\/fr\/2019\/02\/le-sommet-des-gouvernements-du-monde-a-dubai-trace-la-voie-pour-une-nouvelle-ere\/","og_site_name":"Prestige Magazine","article_publisher":"https:\/\/www.facebook.com\/prestigemag.co\/","article_published_time":"2019-02-12T09:06:52+00:00","og_image":[{"width":1000,"height":409,"url":"https:\/\/www.prestigemag.co\/wp-content\/uploads\/2019\/02\/Sommet-des-gouvernements-2019.jpg","type":"image\/jpeg"}],"author":"prestige","twitter_card":"summary","twitter_misc":{"\u00c9crit par":"prestige","Dur\u00e9e de lecture estim\u00e9e":"2 minutes"},"schema":{"@context":"https:\/\/schema.org","@graph":[{"@type":"Organization","@id":"https:\/\/www.prestigemag.co\/#organization","name":"Prestige","url":"https:\/\/www.prestigemag.co\/","sameAs":["https:\/\/www.instagram.com\/prestige.mag\/","https:\/\/www.facebook.com\/prestigemag.co\/"],"logo":{"@type":"ImageObject","inLanguage":"fr-FR","@id":"https:\/\/www.prestigemag.co\/#\/schema\/logo\/image\/","url":"https:\/\/www.prestigemag.co\/wp-content\/uploads\/2021\/11\/logo-Prestige-800x200-1.png","contentUrl":"https:\/\/www.prestigemag.co\/wp-content\/uploads\/2021\/11\/logo-Prestige-800x200-1.png","width":800,"height":200,"caption":"Prestige"},"image":{"@id":"https:\/\/www.prestigemag.co\/#\/schema\/logo\/image\/"}},{"@type":"WebSite","@id":"https:\/\/www.prestigemag.co\/#website","url":"https:\/\/www.prestigemag.co\/","name":"Prestige Magazine","description":"Le Monde Des C\u00e9l\u00e9brit\u00e9s","publisher":{"@id":"https:\/\/www.prestigemag.co\/#organization"},"potentialAction":[{"@type":"SearchAction","target":{"@type":"EntryPoint","urlTemplate":"https:\/\/www.prestigemag.co\/?s={search_term_string}"},"query-input":"required name=search_term_string"}],"inLanguage":"fr-FR"},{"@type":"WebPage","@id":"https:\/\/www.prestigemag.co\/fr\/2019\/02\/le-sommet-des-gouvernements-du-monde-a-dubai-trace-la-voie-pour-une-nouvelle-ere\/","url":"https:\/\/www.prestigemag.co\/fr\/2019\/02\/le-sommet-des-gouvernements-du-monde-a-dubai-trace-la-voie-pour-une-nouvelle-ere\/","name":"Le Sommet des gouvernements du monde \u00e0 Duba\u00ef trace la voie pour une nouvelle \u00e8re - Prestige Magazine","isPartOf":{"@id":"https:\/\/www.prestigemag.co\/#website"},"datePublished":"2019-02-12T09:06:52+00:00","dateModified":"2019-02-12T09:06:52+00:00","description":"Le Sommet des gouvernements du monde 2019 qui s'\u00e9talant sur une dur\u00e9e de trois jours, se d\u00e9roulera jusqu'au 12 f\u00e9vrier \u00e0 Madinat Jumeirah, \u00e0 Duba\u00ef. Cet \u00e9v\u00e9nement historique a r\u00e9uni plus de 4000 participants.","breadcrumb":{"@id":"https:\/\/www.prestigemag.co\/fr\/2019\/02\/le-sommet-des-gouvernements-du-monde-a-dubai-trace-la-voie-pour-une-nouvelle-ere\/#breadcrumb"},"inLanguage":"fr-FR","potentialAction":[{"@type":"ReadAction","target":["https:\/\/www.prestigemag.co\/fr\/2019\/02\/le-sommet-des-gouvernements-du-monde-a-dubai-trace-la-voie-pour-une-nouvelle-ere\/"]}]},{"@type":"BreadcrumbList","@id":"https:\/\/www.prestigemag.co\/fr\/2019\/02\/le-sommet-des-gouvernements-du-monde-a-dubai-trace-la-voie-pour-une-nouvelle-ere\/#breadcrumb","itemListElement":[{"@type":"ListItem","position":1,"name":"Home","item":"https:\/\/www.prestigemag.co\/fr\/"},{"@type":"ListItem","position":2,"name":"Le Sommet des gouvernements du monde \u00e0 Duba\u00ef trace la voie pour une nouvelle \u00e8re"}]},{"@type":"Article","@id":"https:\/\/www.prestigemag.co\/fr\/2019\/02\/le-sommet-des-gouvernements-du-monde-a-dubai-trace-la-voie-pour-une-nouvelle-ere\/#article","isPartOf":{"@id":"https:\/\/www.prestigemag.co\/fr\/2019\/02\/le-sommet-des-gouvernements-du-monde-a-dubai-trace-la-voie-pour-une-nouvelle-ere\/"},"author":{"name":"prestige","@id":"https:\/\/www.prestigemag.co\/#\/schema\/person\/e3f149368970128d68bb2d797bf30fbc"},"headline":"Le Sommet des gouvernements du monde \u00e0 Duba\u00ef trace la voie pour une nouvelle \u00e8re","datePublished":"2019-02-12T09:06:52+00:00","dateModified":"2019-02-12T09:06:52+00:00","mainEntityOfPage":{"@id":"https:\/\/www.prestigemag.co\/fr\/2019\/02\/le-sommet-des-gouvernements-du-monde-a-dubai-trace-la-voie-pour-une-nouvelle-ere\/"},"wordCount":450,"publisher":{"@id":"https:\/\/www.prestigemag.co\/#organization"},"articleSection":["\u00c9v\u00e9nements","Inauguration"],"inLanguage":"fr-FR"},{"@type":"Person","@id":"https:\/\/www.prestigemag.co\/#\/schema\/person\/e3f149368970128d68bb2d797bf30fbc","name":"prestige","image":{"@type":"ImageObject","inLanguage":"fr-FR","@id":"https:\/\/www.prestigemag.co\/#\/schema\/person\/image\/","url":"https:\/\/secure.gravatar.com\/avatar\/0aa2dff5484d35e50578639a2c3ccef9?s=96&d=mm&r=g","contentUrl":"https:\/\/secure.gravatar.com\/avatar\/0aa2dff5484d35e50578639a2c3ccef9?s=96&d=mm&r=g","caption":"prestige"},"url":"https:\/\/www.prestigemag.co\/fr\/author\/prestige\/"}]}},"_links":{"self":[{"href":"https:\/\/www.prestigemag.co\/fr\/wp-json\/wp\/v2\/posts\/22721"}],"collection":[{"href":"https:\/\/www.prestigemag.co\/fr\/wp-json\/wp\/v2\/posts"}],"about":[{"href":"https:\/\/www.prestigemag.co\/fr\/wp-json\/wp\/v2\/types\/post"}],"author":[{"embeddable":true,"href":"https:\/\/www.prestigemag.co\/fr\/wp-json\/wp\/v2\/users\/3"}],"replies":[{"embeddable":true,"href":"https:\/\/www.prestigemag.co\/fr\/wp-json\/wp\/v2\/comments?post=22721"}],"version-history":[{"count":0,"href":"https:\/\/www.prestigemag.co\/fr\/wp-json\/wp\/v2\/posts\/22721\/revisions"}],"wp:featuredmedia":[{"embeddable":true,"href":"https:\/\/www.prestigemag.co\/fr\/wp-json\/wp\/v2\/media\/22722"}],"wp:attachment":[{"href":"https:\/\/www.prestigemag.co\/fr\/wp-json\/wp\/v2\/media?parent=22721"}],"wp:term":[{"taxonomy":"category","embeddable":true,"href":"https:\/\/www.prestigemag.co\/fr\/wp-json\/wp\/v2\/categories?post=22721"},{"taxonomy":"post_tag","embeddable":true,"href":"https:\/\/www.prestigemag.co\/fr\/wp-json\/wp\/v2\/tags?post=22721"}],"curies":[{"name":"wp","href":"https:\/\/api.w.org\/{rel}","templated":true}]}}