{"id":22811,"date":"2019-03-20T08:17:47","date_gmt":"2019-03-20T08:17:47","guid":{"rendered":"http:\/\/www.prestigemag.co\/2019\/03\/baselworld-2019-le-paon-par-menintime\/"},"modified":"2019-03-20T08:17:47","modified_gmt":"2019-03-20T08:17:47","slug":"baselworld-2019-le-paon-par-menintime","status":"publish","type":"post","link":"https:\/\/www.prestigemag.co\/fr\/2019\/03\/baselworld-2019-le-paon-par-menintime\/","title":{"rendered":"Baselworld 2019: Le Paon par Menintime"},"content":{"rendered":"<p>MENINTIME, la nouvelle marque horlog\u00e8re suisse\u00a0fond\u00e9e par Vincent Rouillard, designer prim\u00e9, fait\u00a0ses d\u00e9buts au Baselworld, dans l\u2019espace \u00ab Les\u00a0Ateliers \u00bb, avec sa collection Le Paon.<\/p>\n<p>&nbsp;<\/p>\n<p>&nbsp;<\/p>\n<figure id=\"attachment_16792\" aria-describedby=\"caption-attachment-16792\" style=\"width: 1000px\" class=\"wp-caption aligncenter\"><a href=\"http:\/\/www.prestigemag.co\/wp-content\/uploads\/2019\/03\/Menintime-Le-Paon.jpg\"><img src=\"data:image\/svg+xml,%3Csvg%20xmlns='http:\/\/www.w3.org\/2000\/svg'%20viewBox='0%200%201000%20409'%3E%3C\/svg%3E\" class=\"zeen-lazy-load-base zeen-lazy-load wp-image-16792 size-full\" data-lazy-src=\"http:\/\/www.prestigemag.co\/wp-content\/uploads\/2019\/03\/Menintime-Le-Paon.jpg\" alt=\"\" width=\"1000\" height=\"409\" data-lazy-srcset=\"https:\/\/www.prestigemag.co\/wp-content\/uploads\/2019\/03\/Menintime-Le-Paon.jpg 1000w, https:\/\/www.prestigemag.co\/wp-content\/uploads\/2019\/03\/Menintime-Le-Paon-300x123.jpg 300w, https:\/\/www.prestigemag.co\/wp-content\/uploads\/2019\/03\/Menintime-Le-Paon-770x315.jpg 770w, https:\/\/www.prestigemag.co\/wp-content\/uploads\/2019\/03\/Menintime-Le-Paon-293x120.jpg 293w, https:\/\/www.prestigemag.co\/wp-content\/uploads\/2019\/03\/Menintime-Le-Paon-390x160.jpg 390w, https:\/\/www.prestigemag.co\/wp-content\/uploads\/2019\/03\/Menintime-Le-Paon-768x314.jpg 768w, https:\/\/www.prestigemag.co\/wp-content\/uploads\/2019\/03\/Menintime-Le-Paon-150x61.jpg 150w, https:\/\/www.prestigemag.co\/wp-content\/uploads\/2019\/03\/Menintime-Le-Paon-600x245.jpg 600w, https:\/\/www.prestigemag.co\/wp-content\/uploads\/2019\/03\/Menintime-Le-Paon-291x119.jpg 291w, https:\/\/www.prestigemag.co\/wp-content\/uploads\/2019\/03\/Menintime-Le-Paon-164x67.jpg 164w\" data-lazy-sizes=\"(max-width: 1000px) 100vw, 1000px\" \/><figcaption id=\"caption-attachment-16792\" class=\"wp-caption-text\"><noscript><img class=\"wp-image-16792 size-full\" src=\"http:\/\/www.prestigemag.co\/wp-content\/uploads\/2019\/03\/Menintime-Le-Paon.jpg\" alt=\"\" width=\"1000\" height=\"409\" srcset=\"https:\/\/www.prestigemag.co\/wp-content\/uploads\/2019\/03\/Menintime-Le-Paon.jpg 1000w, https:\/\/www.prestigemag.co\/wp-content\/uploads\/2019\/03\/Menintime-Le-Paon-300x123.jpg 300w, https:\/\/www.prestigemag.co\/wp-content\/uploads\/2019\/03\/Menintime-Le-Paon-770x315.jpg 770w, https:\/\/www.prestigemag.co\/wp-content\/uploads\/2019\/03\/Menintime-Le-Paon-293x120.jpg 293w, https:\/\/www.prestigemag.co\/wp-content\/uploads\/2019\/03\/Menintime-Le-Paon-390x160.jpg 390w, https:\/\/www.prestigemag.co\/wp-content\/uploads\/2019\/03\/Menintime-Le-Paon-768x314.jpg 768w, https:\/\/www.prestigemag.co\/wp-content\/uploads\/2019\/03\/Menintime-Le-Paon-150x61.jpg 150w, https:\/\/www.prestigemag.co\/wp-content\/uploads\/2019\/03\/Menintime-Le-Paon-600x245.jpg 600w, https:\/\/www.prestigemag.co\/wp-content\/uploads\/2019\/03\/Menintime-Le-Paon-291x119.jpg 291w, https:\/\/www.prestigemag.co\/wp-content\/uploads\/2019\/03\/Menintime-Le-Paon-164x67.jpg 164w\" sizes=\"(max-width: 1000px) 100vw, 1000px\" \/><\/noscript><\/a> \u00a9 Menintime.<\/figcaption><\/figure>\n<p>&nbsp;<\/p>\n<p>&nbsp;<\/p>\n<p>&nbsp;<\/p>\n<p>La montre se\u00a0d\u00e9cline en dix mod\u00e8les diff\u00e9rents, assortis d\u2019un\u00a0bo\u00eetier et d\u2019un bracelet qui pr\u00e9sentent, au choix, une\u00a0finition mate microbill\u00e9e, satin\u00e9e ou polie \u00e0 la main.\u00a0Le cadran affiche \u00e9galement huit dispositions, dans\u00a0un choix de neuf couleurs. Il est possible de\u00a0combiner ces diff\u00e9rentes propositions. Avec ses\u00a0dimensions de 38 mm x 37,3 mm, le bo\u00eetier en trois\u00a0parties de la montre Le Paon n&rsquo;est ni tout \u00e0 fait rond,\u00a0ni tout \u00e0 fait ovale : il adopte une forme\u00a0interm\u00e9diaire. Le bo\u00eetier en acier inoxydable est\u00a0parfaitement int\u00e9gr\u00e9 au superbe bracelet, compos\u00e9\u00a0de 55 maillons taill\u00e9s et assembl\u00e9s individuellement.<br \/>\nLa montre est anim\u00e9e par le calibre automatique\u00a0ETA 2895-2 qui offre les fonctions heures, minutes,\u00a0date et petite seconde.<\/p>\n","protected":false},"excerpt":{"rendered":"<p><em>MENINTIME, la nouvelle marque horlog\u00e8re suisse\u00a0fond\u00e9e par Vincent Rouillard, designer prim\u00e9, fait\u00a0ses d\u00e9buts au Baselworld, dans l\u2019espace \u00ab Les\u00a0Ateliers \u00bb, avec sa collection Le Paon.<\/em><br \/>.<\/p>\n","protected":false},"author":3,"featured_media":22812,"comment_status":"closed","ping_status":"closed","sticky":false,"template":"","format":"standard","meta":[],"categories":[13329],"tags":[],"yoast_head":"<!-- This site is optimized with the Yoast SEO plugin v19.4 - https:\/\/yoast.com\/wordpress\/plugins\/seo\/ -->\n<title>Baselworld 2019: Le Paon par Menintime - Prestige Magazine<\/title>\n<meta name=\"description\" content=\"MENINTIME, la nouvelle marque horlog\u00e8re suisse\u00a0fond\u00e9e par Vincent Rouillard, designer prim\u00e9, fait\u00a0ses d\u00e9buts au Baselworld, dans l\u2019espace \u00ab Les\u00a0Ateliers \u00bb, avec sa collection Le Paon..\" \/>\n<meta name=\"robots\" content=\"index, follow, max-snippet:-1, max-image-preview:large, max-video-preview:-1\" \/>\n<link rel=\"canonical\" href=\"https:\/\/www.prestigemag.co\/fr\/2019\/03\/baselworld-2019-le-paon-par-menintime\/\" \/>\n<meta property=\"og:locale\" content=\"fr_FR\" \/>\n<meta property=\"og:type\" content=\"article\" \/>\n<meta property=\"og:title\" content=\"Baselworld 2019: Le Paon par Menintime - Prestige Magazine\" \/>\n<meta property=\"og:description\" content=\"MENINTIME, la nouvelle marque horlog\u00e8re suisse\u00a0fond\u00e9e par Vincent Rouillard, designer prim\u00e9, fait\u00a0ses d\u00e9buts au Baselworld, dans l\u2019espace \u00ab Les\u00a0Ateliers \u00bb, avec sa collection Le Paon..\" \/>\n<meta property=\"og:url\" content=\"https:\/\/www.prestigemag.co\/fr\/2019\/03\/baselworld-2019-le-paon-par-menintime\/\" \/>\n<meta property=\"og:site_name\" content=\"Prestige Magazine\" \/>\n<meta property=\"article:publisher\" content=\"https:\/\/www.facebook.com\/prestigemag.co\/\" \/>\n<meta property=\"article:published_time\" content=\"2019-03-20T08:17:47+00:00\" \/>\n<meta property=\"og:image\" content=\"https:\/\/www.prestigemag.co\/wp-content\/uploads\/2019\/03\/Menintime-Le-Paon.jpg\" \/>\n\t<meta property=\"og:image:width\" content=\"1000\" \/>\n\t<meta property=\"og:image:height\" content=\"409\" \/>\n\t<meta property=\"og:image:type\" content=\"image\/jpeg\" \/>\n<meta name=\"author\" content=\"prestige\" \/>\n<meta name=\"twitter:card\" content=\"summary\" \/>\n<meta name=\"twitter:label1\" content=\"\u00c9crit par\" \/>\n\t<meta name=\"twitter:data1\" content=\"prestige\" \/>\n\t<meta name=\"twitter:label2\" content=\"Dur\u00e9e de lecture estim\u00e9e\" \/>\n\t<meta name=\"twitter:data2\" content=\"1 minute\" \/>\n<script type=\"application\/ld+json\" class=\"yoast-schema-graph\">{\"@context\":\"https:\/\/schema.org\",\"@graph\":[{\"@type\":\"Organization\",\"@id\":\"https:\/\/www.prestigemag.co\/#organization\",\"name\":\"Prestige\",\"url\":\"https:\/\/www.prestigemag.co\/\",\"sameAs\":[\"https:\/\/www.instagram.com\/prestige.mag\/\",\"https:\/\/www.facebook.com\/prestigemag.co\/\"],\"logo\":{\"@type\":\"ImageObject\",\"inLanguage\":\"fr-FR\",\"@id\":\"https:\/\/www.prestigemag.co\/#\/schema\/logo\/image\/\",\"url\":\"https:\/\/www.prestigemag.co\/wp-content\/uploads\/2021\/11\/logo-Prestige-800x200-1.png\",\"contentUrl\":\"https:\/\/www.prestigemag.co\/wp-content\/uploads\/2021\/11\/logo-Prestige-800x200-1.png\",\"width\":800,\"height\":200,\"caption\":\"Prestige\"},\"image\":{\"@id\":\"https:\/\/www.prestigemag.co\/#\/schema\/logo\/image\/\"}},{\"@type\":\"WebSite\",\"@id\":\"https:\/\/www.prestigemag.co\/#website\",\"url\":\"https:\/\/www.prestigemag.co\/\",\"name\":\"Prestige Magazine\",\"description\":\"Le Monde Des C\u00e9l\u00e9brit\u00e9s\",\"publisher\":{\"@id\":\"https:\/\/www.prestigemag.co\/#organization\"},\"potentialAction\":[{\"@type\":\"SearchAction\",\"target\":{\"@type\":\"EntryPoint\",\"urlTemplate\":\"https:\/\/www.prestigemag.co\/?s={search_term_string}\"},\"query-input\":\"required name=search_term_string\"}],\"inLanguage\":\"fr-FR\"},{\"@type\":\"WebPage\",\"@id\":\"https:\/\/www.prestigemag.co\/fr\/2019\/03\/baselworld-2019-le-paon-par-menintime\/\",\"url\":\"https:\/\/www.prestigemag.co\/fr\/2019\/03\/baselworld-2019-le-paon-par-menintime\/\",\"name\":\"Baselworld 2019: Le Paon par Menintime - Prestige Magazine\",\"isPartOf\":{\"@id\":\"https:\/\/www.prestigemag.co\/#website\"},\"datePublished\":\"2019-03-20T08:17:47+00:00\",\"dateModified\":\"2019-03-20T08:17:47+00:00\",\"description\":\"MENINTIME, la nouvelle marque horlog\u00e8re suisse\u00a0fond\u00e9e par Vincent Rouillard, designer prim\u00e9, fait\u00a0ses d\u00e9buts au Baselworld, dans l\u2019espace \u00ab Les\u00a0Ateliers \u00bb, avec sa collection Le Paon..\",\"breadcrumb\":{\"@id\":\"https:\/\/www.prestigemag.co\/fr\/2019\/03\/baselworld-2019-le-paon-par-menintime\/#breadcrumb\"},\"inLanguage\":\"fr-FR\",\"potentialAction\":[{\"@type\":\"ReadAction\",\"target\":[\"https:\/\/www.prestigemag.co\/fr\/2019\/03\/baselworld-2019-le-paon-par-menintime\/\"]}]},{\"@type\":\"BreadcrumbList\",\"@id\":\"https:\/\/www.prestigemag.co\/fr\/2019\/03\/baselworld-2019-le-paon-par-menintime\/#breadcrumb\",\"itemListElement\":[{\"@type\":\"ListItem\",\"position\":1,\"name\":\"Home\",\"item\":\"https:\/\/www.prestigemag.co\/fr\/\"},{\"@type\":\"ListItem\",\"position\":2,\"name\":\"Baselworld 2019: Le Paon par Menintime\"}]},{\"@type\":\"Article\",\"@id\":\"https:\/\/www.prestigemag.co\/fr\/2019\/03\/baselworld-2019-le-paon-par-menintime\/#article\",\"isPartOf\":{\"@id\":\"https:\/\/www.prestigemag.co\/fr\/2019\/03\/baselworld-2019-le-paon-par-menintime\/\"},\"author\":{\"name\":\"prestige\",\"@id\":\"https:\/\/www.prestigemag.co\/#\/schema\/person\/e3f149368970128d68bb2d797bf30fbc\"},\"headline\":\"Baselworld 2019: Le Paon par Menintime\",\"datePublished\":\"2019-03-20T08:17:47+00:00\",\"dateModified\":\"2019-03-20T08:17:47+00:00\",\"mainEntityOfPage\":{\"@id\":\"https:\/\/www.prestigemag.co\/fr\/2019\/03\/baselworld-2019-le-paon-par-menintime\/\"},\"wordCount\":181,\"publisher\":{\"@id\":\"https:\/\/www.prestigemag.co\/#organization\"},\"articleSection\":[\"Horlogerie &amp; Joaillerie\"],\"inLanguage\":\"fr-FR\"},{\"@type\":\"Person\",\"@id\":\"https:\/\/www.prestigemag.co\/#\/schema\/person\/e3f149368970128d68bb2d797bf30fbc\",\"name\":\"prestige\",\"image\":{\"@type\":\"ImageObject\",\"inLanguage\":\"fr-FR\",\"@id\":\"https:\/\/www.prestigemag.co\/#\/schema\/person\/image\/\",\"url\":\"https:\/\/secure.gravatar.com\/avatar\/0aa2dff5484d35e50578639a2c3ccef9?s=96&d=mm&r=g\",\"contentUrl\":\"https:\/\/secure.gravatar.com\/avatar\/0aa2dff5484d35e50578639a2c3ccef9?s=96&d=mm&r=g\",\"caption\":\"prestige\"},\"url\":\"https:\/\/www.prestigemag.co\/fr\/author\/prestige\/\"}]}<\/script>\n<!-- \/ Yoast SEO plugin. -->","yoast_head_json":{"title":"Baselworld 2019: Le Paon par Menintime - Prestige Magazine","description":"MENINTIME, la nouvelle marque horlog\u00e8re suisse\u00a0fond\u00e9e par Vincent Rouillard, designer prim\u00e9, fait\u00a0ses d\u00e9buts au Baselworld, dans l\u2019espace \u00ab Les\u00a0Ateliers \u00bb, avec sa collection Le Paon..","robots":{"index":"index","follow":"follow","max-snippet":"max-snippet:-1","max-image-preview":"max-image-preview:large","max-video-preview":"max-video-preview:-1"},"canonical":"https:\/\/www.prestigemag.co\/fr\/2019\/03\/baselworld-2019-le-paon-par-menintime\/","og_locale":"fr_FR","og_type":"article","og_title":"Baselworld 2019: Le Paon par Menintime - Prestige Magazine","og_description":"MENINTIME, la nouvelle marque horlog\u00e8re suisse\u00a0fond\u00e9e par Vincent Rouillard, designer prim\u00e9, fait\u00a0ses d\u00e9buts au Baselworld, dans l\u2019espace \u00ab Les\u00a0Ateliers \u00bb, avec sa collection Le Paon..","og_url":"https:\/\/www.prestigemag.co\/fr\/2019\/03\/baselworld-2019-le-paon-par-menintime\/","og_site_name":"Prestige Magazine","article_publisher":"https:\/\/www.facebook.com\/prestigemag.co\/","article_published_time":"2019-03-20T08:17:47+00:00","og_image":[{"width":1000,"height":409,"url":"https:\/\/www.prestigemag.co\/wp-content\/uploads\/2019\/03\/Menintime-Le-Paon.jpg","type":"image\/jpeg"}],"author":"prestige","twitter_card":"summary","twitter_misc":{"\u00c9crit par":"prestige","Dur\u00e9e de lecture estim\u00e9e":"1 minute"},"schema":{"@context":"https:\/\/schema.org","@graph":[{"@type":"Organization","@id":"https:\/\/www.prestigemag.co\/#organization","name":"Prestige","url":"https:\/\/www.prestigemag.co\/","sameAs":["https:\/\/www.instagram.com\/prestige.mag\/","https:\/\/www.facebook.com\/prestigemag.co\/"],"logo":{"@type":"ImageObject","inLanguage":"fr-FR","@id":"https:\/\/www.prestigemag.co\/#\/schema\/logo\/image\/","url":"https:\/\/www.prestigemag.co\/wp-content\/uploads\/2021\/11\/logo-Prestige-800x200-1.png","contentUrl":"https:\/\/www.prestigemag.co\/wp-content\/uploads\/2021\/11\/logo-Prestige-800x200-1.png","width":800,"height":200,"caption":"Prestige"},"image":{"@id":"https:\/\/www.prestigemag.co\/#\/schema\/logo\/image\/"}},{"@type":"WebSite","@id":"https:\/\/www.prestigemag.co\/#website","url":"https:\/\/www.prestigemag.co\/","name":"Prestige Magazine","description":"Le Monde Des C\u00e9l\u00e9brit\u00e9s","publisher":{"@id":"https:\/\/www.prestigemag.co\/#organization"},"potentialAction":[{"@type":"SearchAction","target":{"@type":"EntryPoint","urlTemplate":"https:\/\/www.prestigemag.co\/?s={search_term_string}"},"query-input":"required name=search_term_string"}],"inLanguage":"fr-FR"},{"@type":"WebPage","@id":"https:\/\/www.prestigemag.co\/fr\/2019\/03\/baselworld-2019-le-paon-par-menintime\/","url":"https:\/\/www.prestigemag.co\/fr\/2019\/03\/baselworld-2019-le-paon-par-menintime\/","name":"Baselworld 2019: Le Paon par Menintime - Prestige Magazine","isPartOf":{"@id":"https:\/\/www.prestigemag.co\/#website"},"datePublished":"2019-03-20T08:17:47+00:00","dateModified":"2019-03-20T08:17:47+00:00","description":"MENINTIME, la nouvelle marque horlog\u00e8re suisse\u00a0fond\u00e9e par Vincent Rouillard, designer prim\u00e9, fait\u00a0ses d\u00e9buts au Baselworld, dans l\u2019espace \u00ab Les\u00a0Ateliers \u00bb, avec sa collection Le Paon..","breadcrumb":{"@id":"https:\/\/www.prestigemag.co\/fr\/2019\/03\/baselworld-2019-le-paon-par-menintime\/#breadcrumb"},"inLanguage":"fr-FR","potentialAction":[{"@type":"ReadAction","target":["https:\/\/www.prestigemag.co\/fr\/2019\/03\/baselworld-2019-le-paon-par-menintime\/"]}]},{"@type":"BreadcrumbList","@id":"https:\/\/www.prestigemag.co\/fr\/2019\/03\/baselworld-2019-le-paon-par-menintime\/#breadcrumb","itemListElement":[{"@type":"ListItem","position":1,"name":"Home","item":"https:\/\/www.prestigemag.co\/fr\/"},{"@type":"ListItem","position":2,"name":"Baselworld 2019: Le Paon par Menintime"}]},{"@type":"Article","@id":"https:\/\/www.prestigemag.co\/fr\/2019\/03\/baselworld-2019-le-paon-par-menintime\/#article","isPartOf":{"@id":"https:\/\/www.prestigemag.co\/fr\/2019\/03\/baselworld-2019-le-paon-par-menintime\/"},"author":{"name":"prestige","@id":"https:\/\/www.prestigemag.co\/#\/schema\/person\/e3f149368970128d68bb2d797bf30fbc"},"headline":"Baselworld 2019: Le Paon par Menintime","datePublished":"2019-03-20T08:17:47+00:00","dateModified":"2019-03-20T08:17:47+00:00","mainEntityOfPage":{"@id":"https:\/\/www.prestigemag.co\/fr\/2019\/03\/baselworld-2019-le-paon-par-menintime\/"},"wordCount":181,"publisher":{"@id":"https:\/\/www.prestigemag.co\/#organization"},"articleSection":["Horlogerie &amp; Joaillerie"],"inLanguage":"fr-FR"},{"@type":"Person","@id":"https:\/\/www.prestigemag.co\/#\/schema\/person\/e3f149368970128d68bb2d797bf30fbc","name":"prestige","image":{"@type":"ImageObject","inLanguage":"fr-FR","@id":"https:\/\/www.prestigemag.co\/#\/schema\/person\/image\/","url":"https:\/\/secure.gravatar.com\/avatar\/0aa2dff5484d35e50578639a2c3ccef9?s=96&d=mm&r=g","contentUrl":"https:\/\/secure.gravatar.com\/avatar\/0aa2dff5484d35e50578639a2c3ccef9?s=96&d=mm&r=g","caption":"prestige"},"url":"https:\/\/www.prestigemag.co\/fr\/author\/prestige\/"}]}},"_links":{"self":[{"href":"https:\/\/www.prestigemag.co\/fr\/wp-json\/wp\/v2\/posts\/22811"}],"collection":[{"href":"https:\/\/www.prestigemag.co\/fr\/wp-json\/wp\/v2\/posts"}],"about":[{"href":"https:\/\/www.prestigemag.co\/fr\/wp-json\/wp\/v2\/types\/post"}],"author":[{"embeddable":true,"href":"https:\/\/www.prestigemag.co\/fr\/wp-json\/wp\/v2\/users\/3"}],"replies":[{"embeddable":true,"href":"https:\/\/www.prestigemag.co\/fr\/wp-json\/wp\/v2\/comments?post=22811"}],"version-history":[{"count":0,"href":"https:\/\/www.prestigemag.co\/fr\/wp-json\/wp\/v2\/posts\/22811\/revisions"}],"wp:featuredmedia":[{"embeddable":true,"href":"https:\/\/www.prestigemag.co\/fr\/wp-json\/wp\/v2\/media\/22812"}],"wp:attachment":[{"href":"https:\/\/www.prestigemag.co\/fr\/wp-json\/wp\/v2\/media?parent=22811"}],"wp:term":[{"taxonomy":"category","embeddable":true,"href":"https:\/\/www.prestigemag.co\/fr\/wp-json\/wp\/v2\/categories?post=22811"},{"taxonomy":"post_tag","embeddable":true,"href":"https:\/\/www.prestigemag.co\/fr\/wp-json\/wp\/v2\/tags?post=22811"}],"curies":[{"name":"wp","href":"https:\/\/api.w.org\/{rel}","templated":true}]}}