{"id":22814,"date":"2019-03-20T08:35:27","date_gmt":"2019-03-20T08:35:27","guid":{"rendered":"http:\/\/www.prestigemag.co\/2019\/03\/baselworld-2019-fiji-floral-seconds-par-schwarz-etienne\/"},"modified":"2019-03-20T08:35:27","modified_gmt":"2019-03-20T08:35:27","slug":"baselworld-2019-fiji-floral-seconds-par-schwarz-etienne","status":"publish","type":"post","link":"https:\/\/www.prestigemag.co\/fr\/2019\/03\/baselworld-2019-fiji-floral-seconds-par-schwarz-etienne\/","title":{"rendered":"Baselworld 2019: Fiji Floral Seconds par Schwarz Etienne"},"content":{"rendered":"<p>Le tout premier garde-temps pour femmes cr\u00e9\u00e9 par\u00a0SCHWARZ ETIENNE refuse d\u00e9lib\u00e9r\u00e9ment d\u2019\u00eatre la\u00a0copie d\u2019un design masculin simplement adapt\u00e9 aux\u00a0proportions du poignet f\u00e9minin.<\/p>\n<p>&nbsp;<\/p>\n<p>&nbsp;<\/p>\n<p>&nbsp;<\/p>\n<figure id=\"attachment_16796\" aria-describedby=\"caption-attachment-16796\" style=\"width: 1000px\" class=\"wp-caption aligncenter\"><a href=\"http:\/\/www.prestigemag.co\/wp-content\/uploads\/2019\/03\/Schwarz-Etienne.jpg\"><img src=\"data:image\/svg+xml,%3Csvg%20xmlns='http:\/\/www.w3.org\/2000\/svg'%20viewBox='0%200%201000%20409'%3E%3C\/svg%3E\" class=\"zeen-lazy-load-base zeen-lazy-load wp-image-16796 size-full\" data-lazy-src=\"http:\/\/www.prestigemag.co\/wp-content\/uploads\/2019\/03\/Schwarz-Etienne.jpg\" alt=\"\" width=\"1000\" height=\"409\" data-lazy-srcset=\"https:\/\/www.prestigemag.co\/wp-content\/uploads\/2019\/03\/Schwarz-Etienne.jpg 1000w, https:\/\/www.prestigemag.co\/wp-content\/uploads\/2019\/03\/Schwarz-Etienne-300x123.jpg 300w, https:\/\/www.prestigemag.co\/wp-content\/uploads\/2019\/03\/Schwarz-Etienne-770x315.jpg 770w, https:\/\/www.prestigemag.co\/wp-content\/uploads\/2019\/03\/Schwarz-Etienne-293x120.jpg 293w, https:\/\/www.prestigemag.co\/wp-content\/uploads\/2019\/03\/Schwarz-Etienne-390x160.jpg 390w, https:\/\/www.prestigemag.co\/wp-content\/uploads\/2019\/03\/Schwarz-Etienne-768x314.jpg 768w, https:\/\/www.prestigemag.co\/wp-content\/uploads\/2019\/03\/Schwarz-Etienne-150x61.jpg 150w, https:\/\/www.prestigemag.co\/wp-content\/uploads\/2019\/03\/Schwarz-Etienne-600x245.jpg 600w, https:\/\/www.prestigemag.co\/wp-content\/uploads\/2019\/03\/Schwarz-Etienne-291x119.jpg 291w, https:\/\/www.prestigemag.co\/wp-content\/uploads\/2019\/03\/Schwarz-Etienne-164x67.jpg 164w\" data-lazy-sizes=\"(max-width: 1000px) 100vw, 1000px\" \/><figcaption id=\"caption-attachment-16796\" class=\"wp-caption-text\"><noscript><img class=\"wp-image-16796 size-full\" src=\"http:\/\/www.prestigemag.co\/wp-content\/uploads\/2019\/03\/Schwarz-Etienne.jpg\" alt=\"\" width=\"1000\" height=\"409\" srcset=\"https:\/\/www.prestigemag.co\/wp-content\/uploads\/2019\/03\/Schwarz-Etienne.jpg 1000w, https:\/\/www.prestigemag.co\/wp-content\/uploads\/2019\/03\/Schwarz-Etienne-300x123.jpg 300w, https:\/\/www.prestigemag.co\/wp-content\/uploads\/2019\/03\/Schwarz-Etienne-770x315.jpg 770w, https:\/\/www.prestigemag.co\/wp-content\/uploads\/2019\/03\/Schwarz-Etienne-293x120.jpg 293w, https:\/\/www.prestigemag.co\/wp-content\/uploads\/2019\/03\/Schwarz-Etienne-390x160.jpg 390w, https:\/\/www.prestigemag.co\/wp-content\/uploads\/2019\/03\/Schwarz-Etienne-768x314.jpg 768w, https:\/\/www.prestigemag.co\/wp-content\/uploads\/2019\/03\/Schwarz-Etienne-150x61.jpg 150w, https:\/\/www.prestigemag.co\/wp-content\/uploads\/2019\/03\/Schwarz-Etienne-600x245.jpg 600w, https:\/\/www.prestigemag.co\/wp-content\/uploads\/2019\/03\/Schwarz-Etienne-291x119.jpg 291w, https:\/\/www.prestigemag.co\/wp-content\/uploads\/2019\/03\/Schwarz-Etienne-164x67.jpg 164w\" sizes=\"(max-width: 1000px) 100vw, 1000px\" \/><\/noscript><\/a> \u00a9 Schwarz Etienne.<\/figcaption><\/figure>\n<p>&nbsp;<\/p>\n<p>&nbsp;<\/p>\n<p>&nbsp;<\/p>\n<p>Le compteur de la\u00a0petite seconde situ\u00e9 \u00e0 6 heures habille le cadran\u00a0d\u2019un motif floral ajour\u00e9 sous lequel s\u2019anime un\u00a0disque rotatif. Il rappelle avec subtilit\u00e9 que les\u00a0femmes s\u2019int\u00e9ressent autant \u00e0 la m\u00e9canique d\u2019un\u00a0garde-temps qu\u2019\u00e0 son esth\u00e9tique. La Fiji Floral\u00a0Seconds accueille un calibre automatique qui offre\u00a0une remarquable r\u00e9serve de marche de 86 heures.<br \/>\nSes ponts sont d\u00e9cor\u00e9s d\u2019une finition soleill\u00e9e et le\u00a0pont de balancier est orn\u00e9 d\u2019un motif guilloch\u00e9. Son\u00a0bo\u00eetier de 38 mm en acier inoxydable b\u00e9n\u00e9ficie\u00a0d\u2019une construction tripartite : la lunette, la carrure\u00a0et le fond forment une capsule mont\u00e9e sur un<br \/>\nsupport s\u00e9par\u00e9 qui int\u00e8gre les cornes. Le cadran,\u00a0par\u00e9 d\u2019index appliqu\u00e9s en forme de gouttes et du 12\u00a0en chiffre arabe, s\u2019habille de saumon clair ou de noir.\u00a0Un diamant de 0,02 carat orne la grande couronne.<\/p>\n","protected":false},"excerpt":{"rendered":"<p><em>Le tout premier garde-temps pour femmes cr\u00e9\u00e9 par\u00a0SCHWARZ ETIENNE refuse d\u00e9lib\u00e9r\u00e9ment d\u2019\u00eatre la\u00a0copie d\u2019un design masculin simplement adapt\u00e9 aux\u00a0proportions du poignet f\u00e9minin.<\/em><br \/>.<\/p>\n","protected":false},"author":3,"featured_media":22815,"comment_status":"closed","ping_status":"closed","sticky":false,"template":"","format":"standard","meta":[],"categories":[13329],"tags":[],"yoast_head":"<!-- This site is optimized with the Yoast SEO plugin v19.4 - https:\/\/yoast.com\/wordpress\/plugins\/seo\/ -->\n<title>Baselworld 2019: Fiji Floral Seconds par Schwarz Etienne - Prestige Magazine<\/title>\n<meta name=\"description\" content=\"Le tout premier garde-temps pour femmes cr\u00e9\u00e9 par\u00a0SCHWARZ ETIENNE refuse d\u00e9lib\u00e9r\u00e9ment d\u2019\u00eatre la\u00a0copie d\u2019un design masculin simplement adapt\u00e9 aux\u00a0proportions du poignet f\u00e9minin..\" \/>\n<meta name=\"robots\" content=\"index, follow, max-snippet:-1, max-image-preview:large, max-video-preview:-1\" \/>\n<link rel=\"canonical\" href=\"https:\/\/www.prestigemag.co\/fr\/2019\/03\/baselworld-2019-fiji-floral-seconds-par-schwarz-etienne\/\" \/>\n<meta property=\"og:locale\" content=\"fr_FR\" \/>\n<meta property=\"og:type\" content=\"article\" \/>\n<meta property=\"og:title\" content=\"Baselworld 2019: Fiji Floral Seconds par Schwarz Etienne - Prestige Magazine\" \/>\n<meta property=\"og:description\" content=\"Le tout premier garde-temps pour femmes cr\u00e9\u00e9 par\u00a0SCHWARZ ETIENNE refuse d\u00e9lib\u00e9r\u00e9ment d\u2019\u00eatre la\u00a0copie d\u2019un design masculin simplement adapt\u00e9 aux\u00a0proportions du poignet f\u00e9minin..\" \/>\n<meta property=\"og:url\" content=\"https:\/\/www.prestigemag.co\/fr\/2019\/03\/baselworld-2019-fiji-floral-seconds-par-schwarz-etienne\/\" \/>\n<meta property=\"og:site_name\" content=\"Prestige Magazine\" \/>\n<meta property=\"article:publisher\" content=\"https:\/\/www.facebook.com\/prestigemag.co\/\" \/>\n<meta property=\"article:published_time\" content=\"2019-03-20T08:35:27+00:00\" \/>\n<meta property=\"og:image\" content=\"https:\/\/www.prestigemag.co\/wp-content\/uploads\/2019\/03\/Schwarz-Etienne.jpg\" \/>\n\t<meta property=\"og:image:width\" content=\"1000\" \/>\n\t<meta property=\"og:image:height\" content=\"409\" \/>\n\t<meta property=\"og:image:type\" content=\"image\/jpeg\" \/>\n<meta name=\"author\" content=\"prestige\" \/>\n<meta name=\"twitter:card\" content=\"summary\" \/>\n<meta name=\"twitter:label1\" content=\"\u00c9crit par\" \/>\n\t<meta name=\"twitter:data1\" content=\"prestige\" \/>\n\t<meta name=\"twitter:label2\" content=\"Dur\u00e9e de lecture estim\u00e9e\" \/>\n\t<meta name=\"twitter:data2\" content=\"1 minute\" \/>\n<script type=\"application\/ld+json\" class=\"yoast-schema-graph\">{\"@context\":\"https:\/\/schema.org\",\"@graph\":[{\"@type\":\"Organization\",\"@id\":\"https:\/\/www.prestigemag.co\/#organization\",\"name\":\"Prestige\",\"url\":\"https:\/\/www.prestigemag.co\/\",\"sameAs\":[\"https:\/\/www.instagram.com\/prestige.mag\/\",\"https:\/\/www.facebook.com\/prestigemag.co\/\"],\"logo\":{\"@type\":\"ImageObject\",\"inLanguage\":\"fr-FR\",\"@id\":\"https:\/\/www.prestigemag.co\/#\/schema\/logo\/image\/\",\"url\":\"https:\/\/www.prestigemag.co\/wp-content\/uploads\/2021\/11\/logo-Prestige-800x200-1.png\",\"contentUrl\":\"https:\/\/www.prestigemag.co\/wp-content\/uploads\/2021\/11\/logo-Prestige-800x200-1.png\",\"width\":800,\"height\":200,\"caption\":\"Prestige\"},\"image\":{\"@id\":\"https:\/\/www.prestigemag.co\/#\/schema\/logo\/image\/\"}},{\"@type\":\"WebSite\",\"@id\":\"https:\/\/www.prestigemag.co\/#website\",\"url\":\"https:\/\/www.prestigemag.co\/\",\"name\":\"Prestige Magazine\",\"description\":\"Le Monde Des C\u00e9l\u00e9brit\u00e9s\",\"publisher\":{\"@id\":\"https:\/\/www.prestigemag.co\/#organization\"},\"potentialAction\":[{\"@type\":\"SearchAction\",\"target\":{\"@type\":\"EntryPoint\",\"urlTemplate\":\"https:\/\/www.prestigemag.co\/?s={search_term_string}\"},\"query-input\":\"required name=search_term_string\"}],\"inLanguage\":\"fr-FR\"},{\"@type\":\"WebPage\",\"@id\":\"https:\/\/www.prestigemag.co\/fr\/2019\/03\/baselworld-2019-fiji-floral-seconds-par-schwarz-etienne\/\",\"url\":\"https:\/\/www.prestigemag.co\/fr\/2019\/03\/baselworld-2019-fiji-floral-seconds-par-schwarz-etienne\/\",\"name\":\"Baselworld 2019: Fiji Floral Seconds par Schwarz Etienne - Prestige Magazine\",\"isPartOf\":{\"@id\":\"https:\/\/www.prestigemag.co\/#website\"},\"datePublished\":\"2019-03-20T08:35:27+00:00\",\"dateModified\":\"2019-03-20T08:35:27+00:00\",\"description\":\"Le tout premier garde-temps pour femmes cr\u00e9\u00e9 par\u00a0SCHWARZ ETIENNE refuse d\u00e9lib\u00e9r\u00e9ment d\u2019\u00eatre la\u00a0copie d\u2019un design masculin simplement adapt\u00e9 aux\u00a0proportions du poignet f\u00e9minin..\",\"breadcrumb\":{\"@id\":\"https:\/\/www.prestigemag.co\/fr\/2019\/03\/baselworld-2019-fiji-floral-seconds-par-schwarz-etienne\/#breadcrumb\"},\"inLanguage\":\"fr-FR\",\"potentialAction\":[{\"@type\":\"ReadAction\",\"target\":[\"https:\/\/www.prestigemag.co\/fr\/2019\/03\/baselworld-2019-fiji-floral-seconds-par-schwarz-etienne\/\"]}]},{\"@type\":\"BreadcrumbList\",\"@id\":\"https:\/\/www.prestigemag.co\/fr\/2019\/03\/baselworld-2019-fiji-floral-seconds-par-schwarz-etienne\/#breadcrumb\",\"itemListElement\":[{\"@type\":\"ListItem\",\"position\":1,\"name\":\"Home\",\"item\":\"https:\/\/www.prestigemag.co\/fr\/\"},{\"@type\":\"ListItem\",\"position\":2,\"name\":\"Baselworld 2019: Fiji Floral Seconds par Schwarz Etienne\"}]},{\"@type\":\"Article\",\"@id\":\"https:\/\/www.prestigemag.co\/fr\/2019\/03\/baselworld-2019-fiji-floral-seconds-par-schwarz-etienne\/#article\",\"isPartOf\":{\"@id\":\"https:\/\/www.prestigemag.co\/fr\/2019\/03\/baselworld-2019-fiji-floral-seconds-par-schwarz-etienne\/\"},\"author\":{\"name\":\"prestige\",\"@id\":\"https:\/\/www.prestigemag.co\/#\/schema\/person\/e3f149368970128d68bb2d797bf30fbc\"},\"headline\":\"Baselworld 2019: Fiji Floral Seconds par Schwarz Etienne\",\"datePublished\":\"2019-03-20T08:35:27+00:00\",\"dateModified\":\"2019-03-20T08:35:27+00:00\",\"mainEntityOfPage\":{\"@id\":\"https:\/\/www.prestigemag.co\/fr\/2019\/03\/baselworld-2019-fiji-floral-seconds-par-schwarz-etienne\/\"},\"wordCount\":206,\"publisher\":{\"@id\":\"https:\/\/www.prestigemag.co\/#organization\"},\"articleSection\":[\"Horlogerie &amp; Joaillerie\"],\"inLanguage\":\"fr-FR\"},{\"@type\":\"Person\",\"@id\":\"https:\/\/www.prestigemag.co\/#\/schema\/person\/e3f149368970128d68bb2d797bf30fbc\",\"name\":\"prestige\",\"image\":{\"@type\":\"ImageObject\",\"inLanguage\":\"fr-FR\",\"@id\":\"https:\/\/www.prestigemag.co\/#\/schema\/person\/image\/\",\"url\":\"https:\/\/secure.gravatar.com\/avatar\/0aa2dff5484d35e50578639a2c3ccef9?s=96&d=mm&r=g\",\"contentUrl\":\"https:\/\/secure.gravatar.com\/avatar\/0aa2dff5484d35e50578639a2c3ccef9?s=96&d=mm&r=g\",\"caption\":\"prestige\"},\"url\":\"https:\/\/www.prestigemag.co\/fr\/author\/prestige\/\"}]}<\/script>\n<!-- \/ Yoast SEO plugin. -->","yoast_head_json":{"title":"Baselworld 2019: Fiji Floral Seconds par Schwarz Etienne - Prestige Magazine","description":"Le tout premier garde-temps pour femmes cr\u00e9\u00e9 par\u00a0SCHWARZ ETIENNE refuse d\u00e9lib\u00e9r\u00e9ment d\u2019\u00eatre la\u00a0copie d\u2019un design masculin simplement adapt\u00e9 aux\u00a0proportions du poignet f\u00e9minin..","robots":{"index":"index","follow":"follow","max-snippet":"max-snippet:-1","max-image-preview":"max-image-preview:large","max-video-preview":"max-video-preview:-1"},"canonical":"https:\/\/www.prestigemag.co\/fr\/2019\/03\/baselworld-2019-fiji-floral-seconds-par-schwarz-etienne\/","og_locale":"fr_FR","og_type":"article","og_title":"Baselworld 2019: Fiji Floral Seconds par Schwarz Etienne - Prestige Magazine","og_description":"Le tout premier garde-temps pour femmes cr\u00e9\u00e9 par\u00a0SCHWARZ ETIENNE refuse d\u00e9lib\u00e9r\u00e9ment d\u2019\u00eatre la\u00a0copie d\u2019un design masculin simplement adapt\u00e9 aux\u00a0proportions du poignet f\u00e9minin..","og_url":"https:\/\/www.prestigemag.co\/fr\/2019\/03\/baselworld-2019-fiji-floral-seconds-par-schwarz-etienne\/","og_site_name":"Prestige Magazine","article_publisher":"https:\/\/www.facebook.com\/prestigemag.co\/","article_published_time":"2019-03-20T08:35:27+00:00","og_image":[{"width":1000,"height":409,"url":"https:\/\/www.prestigemag.co\/wp-content\/uploads\/2019\/03\/Schwarz-Etienne.jpg","type":"image\/jpeg"}],"author":"prestige","twitter_card":"summary","twitter_misc":{"\u00c9crit par":"prestige","Dur\u00e9e de lecture estim\u00e9e":"1 minute"},"schema":{"@context":"https:\/\/schema.org","@graph":[{"@type":"Organization","@id":"https:\/\/www.prestigemag.co\/#organization","name":"Prestige","url":"https:\/\/www.prestigemag.co\/","sameAs":["https:\/\/www.instagram.com\/prestige.mag\/","https:\/\/www.facebook.com\/prestigemag.co\/"],"logo":{"@type":"ImageObject","inLanguage":"fr-FR","@id":"https:\/\/www.prestigemag.co\/#\/schema\/logo\/image\/","url":"https:\/\/www.prestigemag.co\/wp-content\/uploads\/2021\/11\/logo-Prestige-800x200-1.png","contentUrl":"https:\/\/www.prestigemag.co\/wp-content\/uploads\/2021\/11\/logo-Prestige-800x200-1.png","width":800,"height":200,"caption":"Prestige"},"image":{"@id":"https:\/\/www.prestigemag.co\/#\/schema\/logo\/image\/"}},{"@type":"WebSite","@id":"https:\/\/www.prestigemag.co\/#website","url":"https:\/\/www.prestigemag.co\/","name":"Prestige Magazine","description":"Le Monde Des C\u00e9l\u00e9brit\u00e9s","publisher":{"@id":"https:\/\/www.prestigemag.co\/#organization"},"potentialAction":[{"@type":"SearchAction","target":{"@type":"EntryPoint","urlTemplate":"https:\/\/www.prestigemag.co\/?s={search_term_string}"},"query-input":"required name=search_term_string"}],"inLanguage":"fr-FR"},{"@type":"WebPage","@id":"https:\/\/www.prestigemag.co\/fr\/2019\/03\/baselworld-2019-fiji-floral-seconds-par-schwarz-etienne\/","url":"https:\/\/www.prestigemag.co\/fr\/2019\/03\/baselworld-2019-fiji-floral-seconds-par-schwarz-etienne\/","name":"Baselworld 2019: Fiji Floral Seconds par Schwarz Etienne - Prestige Magazine","isPartOf":{"@id":"https:\/\/www.prestigemag.co\/#website"},"datePublished":"2019-03-20T08:35:27+00:00","dateModified":"2019-03-20T08:35:27+00:00","description":"Le tout premier garde-temps pour femmes cr\u00e9\u00e9 par\u00a0SCHWARZ ETIENNE refuse d\u00e9lib\u00e9r\u00e9ment d\u2019\u00eatre la\u00a0copie d\u2019un design masculin simplement adapt\u00e9 aux\u00a0proportions du poignet f\u00e9minin..","breadcrumb":{"@id":"https:\/\/www.prestigemag.co\/fr\/2019\/03\/baselworld-2019-fiji-floral-seconds-par-schwarz-etienne\/#breadcrumb"},"inLanguage":"fr-FR","potentialAction":[{"@type":"ReadAction","target":["https:\/\/www.prestigemag.co\/fr\/2019\/03\/baselworld-2019-fiji-floral-seconds-par-schwarz-etienne\/"]}]},{"@type":"BreadcrumbList","@id":"https:\/\/www.prestigemag.co\/fr\/2019\/03\/baselworld-2019-fiji-floral-seconds-par-schwarz-etienne\/#breadcrumb","itemListElement":[{"@type":"ListItem","position":1,"name":"Home","item":"https:\/\/www.prestigemag.co\/fr\/"},{"@type":"ListItem","position":2,"name":"Baselworld 2019: Fiji Floral Seconds par Schwarz Etienne"}]},{"@type":"Article","@id":"https:\/\/www.prestigemag.co\/fr\/2019\/03\/baselworld-2019-fiji-floral-seconds-par-schwarz-etienne\/#article","isPartOf":{"@id":"https:\/\/www.prestigemag.co\/fr\/2019\/03\/baselworld-2019-fiji-floral-seconds-par-schwarz-etienne\/"},"author":{"name":"prestige","@id":"https:\/\/www.prestigemag.co\/#\/schema\/person\/e3f149368970128d68bb2d797bf30fbc"},"headline":"Baselworld 2019: Fiji Floral Seconds par Schwarz Etienne","datePublished":"2019-03-20T08:35:27+00:00","dateModified":"2019-03-20T08:35:27+00:00","mainEntityOfPage":{"@id":"https:\/\/www.prestigemag.co\/fr\/2019\/03\/baselworld-2019-fiji-floral-seconds-par-schwarz-etienne\/"},"wordCount":206,"publisher":{"@id":"https:\/\/www.prestigemag.co\/#organization"},"articleSection":["Horlogerie &amp; Joaillerie"],"inLanguage":"fr-FR"},{"@type":"Person","@id":"https:\/\/www.prestigemag.co\/#\/schema\/person\/e3f149368970128d68bb2d797bf30fbc","name":"prestige","image":{"@type":"ImageObject","inLanguage":"fr-FR","@id":"https:\/\/www.prestigemag.co\/#\/schema\/person\/image\/","url":"https:\/\/secure.gravatar.com\/avatar\/0aa2dff5484d35e50578639a2c3ccef9?s=96&d=mm&r=g","contentUrl":"https:\/\/secure.gravatar.com\/avatar\/0aa2dff5484d35e50578639a2c3ccef9?s=96&d=mm&r=g","caption":"prestige"},"url":"https:\/\/www.prestigemag.co\/fr\/author\/prestige\/"}]}},"_links":{"self":[{"href":"https:\/\/www.prestigemag.co\/fr\/wp-json\/wp\/v2\/posts\/22814"}],"collection":[{"href":"https:\/\/www.prestigemag.co\/fr\/wp-json\/wp\/v2\/posts"}],"about":[{"href":"https:\/\/www.prestigemag.co\/fr\/wp-json\/wp\/v2\/types\/post"}],"author":[{"embeddable":true,"href":"https:\/\/www.prestigemag.co\/fr\/wp-json\/wp\/v2\/users\/3"}],"replies":[{"embeddable":true,"href":"https:\/\/www.prestigemag.co\/fr\/wp-json\/wp\/v2\/comments?post=22814"}],"version-history":[{"count":0,"href":"https:\/\/www.prestigemag.co\/fr\/wp-json\/wp\/v2\/posts\/22814\/revisions"}],"wp:featuredmedia":[{"embeddable":true,"href":"https:\/\/www.prestigemag.co\/fr\/wp-json\/wp\/v2\/media\/22815"}],"wp:attachment":[{"href":"https:\/\/www.prestigemag.co\/fr\/wp-json\/wp\/v2\/media?parent=22814"}],"wp:term":[{"taxonomy":"category","embeddable":true,"href":"https:\/\/www.prestigemag.co\/fr\/wp-json\/wp\/v2\/categories?post=22814"},{"taxonomy":"post_tag","embeddable":true,"href":"https:\/\/www.prestigemag.co\/fr\/wp-json\/wp\/v2\/tags?post=22814"}],"curies":[{"name":"wp","href":"https:\/\/api.w.org\/{rel}","templated":true}]}}