{"id":22943,"date":"2019-05-08T15:00:51","date_gmt":"2019-05-08T12:00:51","guid":{"rendered":"http:\/\/www.prestigemag.co\/2019\/05\/qui-est-la-reine-de-camp-au-met-gala-2019\/"},"modified":"2019-05-08T15:00:51","modified_gmt":"2019-05-08T12:00:51","slug":"qui-est-la-reine-de-camp-au-met-gala-2019","status":"publish","type":"post","link":"https:\/\/www.prestigemag.co\/fr\/2019\/05\/qui-est-la-reine-de-camp-au-met-gala-2019\/","title":{"rendered":"Qui est la Reine de \u00abCamp\u00bb au Met Gala 2019?"},"content":{"rendered":"<p>Le Met Gala, un \u00e9v\u00e9nement annuel rassemblant les plus grands noms de la mode et les stars d&rsquo;Hollywood en faveur du Metropolitan Museum of Art de New York. La soir\u00e9e du lundi 6 mai a accueilli des c\u00e9l\u00e9brit\u00e9s sous le th\u00e8me\u00a0: \u00a0\u00abCamp: Notes sur la mode\u00bb, \u00a0un hommage parfait \u00e0 l\u2019esth\u00e9tique et au style.<\/p>\n<p>Glamour et looks scandaleux du Met Gala.<\/p>\n<p>&nbsp;<\/p>\n<figure id=\"attachment_17188\" aria-describedby=\"caption-attachment-17188\" style=\"width: 1000px\" class=\"wp-caption aligncenter\"><a href=\"http:\/\/www.prestigemag.co\/wp-content\/uploads\/2019\/05\/Met-Gala-2019.jpg\"><img src=\"data:image\/svg+xml,%3Csvg%20xmlns='http:\/\/www.w3.org\/2000\/svg'%20viewBox='0%200%201000%20409'%3E%3C\/svg%3E\" class=\"zeen-lazy-load-base zeen-lazy-load wp-image-17188 size-full\" data-lazy-src=\"http:\/\/www.prestigemag.co\/wp-content\/uploads\/2019\/05\/Met-Gala-2019.jpg\" alt=\"\" width=\"1000\" height=\"409\" data-lazy-srcset=\"https:\/\/www.prestigemag.co\/wp-content\/uploads\/2019\/05\/Met-Gala-2019.jpg 1000w, https:\/\/www.prestigemag.co\/wp-content\/uploads\/2019\/05\/Met-Gala-2019-300x123.jpg 300w, https:\/\/www.prestigemag.co\/wp-content\/uploads\/2019\/05\/Met-Gala-2019-770x315.jpg 770w, https:\/\/www.prestigemag.co\/wp-content\/uploads\/2019\/05\/Met-Gala-2019-293x120.jpg 293w, https:\/\/www.prestigemag.co\/wp-content\/uploads\/2019\/05\/Met-Gala-2019-390x160.jpg 390w, https:\/\/www.prestigemag.co\/wp-content\/uploads\/2019\/05\/Met-Gala-2019-768x314.jpg 768w, https:\/\/www.prestigemag.co\/wp-content\/uploads\/2019\/05\/Met-Gala-2019-150x61.jpg 150w, https:\/\/www.prestigemag.co\/wp-content\/uploads\/2019\/05\/Met-Gala-2019-600x245.jpg 600w, https:\/\/www.prestigemag.co\/wp-content\/uploads\/2019\/05\/Met-Gala-2019-291x119.jpg 291w, https:\/\/www.prestigemag.co\/wp-content\/uploads\/2019\/05\/Met-Gala-2019-164x67.jpg 164w\" data-lazy-sizes=\"(max-width: 1000px) 100vw, 1000px\" \/><figcaption id=\"caption-attachment-17188\" class=\"wp-caption-text\"><noscript><img class=\"wp-image-17188 size-full\" src=\"http:\/\/www.prestigemag.co\/wp-content\/uploads\/2019\/05\/Met-Gala-2019.jpg\" alt=\"\" width=\"1000\" height=\"409\" srcset=\"https:\/\/www.prestigemag.co\/wp-content\/uploads\/2019\/05\/Met-Gala-2019.jpg 1000w, https:\/\/www.prestigemag.co\/wp-content\/uploads\/2019\/05\/Met-Gala-2019-300x123.jpg 300w, https:\/\/www.prestigemag.co\/wp-content\/uploads\/2019\/05\/Met-Gala-2019-770x315.jpg 770w, https:\/\/www.prestigemag.co\/wp-content\/uploads\/2019\/05\/Met-Gala-2019-293x120.jpg 293w, https:\/\/www.prestigemag.co\/wp-content\/uploads\/2019\/05\/Met-Gala-2019-390x160.jpg 390w, https:\/\/www.prestigemag.co\/wp-content\/uploads\/2019\/05\/Met-Gala-2019-768x314.jpg 768w, https:\/\/www.prestigemag.co\/wp-content\/uploads\/2019\/05\/Met-Gala-2019-150x61.jpg 150w, https:\/\/www.prestigemag.co\/wp-content\/uploads\/2019\/05\/Met-Gala-2019-600x245.jpg 600w, https:\/\/www.prestigemag.co\/wp-content\/uploads\/2019\/05\/Met-Gala-2019-291x119.jpg 291w, https:\/\/www.prestigemag.co\/wp-content\/uploads\/2019\/05\/Met-Gala-2019-164x67.jpg 164w\" sizes=\"(max-width: 1000px) 100vw, 1000px\" \/><\/noscript><\/a> Cole Sprouse et Lili Reinhart en Salvatore Ferragamo. \u00a9 Salvatore Ferragamo.<\/figcaption><\/figure>\n<p>&nbsp;<\/p>\n<p>Lady Gaga a pr\u00e9sent\u00e9 un spectacle de 10 minutes faisant d\u00e9filer 4 tenues de son ancien styliste Brandon Maxwell.<\/p>\n<p>&nbsp;<\/p>\n<figure id=\"attachment_17189\" aria-describedby=\"caption-attachment-17189\" style=\"width: 750px\" class=\"wp-caption aligncenter\"><a href=\"http:\/\/www.prestigemag.co\/wp-content\/uploads\/2019\/05\/Lady-Gaga.jpg\"><img src=\"data:image\/svg+xml,%3Csvg%20xmlns='http:\/\/www.w3.org\/2000\/svg'%20viewBox='0%200%20750%20498'%3E%3C\/svg%3E\" class=\"zeen-lazy-load-base zeen-lazy-load wp-image-17189\" data-lazy-src=\"http:\/\/www.prestigemag.co\/wp-content\/uploads\/2019\/05\/Lady-Gaga.jpg\" alt=\"\" width=\"750\" height=\"498\" data-lazy-srcset=\"https:\/\/www.prestigemag.co\/wp-content\/uploads\/2019\/05\/Lady-Gaga.jpg 904w, https:\/\/www.prestigemag.co\/wp-content\/uploads\/2019\/05\/Lady-Gaga-300x199.jpg 300w, https:\/\/www.prestigemag.co\/wp-content\/uploads\/2019\/05\/Lady-Gaga-768x511.jpg 768w, https:\/\/www.prestigemag.co\/wp-content\/uploads\/2019\/05\/Lady-Gaga-150x100.jpg 150w, https:\/\/www.prestigemag.co\/wp-content\/uploads\/2019\/05\/Lady-Gaga-564x375.jpg 564w, https:\/\/www.prestigemag.co\/wp-content\/uploads\/2019\/05\/Lady-Gaga-188x125.jpg 188w, https:\/\/www.prestigemag.co\/wp-content\/uploads\/2019\/05\/Lady-Gaga-101x67.jpg 101w\" data-lazy-sizes=\"(max-width: 750px) 100vw, 750px\" \/><figcaption id=\"caption-attachment-17189\" class=\"wp-caption-text\"><noscript><img class=\"wp-image-17189\" src=\"http:\/\/www.prestigemag.co\/wp-content\/uploads\/2019\/05\/Lady-Gaga.jpg\" alt=\"\" width=\"750\" height=\"498\" srcset=\"https:\/\/www.prestigemag.co\/wp-content\/uploads\/2019\/05\/Lady-Gaga.jpg 904w, https:\/\/www.prestigemag.co\/wp-content\/uploads\/2019\/05\/Lady-Gaga-300x199.jpg 300w, https:\/\/www.prestigemag.co\/wp-content\/uploads\/2019\/05\/Lady-Gaga-768x511.jpg 768w, https:\/\/www.prestigemag.co\/wp-content\/uploads\/2019\/05\/Lady-Gaga-150x100.jpg 150w, https:\/\/www.prestigemag.co\/wp-content\/uploads\/2019\/05\/Lady-Gaga-564x375.jpg 564w, https:\/\/www.prestigemag.co\/wp-content\/uploads\/2019\/05\/Lady-Gaga-188x125.jpg 188w, https:\/\/www.prestigemag.co\/wp-content\/uploads\/2019\/05\/Lady-Gaga-101x67.jpg 101w\" sizes=\"(max-width: 750px) 100vw, 750px\" \/><\/noscript><\/a> \u00a9 Instagram \/ Lady Gaga.<\/figcaption><\/figure>\n<p>&nbsp;<\/p>\n<p>Jennifer Lopez d\u00e9bordait de glamour dans une robe somptueuse en perles argent\u00e9es de Versace.<\/p>\n<p>&nbsp;<\/p>\n<figure id=\"attachment_17190\" aria-describedby=\"caption-attachment-17190\" style=\"width: 550px\" class=\"wp-caption aligncenter\"><a href=\"http:\/\/www.prestigemag.co\/wp-content\/uploads\/2019\/05\/Jennifer-Lopez.jpg\"><img src=\"data:image\/svg+xml,%3Csvg%20xmlns='http:\/\/www.w3.org\/2000\/svg'%20viewBox='0%200%20550%20550'%3E%3C\/svg%3E\" class=\"zeen-lazy-load-base zeen-lazy-load wp-image-17190\" data-lazy-src=\"http:\/\/www.prestigemag.co\/wp-content\/uploads\/2019\/05\/Jennifer-Lopez.jpg\" alt=\"\" width=\"550\" height=\"550\" data-lazy-srcset=\"https:\/\/www.prestigemag.co\/wp-content\/uploads\/2019\/05\/Jennifer-Lopez.jpg 737w, https:\/\/www.prestigemag.co\/wp-content\/uploads\/2019\/05\/Jennifer-Lopez-150x150.jpg 150w, https:\/\/www.prestigemag.co\/wp-content\/uploads\/2019\/05\/Jennifer-Lopez-300x300.jpg 300w, https:\/\/www.prestigemag.co\/wp-content\/uploads\/2019\/05\/Jennifer-Lopez-135x135.jpg 135w, https:\/\/www.prestigemag.co\/wp-content\/uploads\/2019\/05\/Jennifer-Lopez-375x375.jpg 375w, https:\/\/www.prestigemag.co\/wp-content\/uploads\/2019\/05\/Jennifer-Lopez-500x500.jpg 500w, https:\/\/www.prestigemag.co\/wp-content\/uploads\/2019\/05\/Jennifer-Lopez-125x125.jpg 125w, https:\/\/www.prestigemag.co\/wp-content\/uploads\/2019\/05\/Jennifer-Lopez-67x67.jpg 67w\" data-lazy-sizes=\"(max-width: 550px) 100vw, 550px\" \/><figcaption id=\"caption-attachment-17190\" class=\"wp-caption-text\"><noscript><img class=\"wp-image-17190\" src=\"http:\/\/www.prestigemag.co\/wp-content\/uploads\/2019\/05\/Jennifer-Lopez.jpg\" alt=\"\" width=\"550\" height=\"550\" srcset=\"https:\/\/www.prestigemag.co\/wp-content\/uploads\/2019\/05\/Jennifer-Lopez.jpg 737w, https:\/\/www.prestigemag.co\/wp-content\/uploads\/2019\/05\/Jennifer-Lopez-150x150.jpg 150w, https:\/\/www.prestigemag.co\/wp-content\/uploads\/2019\/05\/Jennifer-Lopez-300x300.jpg 300w, https:\/\/www.prestigemag.co\/wp-content\/uploads\/2019\/05\/Jennifer-Lopez-135x135.jpg 135w, https:\/\/www.prestigemag.co\/wp-content\/uploads\/2019\/05\/Jennifer-Lopez-375x375.jpg 375w, https:\/\/www.prestigemag.co\/wp-content\/uploads\/2019\/05\/Jennifer-Lopez-500x500.jpg 500w, https:\/\/www.prestigemag.co\/wp-content\/uploads\/2019\/05\/Jennifer-Lopez-125x125.jpg 125w, https:\/\/www.prestigemag.co\/wp-content\/uploads\/2019\/05\/Jennifer-Lopez-67x67.jpg 67w\" sizes=\"(max-width: 550px) 100vw, 550px\" \/><\/noscript><\/a> \u00a9 Instagram\/ Jennifer Lopez.<\/figcaption><\/figure>\n<p>&nbsp;<\/p>\n<p>&nbsp;<\/p>\n<p>Kim Kardashian portait un corset nude par la Maison Mugler.<\/p>\n<p>&nbsp;<\/p>\n<figure id=\"attachment_17191\" aria-describedby=\"caption-attachment-17191\" style=\"width: 450px\" class=\"wp-caption aligncenter\"><a href=\"http:\/\/www.prestigemag.co\/wp-content\/uploads\/2019\/05\/Kim-Kardashian.jpg\"><img src=\"data:image\/svg+xml,%3Csvg%20xmlns='http:\/\/www.w3.org\/2000\/svg'%20viewBox='0%200%20450%20559'%3E%3C\/svg%3E\" class=\"zeen-lazy-load-base zeen-lazy-load wp-image-17191\" data-lazy-src=\"http:\/\/www.prestigemag.co\/wp-content\/uploads\/2019\/05\/Kim-Kardashian.jpg\" alt=\"\" width=\"450\" height=\"559\" data-lazy-srcset=\"https:\/\/www.prestigemag.co\/wp-content\/uploads\/2019\/05\/Kim-Kardashian.jpg 592w, https:\/\/www.prestigemag.co\/wp-content\/uploads\/2019\/05\/Kim-Kardashian-242x300.jpg 242w, https:\/\/www.prestigemag.co\/wp-content\/uploads\/2019\/05\/Kim-Kardashian-121x150.jpg 121w, https:\/\/www.prestigemag.co\/wp-content\/uploads\/2019\/05\/Kim-Kardashian-302x375.jpg 302w, https:\/\/www.prestigemag.co\/wp-content\/uploads\/2019\/05\/Kim-Kardashian-101x125.jpg 101w, https:\/\/www.prestigemag.co\/wp-content\/uploads\/2019\/05\/Kim-Kardashian-54x67.jpg 54w\" data-lazy-sizes=\"(max-width: 450px) 100vw, 450px\" \/><figcaption id=\"caption-attachment-17191\" class=\"wp-caption-text\"><noscript><img class=\"wp-image-17191\" src=\"http:\/\/www.prestigemag.co\/wp-content\/uploads\/2019\/05\/Kim-Kardashian.jpg\" alt=\"\" width=\"450\" height=\"559\" srcset=\"https:\/\/www.prestigemag.co\/wp-content\/uploads\/2019\/05\/Kim-Kardashian.jpg 592w, https:\/\/www.prestigemag.co\/wp-content\/uploads\/2019\/05\/Kim-Kardashian-242x300.jpg 242w, https:\/\/www.prestigemag.co\/wp-content\/uploads\/2019\/05\/Kim-Kardashian-121x150.jpg 121w, https:\/\/www.prestigemag.co\/wp-content\/uploads\/2019\/05\/Kim-Kardashian-302x375.jpg 302w, https:\/\/www.prestigemag.co\/wp-content\/uploads\/2019\/05\/Kim-Kardashian-101x125.jpg 101w, https:\/\/www.prestigemag.co\/wp-content\/uploads\/2019\/05\/Kim-Kardashian-54x67.jpg 54w\" sizes=\"(max-width: 450px) 100vw, 450px\" \/><\/noscript><\/a> \u00a9 Instagram\/ Kim Kardashian.<\/figcaption><\/figure>\n<p>&nbsp;<\/p>\n<p>C\u00e9line Dion portait une robe sur mesure Oscar de La Renta au Met Gala 2019, inspir\u00e9e par les somptueux costumes des Folies Ziegfeld.<\/p>\n<p>&nbsp;<\/p>\n<p>&nbsp;<\/p>\n<figure id=\"attachment_17193\" aria-describedby=\"caption-attachment-17193\" style=\"width: 449px\" class=\"wp-caption aligncenter\"><a href=\"http:\/\/www.prestigemag.co\/wp-content\/uploads\/2019\/05\/Celine-Dion-MET-in-Oscar-de-la-Renta.jpg\"><img src=\"data:image\/svg+xml,%3Csvg%20xmlns='http:\/\/www.w3.org\/2000\/svg'%20viewBox='0%200%20449%20674'%3E%3C\/svg%3E\" class=\"zeen-lazy-load-base zeen-lazy-load wp-image-17193\" data-lazy-src=\"http:\/\/www.prestigemag.co\/wp-content\/uploads\/2019\/05\/Celine-Dion-MET-in-Oscar-de-la-Renta.jpg\" alt=\"\" width=\"449\" height=\"674\" data-lazy-srcset=\"https:\/\/www.prestigemag.co\/wp-content\/uploads\/2019\/05\/Celine-Dion-MET-in-Oscar-de-la-Renta.jpg 630w, https:\/\/www.prestigemag.co\/wp-content\/uploads\/2019\/05\/Celine-Dion-MET-in-Oscar-de-la-Renta-200x300.jpg 200w, https:\/\/www.prestigemag.co\/wp-content\/uploads\/2019\/05\/Celine-Dion-MET-in-Oscar-de-la-Renta-100x150.jpg 100w, https:\/\/www.prestigemag.co\/wp-content\/uploads\/2019\/05\/Celine-Dion-MET-in-Oscar-de-la-Renta-250x375.jpg 250w, https:\/\/www.prestigemag.co\/wp-content\/uploads\/2019\/05\/Celine-Dion-MET-in-Oscar-de-la-Renta-83x125.jpg 83w, https:\/\/www.prestigemag.co\/wp-content\/uploads\/2019\/05\/Celine-Dion-MET-in-Oscar-de-la-Renta-45x67.jpg 45w\" data-lazy-sizes=\"(max-width: 449px) 100vw, 449px\" \/><figcaption id=\"caption-attachment-17193\" class=\"wp-caption-text\"><noscript><img class=\"wp-image-17193\" src=\"http:\/\/www.prestigemag.co\/wp-content\/uploads\/2019\/05\/Celine-Dion-MET-in-Oscar-de-la-Renta.jpg\" alt=\"\" width=\"449\" height=\"674\" srcset=\"https:\/\/www.prestigemag.co\/wp-content\/uploads\/2019\/05\/Celine-Dion-MET-in-Oscar-de-la-Renta.jpg 630w, https:\/\/www.prestigemag.co\/wp-content\/uploads\/2019\/05\/Celine-Dion-MET-in-Oscar-de-la-Renta-200x300.jpg 200w, https:\/\/www.prestigemag.co\/wp-content\/uploads\/2019\/05\/Celine-Dion-MET-in-Oscar-de-la-Renta-100x150.jpg 100w, https:\/\/www.prestigemag.co\/wp-content\/uploads\/2019\/05\/Celine-Dion-MET-in-Oscar-de-la-Renta-250x375.jpg 250w, https:\/\/www.prestigemag.co\/wp-content\/uploads\/2019\/05\/Celine-Dion-MET-in-Oscar-de-la-Renta-83x125.jpg 83w, https:\/\/www.prestigemag.co\/wp-content\/uploads\/2019\/05\/Celine-Dion-MET-in-Oscar-de-la-Renta-45x67.jpg 45w\" sizes=\"(max-width: 449px) 100vw, 449px\" \/><\/noscript><\/a> \u00a9 Oscar de la Renta.<\/figcaption><\/figure>\n<p>&nbsp;<\/p>\n<p>&nbsp;<\/p>\n<p>Kris Jenner portait un jumpsuit Tommy Hilfiger en soie et Thalia portait une robe Tommy Hilfiger en satin.<\/p>\n<p>&nbsp;<\/p>\n<figure id=\"attachment_17195\" aria-describedby=\"caption-attachment-17195\" style=\"width: 450px\" class=\"wp-caption aligncenter\"><a href=\"http:\/\/www.prestigemag.co\/wp-content\/uploads\/2019\/05\/KrisJenner_CoreyGamble_TommyHilfiger_050619.jpg\"><img src=\"data:image\/svg+xml,%3Csvg%20xmlns='http:\/\/www.w3.org\/2000\/svg'%20viewBox='0%200%20450%20643'%3E%3C\/svg%3E\" class=\"zeen-lazy-load-base zeen-lazy-load wp-image-17195\" data-lazy-src=\"http:\/\/www.prestigemag.co\/wp-content\/uploads\/2019\/05\/KrisJenner_CoreyGamble_TommyHilfiger_050619-717x1024.jpg\" alt=\"\" width=\"450\" height=\"643\" data-lazy-srcset=\"https:\/\/www.prestigemag.co\/wp-content\/uploads\/2019\/05\/KrisJenner_CoreyGamble_TommyHilfiger_050619-717x1024.jpg 717w, https:\/\/www.prestigemag.co\/wp-content\/uploads\/2019\/05\/KrisJenner_CoreyGamble_TommyHilfiger_050619-210x300.jpg 210w, https:\/\/www.prestigemag.co\/wp-content\/uploads\/2019\/05\/KrisJenner_CoreyGamble_TommyHilfiger_050619-768x1097.jpg 768w, https:\/\/www.prestigemag.co\/wp-content\/uploads\/2019\/05\/KrisJenner_CoreyGamble_TommyHilfiger_050619-105x150.jpg 105w, https:\/\/www.prestigemag.co\/wp-content\/uploads\/2019\/05\/KrisJenner_CoreyGamble_TommyHilfiger_050619-263x375.jpg 263w, https:\/\/www.prestigemag.co\/wp-content\/uploads\/2019\/05\/KrisJenner_CoreyGamble_TommyHilfiger_050619-88x125.jpg 88w, https:\/\/www.prestigemag.co\/wp-content\/uploads\/2019\/05\/KrisJenner_CoreyGamble_TommyHilfiger_050619-47x67.jpg 47w, https:\/\/www.prestigemag.co\/wp-content\/uploads\/2019\/05\/KrisJenner_CoreyGamble_TommyHilfiger_050619-1320x1885.jpg 1320w\" data-lazy-sizes=\"(max-width: 450px) 100vw, 450px\" \/><figcaption id=\"caption-attachment-17195\" class=\"wp-caption-text\"><noscript><img class=\"wp-image-17195\" src=\"http:\/\/www.prestigemag.co\/wp-content\/uploads\/2019\/05\/KrisJenner_CoreyGamble_TommyHilfiger_050619-717x1024.jpg\" alt=\"\" width=\"450\" height=\"643\" srcset=\"https:\/\/www.prestigemag.co\/wp-content\/uploads\/2019\/05\/KrisJenner_CoreyGamble_TommyHilfiger_050619-717x1024.jpg 717w, https:\/\/www.prestigemag.co\/wp-content\/uploads\/2019\/05\/KrisJenner_CoreyGamble_TommyHilfiger_050619-210x300.jpg 210w, https:\/\/www.prestigemag.co\/wp-content\/uploads\/2019\/05\/KrisJenner_CoreyGamble_TommyHilfiger_050619-768x1097.jpg 768w, https:\/\/www.prestigemag.co\/wp-content\/uploads\/2019\/05\/KrisJenner_CoreyGamble_TommyHilfiger_050619-105x150.jpg 105w, https:\/\/www.prestigemag.co\/wp-content\/uploads\/2019\/05\/KrisJenner_CoreyGamble_TommyHilfiger_050619-263x375.jpg 263w, https:\/\/www.prestigemag.co\/wp-content\/uploads\/2019\/05\/KrisJenner_CoreyGamble_TommyHilfiger_050619-88x125.jpg 88w, https:\/\/www.prestigemag.co\/wp-content\/uploads\/2019\/05\/KrisJenner_CoreyGamble_TommyHilfiger_050619-47x67.jpg 47w, https:\/\/www.prestigemag.co\/wp-content\/uploads\/2019\/05\/KrisJenner_CoreyGamble_TommyHilfiger_050619-1320x1885.jpg 1320w\" sizes=\"(max-width: 450px) 100vw, 450px\" \/><\/noscript><\/a> Kris Jenner \u00a9 Tommy Hilfiger.<\/figcaption><\/figure>\n<p>&nbsp;<\/p>\n<p>&nbsp;<\/p>\n<figure id=\"attachment_17196\" aria-describedby=\"caption-attachment-17196\" style=\"width: 451px\" class=\"wp-caption aligncenter\"><a href=\"http:\/\/www.prestigemag.co\/wp-content\/uploads\/2019\/05\/ThaliaMottola_TommyHilfiger_050619.jpg\"><img src=\"data:image\/svg+xml,%3Csvg%20xmlns='http:\/\/www.w3.org\/2000\/svg'%20viewBox='0%200%20451%20676'%3E%3C\/svg%3E\" class=\"zeen-lazy-load-base zeen-lazy-load wp-image-17196\" data-lazy-src=\"http:\/\/www.prestigemag.co\/wp-content\/uploads\/2019\/05\/ThaliaMottola_TommyHilfiger_050619-683x1024.jpg\" alt=\"\" width=\"451\" height=\"676\" data-lazy-srcset=\"https:\/\/www.prestigemag.co\/wp-content\/uploads\/2019\/05\/ThaliaMottola_TommyHilfiger_050619-683x1024.jpg 683w, https:\/\/www.prestigemag.co\/wp-content\/uploads\/2019\/05\/ThaliaMottola_TommyHilfiger_050619-200x300.jpg 200w, https:\/\/www.prestigemag.co\/wp-content\/uploads\/2019\/05\/ThaliaMottola_TommyHilfiger_050619-768x1152.jpg 768w, https:\/\/www.prestigemag.co\/wp-content\/uploads\/2019\/05\/ThaliaMottola_TommyHilfiger_050619-100x150.jpg 100w, https:\/\/www.prestigemag.co\/wp-content\/uploads\/2019\/05\/ThaliaMottola_TommyHilfiger_050619-250x375.jpg 250w, https:\/\/www.prestigemag.co\/wp-content\/uploads\/2019\/05\/ThaliaMottola_TommyHilfiger_050619-83x125.jpg 83w, https:\/\/www.prestigemag.co\/wp-content\/uploads\/2019\/05\/ThaliaMottola_TommyHilfiger_050619-45x67.jpg 45w, https:\/\/www.prestigemag.co\/wp-content\/uploads\/2019\/05\/ThaliaMottola_TommyHilfiger_050619-1320x1980.jpg 1320w\" data-lazy-sizes=\"(max-width: 451px) 100vw, 451px\" \/><figcaption id=\"caption-attachment-17196\" class=\"wp-caption-text\"><noscript><img class=\"wp-image-17196\" src=\"http:\/\/www.prestigemag.co\/wp-content\/uploads\/2019\/05\/ThaliaMottola_TommyHilfiger_050619-683x1024.jpg\" alt=\"\" width=\"451\" height=\"676\" srcset=\"https:\/\/www.prestigemag.co\/wp-content\/uploads\/2019\/05\/ThaliaMottola_TommyHilfiger_050619-683x1024.jpg 683w, https:\/\/www.prestigemag.co\/wp-content\/uploads\/2019\/05\/ThaliaMottola_TommyHilfiger_050619-200x300.jpg 200w, https:\/\/www.prestigemag.co\/wp-content\/uploads\/2019\/05\/ThaliaMottola_TommyHilfiger_050619-768x1152.jpg 768w, https:\/\/www.prestigemag.co\/wp-content\/uploads\/2019\/05\/ThaliaMottola_TommyHilfiger_050619-100x150.jpg 100w, https:\/\/www.prestigemag.co\/wp-content\/uploads\/2019\/05\/ThaliaMottola_TommyHilfiger_050619-250x375.jpg 250w, https:\/\/www.prestigemag.co\/wp-content\/uploads\/2019\/05\/ThaliaMottola_TommyHilfiger_050619-83x125.jpg 83w, https:\/\/www.prestigemag.co\/wp-content\/uploads\/2019\/05\/ThaliaMottola_TommyHilfiger_050619-45x67.jpg 45w, https:\/\/www.prestigemag.co\/wp-content\/uploads\/2019\/05\/ThaliaMottola_TommyHilfiger_050619-1320x1980.jpg 1320w\" sizes=\"(max-width: 451px) 100vw, 451px\" \/><\/noscript><\/a> Thalia \u00a9 Tommy Hilfiger.<\/figcaption><\/figure>\n<p>&nbsp;<\/p>\n<p>&nbsp;<\/p>\n<p>Les actrices Joanne Collins et Julianne Moore portaient des robes Haute Couture Valentino.<\/p>\n<p>&nbsp;<\/p>\n<figure id=\"attachment_17199\" aria-describedby=\"caption-attachment-17199\" style=\"width: 454px\" class=\"wp-caption aligncenter\"><a href=\"http:\/\/www.prestigemag.co\/wp-content\/uploads\/2019\/05\/Joan-Collins.jpg\"><img src=\"data:image\/svg+xml,%3Csvg%20xmlns='http:\/\/www.w3.org\/2000\/svg'%20viewBox='0%200%20454%20681'%3E%3C\/svg%3E\" class=\"zeen-lazy-load-base zeen-lazy-load wp-image-17199\" data-lazy-src=\"http:\/\/www.prestigemag.co\/wp-content\/uploads\/2019\/05\/Joan-Collins.jpg\" alt=\"\" width=\"454\" height=\"681\" data-lazy-srcset=\"https:\/\/www.prestigemag.co\/wp-content\/uploads\/2019\/05\/Joan-Collins.jpg 630w, https:\/\/www.prestigemag.co\/wp-content\/uploads\/2019\/05\/Joan-Collins-200x300.jpg 200w, https:\/\/www.prestigemag.co\/wp-content\/uploads\/2019\/05\/Joan-Collins-100x150.jpg 100w, https:\/\/www.prestigemag.co\/wp-content\/uploads\/2019\/05\/Joan-Collins-250x375.jpg 250w, https:\/\/www.prestigemag.co\/wp-content\/uploads\/2019\/05\/Joan-Collins-83x125.jpg 83w, https:\/\/www.prestigemag.co\/wp-content\/uploads\/2019\/05\/Joan-Collins-45x67.jpg 45w\" data-lazy-sizes=\"(max-width: 454px) 100vw, 454px\" \/><figcaption id=\"caption-attachment-17199\" class=\"wp-caption-text\"><noscript><img class=\"wp-image-17199\" src=\"http:\/\/www.prestigemag.co\/wp-content\/uploads\/2019\/05\/Joan-Collins.jpg\" alt=\"\" width=\"454\" height=\"681\" srcset=\"https:\/\/www.prestigemag.co\/wp-content\/uploads\/2019\/05\/Joan-Collins.jpg 630w, https:\/\/www.prestigemag.co\/wp-content\/uploads\/2019\/05\/Joan-Collins-200x300.jpg 200w, https:\/\/www.prestigemag.co\/wp-content\/uploads\/2019\/05\/Joan-Collins-100x150.jpg 100w, https:\/\/www.prestigemag.co\/wp-content\/uploads\/2019\/05\/Joan-Collins-250x375.jpg 250w, https:\/\/www.prestigemag.co\/wp-content\/uploads\/2019\/05\/Joan-Collins-83x125.jpg 83w, https:\/\/www.prestigemag.co\/wp-content\/uploads\/2019\/05\/Joan-Collins-45x67.jpg 45w\" sizes=\"(max-width: 454px) 100vw, 454px\" \/><\/noscript><\/a> Joanne Collins \u00a9 Valentino.<\/figcaption><\/figure>\n<p>&nbsp;<\/p>\n<p>&nbsp;<\/p>\n<figure id=\"attachment_17200\" aria-describedby=\"caption-attachment-17200\" style=\"width: 436px\" class=\"wp-caption aligncenter\"><a href=\"http:\/\/www.prestigemag.co\/wp-content\/uploads\/2019\/05\/Julianne-Moore.jpg\"><img src=\"data:image\/svg+xml,%3Csvg%20xmlns='http:\/\/www.w3.org\/2000\/svg'%20viewBox='0%200%20436%20656'%3E%3C\/svg%3E\" class=\"zeen-lazy-load-base zeen-lazy-load wp-image-17200\" data-lazy-src=\"http:\/\/www.prestigemag.co\/wp-content\/uploads\/2019\/05\/Julianne-Moore.jpg\" alt=\"\" width=\"436\" height=\"656\" data-lazy-srcset=\"https:\/\/www.prestigemag.co\/wp-content\/uploads\/2019\/05\/Julianne-Moore.jpg 419w, https:\/\/www.prestigemag.co\/wp-content\/uploads\/2019\/05\/Julianne-Moore-200x300.jpg 200w, https:\/\/www.prestigemag.co\/wp-content\/uploads\/2019\/05\/Julianne-Moore-100x150.jpg 100w, https:\/\/www.prestigemag.co\/wp-content\/uploads\/2019\/05\/Julianne-Moore-249x375.jpg 249w, https:\/\/www.prestigemag.co\/wp-content\/uploads\/2019\/05\/Julianne-Moore-83x125.jpg 83w, https:\/\/www.prestigemag.co\/wp-content\/uploads\/2019\/05\/Julianne-Moore-45x67.jpg 45w\" data-lazy-sizes=\"(max-width: 436px) 100vw, 436px\" \/><figcaption id=\"caption-attachment-17200\" class=\"wp-caption-text\"><noscript><img class=\"wp-image-17200\" src=\"http:\/\/www.prestigemag.co\/wp-content\/uploads\/2019\/05\/Julianne-Moore.jpg\" alt=\"\" width=\"436\" height=\"656\" srcset=\"https:\/\/www.prestigemag.co\/wp-content\/uploads\/2019\/05\/Julianne-Moore.jpg 419w, https:\/\/www.prestigemag.co\/wp-content\/uploads\/2019\/05\/Julianne-Moore-200x300.jpg 200w, https:\/\/www.prestigemag.co\/wp-content\/uploads\/2019\/05\/Julianne-Moore-100x150.jpg 100w, https:\/\/www.prestigemag.co\/wp-content\/uploads\/2019\/05\/Julianne-Moore-249x375.jpg 249w, https:\/\/www.prestigemag.co\/wp-content\/uploads\/2019\/05\/Julianne-Moore-83x125.jpg 83w, https:\/\/www.prestigemag.co\/wp-content\/uploads\/2019\/05\/Julianne-Moore-45x67.jpg 45w\" sizes=\"(max-width: 436px) 100vw, 436px\" \/><\/noscript><\/a> Julianne Moore \u00a9 Valentino.<\/figcaption><\/figure>\n<p>&nbsp;<\/p>\n<p>&nbsp;<\/p>\n<p>Amber Valletta et Charlotte Gainsbourg portaient Saint Laurent par Anthony Vaccarello.<\/p>\n<p>&nbsp;<\/p>\n<p>&nbsp;<\/p>\n<figure id=\"attachment_17202\" aria-describedby=\"caption-attachment-17202\" style=\"width: 401px\" class=\"wp-caption aligncenter\"><a href=\"http:\/\/www.prestigemag.co\/wp-content\/uploads\/2019\/05\/Amber-Valletta-in-Saint-Laurent-by-Anthony-Vaccarello-3-Met-Gala-2019.jpg\"><img src=\"data:image\/svg+xml,%3Csvg%20xmlns='http:\/\/www.w3.org\/2000\/svg'%20viewBox='0%200%20401%20602'%3E%3C\/svg%3E\" class=\"zeen-lazy-load-base zeen-lazy-load wp-image-17202\" data-lazy-src=\"http:\/\/www.prestigemag.co\/wp-content\/uploads\/2019\/05\/Amber-Valletta-in-Saint-Laurent-by-Anthony-Vaccarello-3-Met-Gala-2019.jpg\" alt=\"\" width=\"401\" height=\"602\" data-lazy-srcset=\"https:\/\/www.prestigemag.co\/wp-content\/uploads\/2019\/05\/Amber-Valletta-in-Saint-Laurent-by-Anthony-Vaccarello-3-Met-Gala-2019.jpg 630w, https:\/\/www.prestigemag.co\/wp-content\/uploads\/2019\/05\/Amber-Valletta-in-Saint-Laurent-by-Anthony-Vaccarello-3-Met-Gala-2019-200x300.jpg 200w, https:\/\/www.prestigemag.co\/wp-content\/uploads\/2019\/05\/Amber-Valletta-in-Saint-Laurent-by-Anthony-Vaccarello-3-Met-Gala-2019-100x150.jpg 100w, https:\/\/www.prestigemag.co\/wp-content\/uploads\/2019\/05\/Amber-Valletta-in-Saint-Laurent-by-Anthony-Vaccarello-3-Met-Gala-2019-250x375.jpg 250w, https:\/\/www.prestigemag.co\/wp-content\/uploads\/2019\/05\/Amber-Valletta-in-Saint-Laurent-by-Anthony-Vaccarello-3-Met-Gala-2019-83x125.jpg 83w, https:\/\/www.prestigemag.co\/wp-content\/uploads\/2019\/05\/Amber-Valletta-in-Saint-Laurent-by-Anthony-Vaccarello-3-Met-Gala-2019-45x67.jpg 45w\" data-lazy-sizes=\"(max-width: 401px) 100vw, 401px\" \/><figcaption id=\"caption-attachment-17202\" class=\"wp-caption-text\"><noscript><img class=\"wp-image-17202\" src=\"http:\/\/www.prestigemag.co\/wp-content\/uploads\/2019\/05\/Amber-Valletta-in-Saint-Laurent-by-Anthony-Vaccarello-3-Met-Gala-2019.jpg\" alt=\"\" width=\"401\" height=\"602\" srcset=\"https:\/\/www.prestigemag.co\/wp-content\/uploads\/2019\/05\/Amber-Valletta-in-Saint-Laurent-by-Anthony-Vaccarello-3-Met-Gala-2019.jpg 630w, https:\/\/www.prestigemag.co\/wp-content\/uploads\/2019\/05\/Amber-Valletta-in-Saint-Laurent-by-Anthony-Vaccarello-3-Met-Gala-2019-200x300.jpg 200w, https:\/\/www.prestigemag.co\/wp-content\/uploads\/2019\/05\/Amber-Valletta-in-Saint-Laurent-by-Anthony-Vaccarello-3-Met-Gala-2019-100x150.jpg 100w, https:\/\/www.prestigemag.co\/wp-content\/uploads\/2019\/05\/Amber-Valletta-in-Saint-Laurent-by-Anthony-Vaccarello-3-Met-Gala-2019-250x375.jpg 250w, https:\/\/www.prestigemag.co\/wp-content\/uploads\/2019\/05\/Amber-Valletta-in-Saint-Laurent-by-Anthony-Vaccarello-3-Met-Gala-2019-83x125.jpg 83w, https:\/\/www.prestigemag.co\/wp-content\/uploads\/2019\/05\/Amber-Valletta-in-Saint-Laurent-by-Anthony-Vaccarello-3-Met-Gala-2019-45x67.jpg 45w\" sizes=\"(max-width: 401px) 100vw, 401px\" \/><\/noscript><\/a> Amber Valletta \u00a9 Saint Laurent.<\/figcaption><\/figure>\n<p>&nbsp;<\/p>\n<p>&nbsp;<\/p>\n<figure id=\"attachment_17203\" aria-describedby=\"caption-attachment-17203\" style=\"width: 400px\" class=\"wp-caption aligncenter\"><a href=\"http:\/\/www.prestigemag.co\/wp-content\/uploads\/2019\/05\/Charlotte-Gainsbourg-Rami-Malek-in-Saint-Laurent-by-Anthony-Vaccarello-Met-Gala-2019.jpg\"><img src=\"data:image\/svg+xml,%3Csvg%20xmlns='http:\/\/www.w3.org\/2000\/svg'%20viewBox='0%200%20400%20568'%3E%3C\/svg%3E\" class=\"zeen-lazy-load-base zeen-lazy-load wp-image-17203\" data-lazy-src=\"http:\/\/www.prestigemag.co\/wp-content\/uploads\/2019\/05\/Charlotte-Gainsbourg-Rami-Malek-in-Saint-Laurent-by-Anthony-Vaccarello-Met-Gala-2019.jpg\" alt=\"\" width=\"400\" height=\"568\" data-lazy-srcset=\"https:\/\/www.prestigemag.co\/wp-content\/uploads\/2019\/05\/Charlotte-Gainsbourg-Rami-Malek-in-Saint-Laurent-by-Anthony-Vaccarello-Met-Gala-2019.jpg 630w, https:\/\/www.prestigemag.co\/wp-content\/uploads\/2019\/05\/Charlotte-Gainsbourg-Rami-Malek-in-Saint-Laurent-by-Anthony-Vaccarello-Met-Gala-2019-211x300.jpg 211w, https:\/\/www.prestigemag.co\/wp-content\/uploads\/2019\/05\/Charlotte-Gainsbourg-Rami-Malek-in-Saint-Laurent-by-Anthony-Vaccarello-Met-Gala-2019-106x150.jpg 106w, https:\/\/www.prestigemag.co\/wp-content\/uploads\/2019\/05\/Charlotte-Gainsbourg-Rami-Malek-in-Saint-Laurent-by-Anthony-Vaccarello-Met-Gala-2019-264x375.jpg 264w, https:\/\/www.prestigemag.co\/wp-content\/uploads\/2019\/05\/Charlotte-Gainsbourg-Rami-Malek-in-Saint-Laurent-by-Anthony-Vaccarello-Met-Gala-2019-88x125.jpg 88w, https:\/\/www.prestigemag.co\/wp-content\/uploads\/2019\/05\/Charlotte-Gainsbourg-Rami-Malek-in-Saint-Laurent-by-Anthony-Vaccarello-Met-Gala-2019-47x67.jpg 47w\" data-lazy-sizes=\"(max-width: 400px) 100vw, 400px\" \/><figcaption id=\"caption-attachment-17203\" class=\"wp-caption-text\"><noscript><img class=\"wp-image-17203\" src=\"http:\/\/www.prestigemag.co\/wp-content\/uploads\/2019\/05\/Charlotte-Gainsbourg-Rami-Malek-in-Saint-Laurent-by-Anthony-Vaccarello-Met-Gala-2019.jpg\" alt=\"\" width=\"400\" height=\"568\" srcset=\"https:\/\/www.prestigemag.co\/wp-content\/uploads\/2019\/05\/Charlotte-Gainsbourg-Rami-Malek-in-Saint-Laurent-by-Anthony-Vaccarello-Met-Gala-2019.jpg 630w, https:\/\/www.prestigemag.co\/wp-content\/uploads\/2019\/05\/Charlotte-Gainsbourg-Rami-Malek-in-Saint-Laurent-by-Anthony-Vaccarello-Met-Gala-2019-211x300.jpg 211w, https:\/\/www.prestigemag.co\/wp-content\/uploads\/2019\/05\/Charlotte-Gainsbourg-Rami-Malek-in-Saint-Laurent-by-Anthony-Vaccarello-Met-Gala-2019-106x150.jpg 106w, https:\/\/www.prestigemag.co\/wp-content\/uploads\/2019\/05\/Charlotte-Gainsbourg-Rami-Malek-in-Saint-Laurent-by-Anthony-Vaccarello-Met-Gala-2019-264x375.jpg 264w, https:\/\/www.prestigemag.co\/wp-content\/uploads\/2019\/05\/Charlotte-Gainsbourg-Rami-Malek-in-Saint-Laurent-by-Anthony-Vaccarello-Met-Gala-2019-88x125.jpg 88w, https:\/\/www.prestigemag.co\/wp-content\/uploads\/2019\/05\/Charlotte-Gainsbourg-Rami-Malek-in-Saint-Laurent-by-Anthony-Vaccarello-Met-Gala-2019-47x67.jpg 47w\" sizes=\"(max-width: 400px) 100vw, 400px\" \/><\/noscript><\/a> Charlotte Gainsbourg et Rami Malek au Met Gala 2019 en Saint Laurent.<\/figcaption><\/figure>\n<p>&nbsp;<\/p>\n<p>&nbsp;<\/p>\n<p>Sienna Miller et Emily Blunt assistent au Met Gala en bijoux Messika.<\/p>\n<p>&nbsp;<\/p>\n<figure id=\"attachment_17204\" aria-describedby=\"caption-attachment-17204\" style=\"width: 594px\" class=\"wp-caption aligncenter\"><a href=\"http:\/\/www.prestigemag.co\/wp-content\/uploads\/2019\/05\/Sienna-Miller-and-Emily-Blunt_Met-Gala-2019.jpg\"><img src=\"data:image\/svg+xml,%3Csvg%20xmlns='http:\/\/www.w3.org\/2000\/svg'%20viewBox='0%200%20594%20395'%3E%3C\/svg%3E\" class=\"zeen-lazy-load-base zeen-lazy-load wp-image-17204 size-full\" data-lazy-src=\"http:\/\/www.prestigemag.co\/wp-content\/uploads\/2019\/05\/Sienna-Miller-and-Emily-Blunt_Met-Gala-2019.jpg\" alt=\"\" width=\"594\" height=\"395\" data-lazy-srcset=\"https:\/\/www.prestigemag.co\/wp-content\/uploads\/2019\/05\/Sienna-Miller-and-Emily-Blunt_Met-Gala-2019.jpg 594w, https:\/\/www.prestigemag.co\/wp-content\/uploads\/2019\/05\/Sienna-Miller-and-Emily-Blunt_Met-Gala-2019-300x199.jpg 300w, https:\/\/www.prestigemag.co\/wp-content\/uploads\/2019\/05\/Sienna-Miller-and-Emily-Blunt_Met-Gala-2019-150x100.jpg 150w, https:\/\/www.prestigemag.co\/wp-content\/uploads\/2019\/05\/Sienna-Miller-and-Emily-Blunt_Met-Gala-2019-564x375.jpg 564w, https:\/\/www.prestigemag.co\/wp-content\/uploads\/2019\/05\/Sienna-Miller-and-Emily-Blunt_Met-Gala-2019-188x125.jpg 188w, https:\/\/www.prestigemag.co\/wp-content\/uploads\/2019\/05\/Sienna-Miller-and-Emily-Blunt_Met-Gala-2019-101x67.jpg 101w\" data-lazy-sizes=\"(max-width: 594px) 100vw, 594px\" \/><figcaption id=\"caption-attachment-17204\" class=\"wp-caption-text\"><noscript><img class=\"wp-image-17204 size-full\" src=\"http:\/\/www.prestigemag.co\/wp-content\/uploads\/2019\/05\/Sienna-Miller-and-Emily-Blunt_Met-Gala-2019.jpg\" alt=\"\" width=\"594\" height=\"395\" srcset=\"https:\/\/www.prestigemag.co\/wp-content\/uploads\/2019\/05\/Sienna-Miller-and-Emily-Blunt_Met-Gala-2019.jpg 594w, https:\/\/www.prestigemag.co\/wp-content\/uploads\/2019\/05\/Sienna-Miller-and-Emily-Blunt_Met-Gala-2019-300x199.jpg 300w, https:\/\/www.prestigemag.co\/wp-content\/uploads\/2019\/05\/Sienna-Miller-and-Emily-Blunt_Met-Gala-2019-150x100.jpg 150w, https:\/\/www.prestigemag.co\/wp-content\/uploads\/2019\/05\/Sienna-Miller-and-Emily-Blunt_Met-Gala-2019-564x375.jpg 564w, https:\/\/www.prestigemag.co\/wp-content\/uploads\/2019\/05\/Sienna-Miller-and-Emily-Blunt_Met-Gala-2019-188x125.jpg 188w, https:\/\/www.prestigemag.co\/wp-content\/uploads\/2019\/05\/Sienna-Miller-and-Emily-Blunt_Met-Gala-2019-101x67.jpg 101w\" sizes=\"(max-width: 594px) 100vw, 594px\" \/><\/noscript><\/a> \u00a9 Messika.<\/figcaption><\/figure>\n<p>&nbsp;<\/p>\n<p>&nbsp;<\/p>\n<p>Tom Brady portait une montre Portugieser Perpetual Calendar \u00e9dition\u00a0\u00ab150 ans\u00bb.<\/p>\n<p>&nbsp;<\/p>\n<p>&nbsp;<\/p>\n<figure id=\"attachment_17205\" aria-describedby=\"caption-attachment-17205\" style=\"width: 451px\" class=\"wp-caption aligncenter\"><a href=\"http:\/\/www.prestigemag.co\/wp-content\/uploads\/2019\/05\/IWC_Tom-Brady_2019-MET-Gala.jpg\"><img src=\"data:image\/svg+xml,%3Csvg%20xmlns='http:\/\/www.w3.org\/2000\/svg'%20viewBox='0%200%20451%20614'%3E%3C\/svg%3E\" class=\"zeen-lazy-load-base zeen-lazy-load wp-image-17205\" data-lazy-src=\"http:\/\/www.prestigemag.co\/wp-content\/uploads\/2019\/05\/IWC_Tom-Brady_2019-MET-Gala-752x1024.jpg\" alt=\"\" width=\"451\" height=\"614\" data-lazy-srcset=\"https:\/\/www.prestigemag.co\/wp-content\/uploads\/2019\/05\/IWC_Tom-Brady_2019-MET-Gala-752x1024.jpg 752w, https:\/\/www.prestigemag.co\/wp-content\/uploads\/2019\/05\/IWC_Tom-Brady_2019-MET-Gala-220x300.jpg 220w, https:\/\/www.prestigemag.co\/wp-content\/uploads\/2019\/05\/IWC_Tom-Brady_2019-MET-Gala-768x1046.jpg 768w, https:\/\/www.prestigemag.co\/wp-content\/uploads\/2019\/05\/IWC_Tom-Brady_2019-MET-Gala-110x150.jpg 110w, https:\/\/www.prestigemag.co\/wp-content\/uploads\/2019\/05\/IWC_Tom-Brady_2019-MET-Gala-275x375.jpg 275w, https:\/\/www.prestigemag.co\/wp-content\/uploads\/2019\/05\/IWC_Tom-Brady_2019-MET-Gala-92x125.jpg 92w, https:\/\/www.prestigemag.co\/wp-content\/uploads\/2019\/05\/IWC_Tom-Brady_2019-MET-Gala-49x67.jpg 49w, https:\/\/www.prestigemag.co\/wp-content\/uploads\/2019\/05\/IWC_Tom-Brady_2019-MET-Gala-1320x1798.jpg 1320w\" data-lazy-sizes=\"(max-width: 451px) 100vw, 451px\" \/><figcaption id=\"caption-attachment-17205\" class=\"wp-caption-text\"><noscript><img class=\"wp-image-17205\" src=\"http:\/\/www.prestigemag.co\/wp-content\/uploads\/2019\/05\/IWC_Tom-Brady_2019-MET-Gala-752x1024.jpg\" alt=\"\" width=\"451\" height=\"614\" srcset=\"https:\/\/www.prestigemag.co\/wp-content\/uploads\/2019\/05\/IWC_Tom-Brady_2019-MET-Gala-752x1024.jpg 752w, https:\/\/www.prestigemag.co\/wp-content\/uploads\/2019\/05\/IWC_Tom-Brady_2019-MET-Gala-220x300.jpg 220w, https:\/\/www.prestigemag.co\/wp-content\/uploads\/2019\/05\/IWC_Tom-Brady_2019-MET-Gala-768x1046.jpg 768w, https:\/\/www.prestigemag.co\/wp-content\/uploads\/2019\/05\/IWC_Tom-Brady_2019-MET-Gala-110x150.jpg 110w, https:\/\/www.prestigemag.co\/wp-content\/uploads\/2019\/05\/IWC_Tom-Brady_2019-MET-Gala-275x375.jpg 275w, https:\/\/www.prestigemag.co\/wp-content\/uploads\/2019\/05\/IWC_Tom-Brady_2019-MET-Gala-92x125.jpg 92w, https:\/\/www.prestigemag.co\/wp-content\/uploads\/2019\/05\/IWC_Tom-Brady_2019-MET-Gala-49x67.jpg 49w, https:\/\/www.prestigemag.co\/wp-content\/uploads\/2019\/05\/IWC_Tom-Brady_2019-MET-Gala-1320x1798.jpg 1320w\" sizes=\"(max-width: 451px) 100vw, 451px\" \/><\/noscript><\/a> \u00a9 IWC.<\/figcaption><\/figure>\n<p>&nbsp;<\/p>\n<p>&nbsp;<\/p>\n<p>Gal Gadot et Maria Sharapova en Givenchy Haute Couture.<\/p>\n<p>&nbsp;<\/p>\n<p>&nbsp;<\/p>\n<figure id=\"attachment_17207\" aria-describedby=\"caption-attachment-17207\" style=\"width: 365px\" class=\"wp-caption aligncenter\"><a href=\"http:\/\/www.prestigemag.co\/wp-content\/uploads\/2019\/05\/Gal-Gadot-in-Givenchy-Haute-Couture-2-high-res.png\"><img src=\"data:image\/svg+xml,%3Csvg%20xmlns='http:\/\/www.w3.org\/2000\/svg'%20viewBox='0%200%20365%20488'%3E%3C\/svg%3E\" class=\"zeen-lazy-load-base zeen-lazy-load wp-image-17207 size-full\" data-lazy-src=\"http:\/\/www.prestigemag.co\/wp-content\/uploads\/2019\/05\/Gal-Gadot-in-Givenchy-Haute-Couture-2-high-res.png\" alt=\"\" width=\"365\" height=\"488\" data-lazy-srcset=\"https:\/\/www.prestigemag.co\/wp-content\/uploads\/2019\/05\/Gal-Gadot-in-Givenchy-Haute-Couture-2-high-res.png 365w, https:\/\/www.prestigemag.co\/wp-content\/uploads\/2019\/05\/Gal-Gadot-in-Givenchy-Haute-Couture-2-high-res-224x300.png 224w, https:\/\/www.prestigemag.co\/wp-content\/uploads\/2019\/05\/Gal-Gadot-in-Givenchy-Haute-Couture-2-high-res-112x150.png 112w, https:\/\/www.prestigemag.co\/wp-content\/uploads\/2019\/05\/Gal-Gadot-in-Givenchy-Haute-Couture-2-high-res-280x375.png 280w, https:\/\/www.prestigemag.co\/wp-content\/uploads\/2019\/05\/Gal-Gadot-in-Givenchy-Haute-Couture-2-high-res-93x125.png 93w, https:\/\/www.prestigemag.co\/wp-content\/uploads\/2019\/05\/Gal-Gadot-in-Givenchy-Haute-Couture-2-high-res-50x67.png 50w\" data-lazy-sizes=\"(max-width: 365px) 100vw, 365px\" \/><figcaption id=\"caption-attachment-17207\" class=\"wp-caption-text\"><noscript><img class=\"wp-image-17207 size-full\" src=\"http:\/\/www.prestigemag.co\/wp-content\/uploads\/2019\/05\/Gal-Gadot-in-Givenchy-Haute-Couture-2-high-res.png\" alt=\"\" width=\"365\" height=\"488\" srcset=\"https:\/\/www.prestigemag.co\/wp-content\/uploads\/2019\/05\/Gal-Gadot-in-Givenchy-Haute-Couture-2-high-res.png 365w, https:\/\/www.prestigemag.co\/wp-content\/uploads\/2019\/05\/Gal-Gadot-in-Givenchy-Haute-Couture-2-high-res-224x300.png 224w, https:\/\/www.prestigemag.co\/wp-content\/uploads\/2019\/05\/Gal-Gadot-in-Givenchy-Haute-Couture-2-high-res-112x150.png 112w, https:\/\/www.prestigemag.co\/wp-content\/uploads\/2019\/05\/Gal-Gadot-in-Givenchy-Haute-Couture-2-high-res-280x375.png 280w, https:\/\/www.prestigemag.co\/wp-content\/uploads\/2019\/05\/Gal-Gadot-in-Givenchy-Haute-Couture-2-high-res-93x125.png 93w, https:\/\/www.prestigemag.co\/wp-content\/uploads\/2019\/05\/Gal-Gadot-in-Givenchy-Haute-Couture-2-high-res-50x67.png 50w\" sizes=\"(max-width: 365px) 100vw, 365px\" \/><\/noscript><\/a> Gal Gadot \u00a9 Givenchy.<\/figcaption><\/figure>\n<p>&nbsp;<\/p>\n<p>&nbsp;<\/p>\n<figure id=\"attachment_17209\" aria-describedby=\"caption-attachment-17209\" style=\"width: 362px\" class=\"wp-caption aligncenter\"><a href=\"http:\/\/www.prestigemag.co\/wp-content\/uploads\/2019\/05\/Maria-Sharapova-in-Givenchy-Haute-Couture-1-1.jpg\"><img src=\"data:image\/svg+xml,%3Csvg%20xmlns='http:\/\/www.w3.org\/2000\/svg'%20viewBox='0%200%20362%20545'%3E%3C\/svg%3E\" class=\"zeen-lazy-load-base zeen-lazy-load wp-image-17209\" data-lazy-src=\"http:\/\/www.prestigemag.co\/wp-content\/uploads\/2019\/05\/Maria-Sharapova-in-Givenchy-Haute-Couture-1-1-680x1024.jpg\" alt=\"\" width=\"362\" height=\"545\" data-lazy-srcset=\"https:\/\/www.prestigemag.co\/wp-content\/uploads\/2019\/05\/Maria-Sharapova-in-Givenchy-Haute-Couture-1-1-680x1024.jpg 680w, https:\/\/www.prestigemag.co\/wp-content\/uploads\/2019\/05\/Maria-Sharapova-in-Givenchy-Haute-Couture-1-1-199x300.jpg 199w, https:\/\/www.prestigemag.co\/wp-content\/uploads\/2019\/05\/Maria-Sharapova-in-Givenchy-Haute-Couture-1-1-768x1156.jpg 768w, https:\/\/www.prestigemag.co\/wp-content\/uploads\/2019\/05\/Maria-Sharapova-in-Givenchy-Haute-Couture-1-1-100x150.jpg 100w, https:\/\/www.prestigemag.co\/wp-content\/uploads\/2019\/05\/Maria-Sharapova-in-Givenchy-Haute-Couture-1-1-249x375.jpg 249w, https:\/\/www.prestigemag.co\/wp-content\/uploads\/2019\/05\/Maria-Sharapova-in-Givenchy-Haute-Couture-1-1-83x125.jpg 83w, https:\/\/www.prestigemag.co\/wp-content\/uploads\/2019\/05\/Maria-Sharapova-in-Givenchy-Haute-Couture-1-1-45x67.jpg 45w, https:\/\/www.prestigemag.co\/wp-content\/uploads\/2019\/05\/Maria-Sharapova-in-Givenchy-Haute-Couture-1-1-1320x1987.jpg 1320w, https:\/\/www.prestigemag.co\/wp-content\/uploads\/2019\/05\/Maria-Sharapova-in-Givenchy-Haute-Couture-1-1.jpg 1993w\" data-lazy-sizes=\"(max-width: 362px) 100vw, 362px\" \/><figcaption id=\"caption-attachment-17209\" class=\"wp-caption-text\"><noscript><img class=\"wp-image-17209\" src=\"http:\/\/www.prestigemag.co\/wp-content\/uploads\/2019\/05\/Maria-Sharapova-in-Givenchy-Haute-Couture-1-1-680x1024.jpg\" alt=\"\" width=\"362\" height=\"545\" srcset=\"https:\/\/www.prestigemag.co\/wp-content\/uploads\/2019\/05\/Maria-Sharapova-in-Givenchy-Haute-Couture-1-1-680x1024.jpg 680w, https:\/\/www.prestigemag.co\/wp-content\/uploads\/2019\/05\/Maria-Sharapova-in-Givenchy-Haute-Couture-1-1-199x300.jpg 199w, https:\/\/www.prestigemag.co\/wp-content\/uploads\/2019\/05\/Maria-Sharapova-in-Givenchy-Haute-Couture-1-1-768x1156.jpg 768w, https:\/\/www.prestigemag.co\/wp-content\/uploads\/2019\/05\/Maria-Sharapova-in-Givenchy-Haute-Couture-1-1-100x150.jpg 100w, https:\/\/www.prestigemag.co\/wp-content\/uploads\/2019\/05\/Maria-Sharapova-in-Givenchy-Haute-Couture-1-1-249x375.jpg 249w, https:\/\/www.prestigemag.co\/wp-content\/uploads\/2019\/05\/Maria-Sharapova-in-Givenchy-Haute-Couture-1-1-83x125.jpg 83w, https:\/\/www.prestigemag.co\/wp-content\/uploads\/2019\/05\/Maria-Sharapova-in-Givenchy-Haute-Couture-1-1-45x67.jpg 45w, https:\/\/www.prestigemag.co\/wp-content\/uploads\/2019\/05\/Maria-Sharapova-in-Givenchy-Haute-Couture-1-1-1320x1987.jpg 1320w, https:\/\/www.prestigemag.co\/wp-content\/uploads\/2019\/05\/Maria-Sharapova-in-Givenchy-Haute-Couture-1-1.jpg 1993w\" sizes=\"(max-width: 362px) 100vw, 362px\" \/><\/noscript><\/a> Maria Sharapova \u00a9 Givenchy.<\/figcaption><\/figure>\n<p>&nbsp;<\/p>\n<p>&nbsp;<\/p>\n<p>Natacha Ramsay Levi et Gwyneth Paltrow portaient des robes sur mesure Chlo\u00e9 au Met Gala 2019.<\/p>\n<p>&nbsp;<\/p>\n<p>&nbsp;<\/p>\n<figure id=\"attachment_17211\" aria-describedby=\"caption-attachment-17211\" style=\"width: 400px\" class=\"wp-caption aligncenter\"><a href=\"http:\/\/www.prestigemag.co\/wp-content\/uploads\/2019\/05\/Natacha-Ramsay-Levi-and-Gwyneth-Paltrow.jpg\"><img src=\"data:image\/svg+xml,%3Csvg%20xmlns='http:\/\/www.w3.org\/2000\/svg'%20viewBox='0%200%20400%20600'%3E%3C\/svg%3E\" class=\"zeen-lazy-load-base zeen-lazy-load wp-image-17211\" data-lazy-src=\"http:\/\/www.prestigemag.co\/wp-content\/uploads\/2019\/05\/Natacha-Ramsay-Levi-and-Gwyneth-Paltrow.jpg\" alt=\"\" width=\"400\" height=\"600\" data-lazy-srcset=\"https:\/\/www.prestigemag.co\/wp-content\/uploads\/2019\/05\/Natacha-Ramsay-Levi-and-Gwyneth-Paltrow.jpg 630w, https:\/\/www.prestigemag.co\/wp-content\/uploads\/2019\/05\/Natacha-Ramsay-Levi-and-Gwyneth-Paltrow-200x300.jpg 200w, https:\/\/www.prestigemag.co\/wp-content\/uploads\/2019\/05\/Natacha-Ramsay-Levi-and-Gwyneth-Paltrow-100x150.jpg 100w, https:\/\/www.prestigemag.co\/wp-content\/uploads\/2019\/05\/Natacha-Ramsay-Levi-and-Gwyneth-Paltrow-250x375.jpg 250w, https:\/\/www.prestigemag.co\/wp-content\/uploads\/2019\/05\/Natacha-Ramsay-Levi-and-Gwyneth-Paltrow-83x125.jpg 83w, https:\/\/www.prestigemag.co\/wp-content\/uploads\/2019\/05\/Natacha-Ramsay-Levi-and-Gwyneth-Paltrow-45x67.jpg 45w\" data-lazy-sizes=\"(max-width: 400px) 100vw, 400px\" \/><figcaption id=\"caption-attachment-17211\" class=\"wp-caption-text\"><noscript><img class=\"wp-image-17211\" src=\"http:\/\/www.prestigemag.co\/wp-content\/uploads\/2019\/05\/Natacha-Ramsay-Levi-and-Gwyneth-Paltrow.jpg\" alt=\"\" width=\"400\" height=\"600\" srcset=\"https:\/\/www.prestigemag.co\/wp-content\/uploads\/2019\/05\/Natacha-Ramsay-Levi-and-Gwyneth-Paltrow.jpg 630w, https:\/\/www.prestigemag.co\/wp-content\/uploads\/2019\/05\/Natacha-Ramsay-Levi-and-Gwyneth-Paltrow-200x300.jpg 200w, https:\/\/www.prestigemag.co\/wp-content\/uploads\/2019\/05\/Natacha-Ramsay-Levi-and-Gwyneth-Paltrow-100x150.jpg 100w, https:\/\/www.prestigemag.co\/wp-content\/uploads\/2019\/05\/Natacha-Ramsay-Levi-and-Gwyneth-Paltrow-250x375.jpg 250w, https:\/\/www.prestigemag.co\/wp-content\/uploads\/2019\/05\/Natacha-Ramsay-Levi-and-Gwyneth-Paltrow-83x125.jpg 83w, https:\/\/www.prestigemag.co\/wp-content\/uploads\/2019\/05\/Natacha-Ramsay-Levi-and-Gwyneth-Paltrow-45x67.jpg 45w\" sizes=\"(max-width: 400px) 100vw, 400px\" \/><\/noscript><\/a> \u00a9 Chlo\u00e9.<\/figcaption><\/figure>\n<p>&nbsp;<\/p>\n<p>&nbsp;<\/p>\n<p>&nbsp;<\/p>\n<p>Joan Smalls en Ren\u00e9 Caovilla.<\/p>\n<p>&nbsp;<\/p>\n<p>&nbsp;<\/p>\n<figure id=\"attachment_17212\" aria-describedby=\"caption-attachment-17212\" style=\"width: 401px\" class=\"wp-caption aligncenter\"><a href=\"http:\/\/www.prestigemag.co\/wp-content\/uploads\/2019\/05\/Joan-Smalls-in-Ren\u00e9-Caovilla.jpg\"><img src=\"data:image\/svg+xml,%3Csvg%20xmlns='http:\/\/www.w3.org\/2000\/svg'%20viewBox='0%200%20401%20602'%3E%3C\/svg%3E\" class=\"zeen-lazy-load-base zeen-lazy-load wp-image-17212\" data-lazy-src=\"http:\/\/www.prestigemag.co\/wp-content\/uploads\/2019\/05\/Joan-Smalls-in-Ren\u00e9-Caovilla.jpg\" alt=\"\" width=\"401\" height=\"602\" data-lazy-srcset=\"https:\/\/www.prestigemag.co\/wp-content\/uploads\/2019\/05\/Joan-Smalls-in-Ren\u00e9-Caovilla.jpg 630w, https:\/\/www.prestigemag.co\/wp-content\/uploads\/2019\/05\/Joan-Smalls-in-Ren\u00e9-Caovilla-200x300.jpg 200w, https:\/\/www.prestigemag.co\/wp-content\/uploads\/2019\/05\/Joan-Smalls-in-Ren\u00e9-Caovilla-100x150.jpg 100w, https:\/\/www.prestigemag.co\/wp-content\/uploads\/2019\/05\/Joan-Smalls-in-Ren\u00e9-Caovilla-250x375.jpg 250w, https:\/\/www.prestigemag.co\/wp-content\/uploads\/2019\/05\/Joan-Smalls-in-Ren\u00e9-Caovilla-83x125.jpg 83w, https:\/\/www.prestigemag.co\/wp-content\/uploads\/2019\/05\/Joan-Smalls-in-Ren\u00e9-Caovilla-45x67.jpg 45w\" data-lazy-sizes=\"(max-width: 401px) 100vw, 401px\" \/><figcaption id=\"caption-attachment-17212\" class=\"wp-caption-text\"><noscript><img class=\"wp-image-17212\" src=\"http:\/\/www.prestigemag.co\/wp-content\/uploads\/2019\/05\/Joan-Smalls-in-Ren\u00e9-Caovilla.jpg\" alt=\"\" width=\"401\" height=\"602\" srcset=\"https:\/\/www.prestigemag.co\/wp-content\/uploads\/2019\/05\/Joan-Smalls-in-Ren\u00e9-Caovilla.jpg 630w, https:\/\/www.prestigemag.co\/wp-content\/uploads\/2019\/05\/Joan-Smalls-in-Ren\u00e9-Caovilla-200x300.jpg 200w, https:\/\/www.prestigemag.co\/wp-content\/uploads\/2019\/05\/Joan-Smalls-in-Ren\u00e9-Caovilla-100x150.jpg 100w, https:\/\/www.prestigemag.co\/wp-content\/uploads\/2019\/05\/Joan-Smalls-in-Ren\u00e9-Caovilla-250x375.jpg 250w, https:\/\/www.prestigemag.co\/wp-content\/uploads\/2019\/05\/Joan-Smalls-in-Ren\u00e9-Caovilla-83x125.jpg 83w, https:\/\/www.prestigemag.co\/wp-content\/uploads\/2019\/05\/Joan-Smalls-in-Ren\u00e9-Caovilla-45x67.jpg 45w\" sizes=\"(max-width: 401px) 100vw, 401px\" \/><\/noscript><\/a> \u00a9 Ren\u00e9 Caovilla.<\/figcaption><\/figure>\n<p>&nbsp;<\/p>\n<p>&nbsp;<\/p>\n<p>L&rsquo;ic\u00f4ne de la mode Naomi Campbell en bijoux Bulgari avec rubis et diamants de la Collection Haute Joaillerie.<\/p>\n<p>&nbsp;<\/p>\n<p>&nbsp;<\/p>\n<figure id=\"attachment_17219\" aria-describedby=\"caption-attachment-17219\" style=\"width: 401px\" class=\"wp-caption aligncenter\"><a href=\"http:\/\/www.prestigemag.co\/wp-content\/uploads\/2019\/05\/MET-GALA-2019-NAOMI-CAMPBELL.jpg\"><img src=\"data:image\/svg+xml,%3Csvg%20xmlns='http:\/\/www.w3.org\/2000\/svg'%20viewBox='0%200%20401%20604'%3E%3C\/svg%3E\" class=\"zeen-lazy-load-base zeen-lazy-load wp-image-17219\" data-lazy-src=\"http:\/\/www.prestigemag.co\/wp-content\/uploads\/2019\/05\/MET-GALA-2019-NAOMI-CAMPBELL.jpg\" alt=\"\" width=\"401\" height=\"604\" data-lazy-srcset=\"https:\/\/www.prestigemag.co\/wp-content\/uploads\/2019\/05\/MET-GALA-2019-NAOMI-CAMPBELL.jpg 630w, https:\/\/www.prestigemag.co\/wp-content\/uploads\/2019\/05\/MET-GALA-2019-NAOMI-CAMPBELL-199x300.jpg 199w, https:\/\/www.prestigemag.co\/wp-content\/uploads\/2019\/05\/MET-GALA-2019-NAOMI-CAMPBELL-100x150.jpg 100w, https:\/\/www.prestigemag.co\/wp-content\/uploads\/2019\/05\/MET-GALA-2019-NAOMI-CAMPBELL-249x375.jpg 249w, https:\/\/www.prestigemag.co\/wp-content\/uploads\/2019\/05\/MET-GALA-2019-NAOMI-CAMPBELL-83x125.jpg 83w, https:\/\/www.prestigemag.co\/wp-content\/uploads\/2019\/05\/MET-GALA-2019-NAOMI-CAMPBELL-45x67.jpg 45w\" data-lazy-sizes=\"(max-width: 401px) 100vw, 401px\" \/><figcaption id=\"caption-attachment-17219\" class=\"wp-caption-text\"><noscript><img class=\"wp-image-17219\" src=\"http:\/\/www.prestigemag.co\/wp-content\/uploads\/2019\/05\/MET-GALA-2019-NAOMI-CAMPBELL.jpg\" alt=\"\" width=\"401\" height=\"604\" srcset=\"https:\/\/www.prestigemag.co\/wp-content\/uploads\/2019\/05\/MET-GALA-2019-NAOMI-CAMPBELL.jpg 630w, https:\/\/www.prestigemag.co\/wp-content\/uploads\/2019\/05\/MET-GALA-2019-NAOMI-CAMPBELL-199x300.jpg 199w, https:\/\/www.prestigemag.co\/wp-content\/uploads\/2019\/05\/MET-GALA-2019-NAOMI-CAMPBELL-100x150.jpg 100w, https:\/\/www.prestigemag.co\/wp-content\/uploads\/2019\/05\/MET-GALA-2019-NAOMI-CAMPBELL-249x375.jpg 249w, https:\/\/www.prestigemag.co\/wp-content\/uploads\/2019\/05\/MET-GALA-2019-NAOMI-CAMPBELL-83x125.jpg 83w, https:\/\/www.prestigemag.co\/wp-content\/uploads\/2019\/05\/MET-GALA-2019-NAOMI-CAMPBELL-45x67.jpg 45w\" sizes=\"(max-width: 401px) 100vw, 401px\" \/><\/noscript><\/a> \u00a9 Bulgari.<\/figcaption><\/figure>\n<p>&nbsp;<\/p>\n<p>&nbsp;<\/p>\n<p>Le mannequin Josephine Skriver a assorti des bijoux Serpenti \u00e0 de magnifiques boucles d&rsquo;oreilles.<\/p>\n<p>&nbsp;<\/p>\n<p>&nbsp;<\/p>\n<figure id=\"attachment_17220\" aria-describedby=\"caption-attachment-17220\" style=\"width: 405px\" class=\"wp-caption aligncenter\"><a href=\"http:\/\/www.prestigemag.co\/wp-content\/uploads\/2019\/05\/MET-GALA-2019-JOSEPHINE-SKRIVER.jpg\"><img src=\"data:image\/svg+xml,%3Csvg%20xmlns='http:\/\/www.w3.org\/2000\/svg'%20viewBox='0%200%20405%20590'%3E%3C\/svg%3E\" class=\"zeen-lazy-load-base zeen-lazy-load wp-image-17220\" data-lazy-src=\"http:\/\/www.prestigemag.co\/wp-content\/uploads\/2019\/05\/MET-GALA-2019-JOSEPHINE-SKRIVER.jpg\" alt=\"\" width=\"405\" height=\"590\" data-lazy-srcset=\"https:\/\/www.prestigemag.co\/wp-content\/uploads\/2019\/05\/MET-GALA-2019-JOSEPHINE-SKRIVER.jpg 630w, https:\/\/www.prestigemag.co\/wp-content\/uploads\/2019\/05\/MET-GALA-2019-JOSEPHINE-SKRIVER-206x300.jpg 206w, https:\/\/www.prestigemag.co\/wp-content\/uploads\/2019\/05\/MET-GALA-2019-JOSEPHINE-SKRIVER-103x150.jpg 103w, https:\/\/www.prestigemag.co\/wp-content\/uploads\/2019\/05\/MET-GALA-2019-JOSEPHINE-SKRIVER-257x375.jpg 257w, https:\/\/www.prestigemag.co\/wp-content\/uploads\/2019\/05\/MET-GALA-2019-JOSEPHINE-SKRIVER-86x125.jpg 86w, https:\/\/www.prestigemag.co\/wp-content\/uploads\/2019\/05\/MET-GALA-2019-JOSEPHINE-SKRIVER-46x67.jpg 46w\" data-lazy-sizes=\"(max-width: 405px) 100vw, 405px\" \/><figcaption id=\"caption-attachment-17220\" class=\"wp-caption-text\"><noscript><img class=\"wp-image-17220\" src=\"http:\/\/www.prestigemag.co\/wp-content\/uploads\/2019\/05\/MET-GALA-2019-JOSEPHINE-SKRIVER.jpg\" alt=\"\" width=\"405\" height=\"590\" srcset=\"https:\/\/www.prestigemag.co\/wp-content\/uploads\/2019\/05\/MET-GALA-2019-JOSEPHINE-SKRIVER.jpg 630w, https:\/\/www.prestigemag.co\/wp-content\/uploads\/2019\/05\/MET-GALA-2019-JOSEPHINE-SKRIVER-206x300.jpg 206w, https:\/\/www.prestigemag.co\/wp-content\/uploads\/2019\/05\/MET-GALA-2019-JOSEPHINE-SKRIVER-103x150.jpg 103w, https:\/\/www.prestigemag.co\/wp-content\/uploads\/2019\/05\/MET-GALA-2019-JOSEPHINE-SKRIVER-257x375.jpg 257w, https:\/\/www.prestigemag.co\/wp-content\/uploads\/2019\/05\/MET-GALA-2019-JOSEPHINE-SKRIVER-86x125.jpg 86w, https:\/\/www.prestigemag.co\/wp-content\/uploads\/2019\/05\/MET-GALA-2019-JOSEPHINE-SKRIVER-46x67.jpg 46w\" sizes=\"(max-width: 405px) 100vw, 405px\" \/><\/noscript><\/a> \u00a9 Bulgari.<\/figcaption><\/figure>\n","protected":false},"excerpt":{"rendered":"<p><em>Le Met Gala, un \u00e9v\u00e9nement annuel rassemblant les plus grands noms de la mode et les stars d&rsquo;Hollywood en faveur du Metropolitan Museum of Art de New York. La soir\u00e9e du lundi 6 mai a accueilli des c\u00e9l\u00e9brit\u00e9s<\/em><br \/>. <\/p>\n","protected":false},"author":3,"featured_media":22944,"comment_status":"closed","ping_status":"closed","sticky":false,"template":"","format":"standard","meta":[],"categories":[13364,13346],"tags":[],"yoast_head":"<!-- This site is optimized with the Yoast SEO plugin v19.4 - https:\/\/yoast.com\/wordpress\/plugins\/seo\/ -->\n<title>Qui est la Reine de \u00abCamp\u00bb au Met Gala 2019? - Prestige Magazine<\/title>\n<meta name=\"description\" content=\"Le Met Gala, un \u00e9v\u00e9nement annuel rassemblant les plus grands noms de la mode et les stars d&#039;Hollywood en faveur du Metropolitan Museum of Art de New York. La soir\u00e9e du lundi 6 mai a accueilli des c\u00e9l\u00e9brit\u00e9s.\" \/>\n<meta name=\"robots\" content=\"index, follow, max-snippet:-1, max-image-preview:large, max-video-preview:-1\" \/>\n<link rel=\"canonical\" href=\"https:\/\/www.prestigemag.co\/fr\/2019\/05\/qui-est-la-reine-de-camp-au-met-gala-2019\/\" \/>\n<meta property=\"og:locale\" content=\"fr_FR\" \/>\n<meta property=\"og:type\" content=\"article\" \/>\n<meta property=\"og:title\" content=\"Qui est la Reine de \u00abCamp\u00bb au Met Gala 2019? - Prestige Magazine\" \/>\n<meta property=\"og:description\" content=\"Le Met Gala, un \u00e9v\u00e9nement annuel rassemblant les plus grands noms de la mode et les stars d&#039;Hollywood en faveur du Metropolitan Museum of Art de New York. La soir\u00e9e du lundi 6 mai a accueilli des c\u00e9l\u00e9brit\u00e9s.\" \/>\n<meta property=\"og:url\" content=\"https:\/\/www.prestigemag.co\/fr\/2019\/05\/qui-est-la-reine-de-camp-au-met-gala-2019\/\" \/>\n<meta property=\"og:site_name\" content=\"Prestige Magazine\" \/>\n<meta property=\"article:publisher\" content=\"https:\/\/www.facebook.com\/prestigemag.co\/\" \/>\n<meta property=\"article:published_time\" content=\"2019-05-08T12:00:51+00:00\" \/>\n<meta property=\"og:image\" content=\"https:\/\/www.prestigemag.co\/wp-content\/uploads\/2019\/05\/Met-Gala-2019.jpg\" \/>\n\t<meta property=\"og:image:width\" content=\"1000\" \/>\n\t<meta property=\"og:image:height\" content=\"409\" \/>\n\t<meta property=\"og:image:type\" content=\"image\/jpeg\" \/>\n<meta name=\"author\" content=\"prestige\" \/>\n<meta name=\"twitter:card\" content=\"summary\" \/>\n<meta name=\"twitter:label1\" content=\"\u00c9crit par\" \/>\n\t<meta name=\"twitter:data1\" content=\"prestige\" \/>\n\t<meta name=\"twitter:label2\" content=\"Dur\u00e9e de lecture estim\u00e9e\" \/>\n\t<meta name=\"twitter:data2\" content=\"3 minutes\" \/>\n<script type=\"application\/ld+json\" class=\"yoast-schema-graph\">{\"@context\":\"https:\/\/schema.org\",\"@graph\":[{\"@type\":\"Organization\",\"@id\":\"https:\/\/www.prestigemag.co\/#organization\",\"name\":\"Prestige\",\"url\":\"https:\/\/www.prestigemag.co\/\",\"sameAs\":[\"https:\/\/www.instagram.com\/prestige.mag\/\",\"https:\/\/www.facebook.com\/prestigemag.co\/\"],\"logo\":{\"@type\":\"ImageObject\",\"inLanguage\":\"fr-FR\",\"@id\":\"https:\/\/www.prestigemag.co\/#\/schema\/logo\/image\/\",\"url\":\"https:\/\/www.prestigemag.co\/wp-content\/uploads\/2021\/11\/logo-Prestige-800x200-1.png\",\"contentUrl\":\"https:\/\/www.prestigemag.co\/wp-content\/uploads\/2021\/11\/logo-Prestige-800x200-1.png\",\"width\":800,\"height\":200,\"caption\":\"Prestige\"},\"image\":{\"@id\":\"https:\/\/www.prestigemag.co\/#\/schema\/logo\/image\/\"}},{\"@type\":\"WebSite\",\"@id\":\"https:\/\/www.prestigemag.co\/#website\",\"url\":\"https:\/\/www.prestigemag.co\/\",\"name\":\"Prestige Magazine\",\"description\":\"Le Monde Des C\u00e9l\u00e9brit\u00e9s\",\"publisher\":{\"@id\":\"https:\/\/www.prestigemag.co\/#organization\"},\"potentialAction\":[{\"@type\":\"SearchAction\",\"target\":{\"@type\":\"EntryPoint\",\"urlTemplate\":\"https:\/\/www.prestigemag.co\/?s={search_term_string}\"},\"query-input\":\"required name=search_term_string\"}],\"inLanguage\":\"fr-FR\"},{\"@type\":\"WebPage\",\"@id\":\"https:\/\/www.prestigemag.co\/fr\/2019\/05\/qui-est-la-reine-de-camp-au-met-gala-2019\/\",\"url\":\"https:\/\/www.prestigemag.co\/fr\/2019\/05\/qui-est-la-reine-de-camp-au-met-gala-2019\/\",\"name\":\"Qui est la Reine de \u00abCamp\u00bb au Met Gala 2019? - Prestige Magazine\",\"isPartOf\":{\"@id\":\"https:\/\/www.prestigemag.co\/#website\"},\"datePublished\":\"2019-05-08T12:00:51+00:00\",\"dateModified\":\"2019-05-08T12:00:51+00:00\",\"description\":\"Le Met Gala, un \u00e9v\u00e9nement annuel rassemblant les plus grands noms de la mode et les stars d'Hollywood en faveur du Metropolitan Museum of Art de New York. La soir\u00e9e du lundi 6 mai a accueilli des c\u00e9l\u00e9brit\u00e9s.\",\"breadcrumb\":{\"@id\":\"https:\/\/www.prestigemag.co\/fr\/2019\/05\/qui-est-la-reine-de-camp-au-met-gala-2019\/#breadcrumb\"},\"inLanguage\":\"fr-FR\",\"potentialAction\":[{\"@type\":\"ReadAction\",\"target\":[\"https:\/\/www.prestigemag.co\/fr\/2019\/05\/qui-est-la-reine-de-camp-au-met-gala-2019\/\"]}]},{\"@type\":\"BreadcrumbList\",\"@id\":\"https:\/\/www.prestigemag.co\/fr\/2019\/05\/qui-est-la-reine-de-camp-au-met-gala-2019\/#breadcrumb\",\"itemListElement\":[{\"@type\":\"ListItem\",\"position\":1,\"name\":\"Home\",\"item\":\"https:\/\/www.prestigemag.co\/fr\/\"},{\"@type\":\"ListItem\",\"position\":2,\"name\":\"Qui est la Reine de \u00abCamp\u00bb au Met Gala 2019?\"}]},{\"@type\":\"Article\",\"@id\":\"https:\/\/www.prestigemag.co\/fr\/2019\/05\/qui-est-la-reine-de-camp-au-met-gala-2019\/#article\",\"isPartOf\":{\"@id\":\"https:\/\/www.prestigemag.co\/fr\/2019\/05\/qui-est-la-reine-de-camp-au-met-gala-2019\/\"},\"author\":{\"name\":\"prestige\",\"@id\":\"https:\/\/www.prestigemag.co\/#\/schema\/person\/e3f149368970128d68bb2d797bf30fbc\"},\"headline\":\"Qui est la Reine de \u00abCamp\u00bb au Met Gala 2019?\",\"datePublished\":\"2019-05-08T12:00:51+00:00\",\"dateModified\":\"2019-05-08T12:00:51+00:00\",\"mainEntityOfPage\":{\"@id\":\"https:\/\/www.prestigemag.co\/fr\/2019\/05\/qui-est-la-reine-de-camp-au-met-gala-2019\/\"},\"wordCount\":524,\"publisher\":{\"@id\":\"https:\/\/www.prestigemag.co\/#organization\"},\"articleSection\":[\"C\u00e9l\u00e9brit\u00e9s &amp; Tapis Rouge\",\"Mode\"],\"inLanguage\":\"fr-FR\"},{\"@type\":\"Person\",\"@id\":\"https:\/\/www.prestigemag.co\/#\/schema\/person\/e3f149368970128d68bb2d797bf30fbc\",\"name\":\"prestige\",\"image\":{\"@type\":\"ImageObject\",\"inLanguage\":\"fr-FR\",\"@id\":\"https:\/\/www.prestigemag.co\/#\/schema\/person\/image\/\",\"url\":\"https:\/\/secure.gravatar.com\/avatar\/0aa2dff5484d35e50578639a2c3ccef9?s=96&d=mm&r=g\",\"contentUrl\":\"https:\/\/secure.gravatar.com\/avatar\/0aa2dff5484d35e50578639a2c3ccef9?s=96&d=mm&r=g\",\"caption\":\"prestige\"},\"url\":\"https:\/\/www.prestigemag.co\/fr\/author\/prestige\/\"}]}<\/script>\n<!-- \/ Yoast SEO plugin. -->","yoast_head_json":{"title":"Qui est la Reine de \u00abCamp\u00bb au Met Gala 2019? - Prestige Magazine","description":"Le Met Gala, un \u00e9v\u00e9nement annuel rassemblant les plus grands noms de la mode et les stars d'Hollywood en faveur du Metropolitan Museum of Art de New York. La soir\u00e9e du lundi 6 mai a accueilli des c\u00e9l\u00e9brit\u00e9s.","robots":{"index":"index","follow":"follow","max-snippet":"max-snippet:-1","max-image-preview":"max-image-preview:large","max-video-preview":"max-video-preview:-1"},"canonical":"https:\/\/www.prestigemag.co\/fr\/2019\/05\/qui-est-la-reine-de-camp-au-met-gala-2019\/","og_locale":"fr_FR","og_type":"article","og_title":"Qui est la Reine de \u00abCamp\u00bb au Met Gala 2019? - Prestige Magazine","og_description":"Le Met Gala, un \u00e9v\u00e9nement annuel rassemblant les plus grands noms de la mode et les stars d'Hollywood en faveur du Metropolitan Museum of Art de New York. La soir\u00e9e du lundi 6 mai a accueilli des c\u00e9l\u00e9brit\u00e9s.","og_url":"https:\/\/www.prestigemag.co\/fr\/2019\/05\/qui-est-la-reine-de-camp-au-met-gala-2019\/","og_site_name":"Prestige Magazine","article_publisher":"https:\/\/www.facebook.com\/prestigemag.co\/","article_published_time":"2019-05-08T12:00:51+00:00","og_image":[{"width":1000,"height":409,"url":"https:\/\/www.prestigemag.co\/wp-content\/uploads\/2019\/05\/Met-Gala-2019.jpg","type":"image\/jpeg"}],"author":"prestige","twitter_card":"summary","twitter_misc":{"\u00c9crit par":"prestige","Dur\u00e9e de lecture estim\u00e9e":"3 minutes"},"schema":{"@context":"https:\/\/schema.org","@graph":[{"@type":"Organization","@id":"https:\/\/www.prestigemag.co\/#organization","name":"Prestige","url":"https:\/\/www.prestigemag.co\/","sameAs":["https:\/\/www.instagram.com\/prestige.mag\/","https:\/\/www.facebook.com\/prestigemag.co\/"],"logo":{"@type":"ImageObject","inLanguage":"fr-FR","@id":"https:\/\/www.prestigemag.co\/#\/schema\/logo\/image\/","url":"https:\/\/www.prestigemag.co\/wp-content\/uploads\/2021\/11\/logo-Prestige-800x200-1.png","contentUrl":"https:\/\/www.prestigemag.co\/wp-content\/uploads\/2021\/11\/logo-Prestige-800x200-1.png","width":800,"height":200,"caption":"Prestige"},"image":{"@id":"https:\/\/www.prestigemag.co\/#\/schema\/logo\/image\/"}},{"@type":"WebSite","@id":"https:\/\/www.prestigemag.co\/#website","url":"https:\/\/www.prestigemag.co\/","name":"Prestige Magazine","description":"Le Monde Des C\u00e9l\u00e9brit\u00e9s","publisher":{"@id":"https:\/\/www.prestigemag.co\/#organization"},"potentialAction":[{"@type":"SearchAction","target":{"@type":"EntryPoint","urlTemplate":"https:\/\/www.prestigemag.co\/?s={search_term_string}"},"query-input":"required name=search_term_string"}],"inLanguage":"fr-FR"},{"@type":"WebPage","@id":"https:\/\/www.prestigemag.co\/fr\/2019\/05\/qui-est-la-reine-de-camp-au-met-gala-2019\/","url":"https:\/\/www.prestigemag.co\/fr\/2019\/05\/qui-est-la-reine-de-camp-au-met-gala-2019\/","name":"Qui est la Reine de \u00abCamp\u00bb au Met Gala 2019? - Prestige Magazine","isPartOf":{"@id":"https:\/\/www.prestigemag.co\/#website"},"datePublished":"2019-05-08T12:00:51+00:00","dateModified":"2019-05-08T12:00:51+00:00","description":"Le Met Gala, un \u00e9v\u00e9nement annuel rassemblant les plus grands noms de la mode et les stars d'Hollywood en faveur du Metropolitan Museum of Art de New York. La soir\u00e9e du lundi 6 mai a accueilli des c\u00e9l\u00e9brit\u00e9s.","breadcrumb":{"@id":"https:\/\/www.prestigemag.co\/fr\/2019\/05\/qui-est-la-reine-de-camp-au-met-gala-2019\/#breadcrumb"},"inLanguage":"fr-FR","potentialAction":[{"@type":"ReadAction","target":["https:\/\/www.prestigemag.co\/fr\/2019\/05\/qui-est-la-reine-de-camp-au-met-gala-2019\/"]}]},{"@type":"BreadcrumbList","@id":"https:\/\/www.prestigemag.co\/fr\/2019\/05\/qui-est-la-reine-de-camp-au-met-gala-2019\/#breadcrumb","itemListElement":[{"@type":"ListItem","position":1,"name":"Home","item":"https:\/\/www.prestigemag.co\/fr\/"},{"@type":"ListItem","position":2,"name":"Qui est la Reine de \u00abCamp\u00bb au Met Gala 2019?"}]},{"@type":"Article","@id":"https:\/\/www.prestigemag.co\/fr\/2019\/05\/qui-est-la-reine-de-camp-au-met-gala-2019\/#article","isPartOf":{"@id":"https:\/\/www.prestigemag.co\/fr\/2019\/05\/qui-est-la-reine-de-camp-au-met-gala-2019\/"},"author":{"name":"prestige","@id":"https:\/\/www.prestigemag.co\/#\/schema\/person\/e3f149368970128d68bb2d797bf30fbc"},"headline":"Qui est la Reine de \u00abCamp\u00bb au Met Gala 2019?","datePublished":"2019-05-08T12:00:51+00:00","dateModified":"2019-05-08T12:00:51+00:00","mainEntityOfPage":{"@id":"https:\/\/www.prestigemag.co\/fr\/2019\/05\/qui-est-la-reine-de-camp-au-met-gala-2019\/"},"wordCount":524,"publisher":{"@id":"https:\/\/www.prestigemag.co\/#organization"},"articleSection":["C\u00e9l\u00e9brit\u00e9s &amp; Tapis Rouge","Mode"],"inLanguage":"fr-FR"},{"@type":"Person","@id":"https:\/\/www.prestigemag.co\/#\/schema\/person\/e3f149368970128d68bb2d797bf30fbc","name":"prestige","image":{"@type":"ImageObject","inLanguage":"fr-FR","@id":"https:\/\/www.prestigemag.co\/#\/schema\/person\/image\/","url":"https:\/\/secure.gravatar.com\/avatar\/0aa2dff5484d35e50578639a2c3ccef9?s=96&d=mm&r=g","contentUrl":"https:\/\/secure.gravatar.com\/avatar\/0aa2dff5484d35e50578639a2c3ccef9?s=96&d=mm&r=g","caption":"prestige"},"url":"https:\/\/www.prestigemag.co\/fr\/author\/prestige\/"}]}},"_links":{"self":[{"href":"https:\/\/www.prestigemag.co\/fr\/wp-json\/wp\/v2\/posts\/22943"}],"collection":[{"href":"https:\/\/www.prestigemag.co\/fr\/wp-json\/wp\/v2\/posts"}],"about":[{"href":"https:\/\/www.prestigemag.co\/fr\/wp-json\/wp\/v2\/types\/post"}],"author":[{"embeddable":true,"href":"https:\/\/www.prestigemag.co\/fr\/wp-json\/wp\/v2\/users\/3"}],"replies":[{"embeddable":true,"href":"https:\/\/www.prestigemag.co\/fr\/wp-json\/wp\/v2\/comments?post=22943"}],"version-history":[{"count":0,"href":"https:\/\/www.prestigemag.co\/fr\/wp-json\/wp\/v2\/posts\/22943\/revisions"}],"wp:featuredmedia":[{"embeddable":true,"href":"https:\/\/www.prestigemag.co\/fr\/wp-json\/wp\/v2\/media\/22944"}],"wp:attachment":[{"href":"https:\/\/www.prestigemag.co\/fr\/wp-json\/wp\/v2\/media?parent=22943"}],"wp:term":[{"taxonomy":"category","embeddable":true,"href":"https:\/\/www.prestigemag.co\/fr\/wp-json\/wp\/v2\/categories?post=22943"},{"taxonomy":"post_tag","embeddable":true,"href":"https:\/\/www.prestigemag.co\/fr\/wp-json\/wp\/v2\/tags?post=22943"}],"curies":[{"name":"wp","href":"https:\/\/api.w.org\/{rel}","templated":true}]}}