{"id":22958,"date":"2019-05-15T15:25:32","date_gmt":"2019-05-15T12:25:32","guid":{"rendered":"http:\/\/www.prestigemag.co\/2019\/05\/coup-denvoi-de-la-72e-edition-du-festival-de-cannes\/"},"modified":"2019-05-15T15:25:32","modified_gmt":"2019-05-15T12:25:32","slug":"coup-denvoi-de-la-72e-edition-du-festival-de-cannes","status":"publish","type":"post","link":"https:\/\/www.prestigemag.co\/fr\/2019\/05\/coup-denvoi-de-la-72e-edition-du-festival-de-cannes\/","title":{"rendered":"Coup d\u2019envoi de la 72e \u00e9dition du Festival de Cannes"},"content":{"rendered":"<p>Les projections et les festivit\u00e9s de la 72<sup>e<\/sup> \u00e9dition du Festival de Cannes ont d\u00e9but\u00e9 le soir du 14 mai 2019. Edouard Baer, Ma\u00eetre de c\u00e9r\u00e9monie, a plac\u00e9 dans son discours la c\u00e9r\u00e9monie sous le signe de l\u2019exp\u00e9rience partag\u00e9e : \u00abLe cin\u00e9ma, c\u2019est ensemble, c\u2019est sortir. Le collectif, le groupe, la chaleur humaine\u2026\u00bb. Le jury pr\u00e9sid\u00e9 par Alejandro Gonzalez Inarritu a exprim\u00e9 son enthousiasme pour d\u00e9couvrir la s\u00e9lection des films de 2019.<\/p>\n<p>Comme tous les ans, Prestige a s\u00e9lectionn\u00e9 les plus belles photos prises sur le tapis rouge.<\/p>\n<p>&nbsp;<\/p>\n<figure id=\"attachment_17270\" aria-describedby=\"caption-attachment-17270\" style=\"width: 942px\" class=\"wp-caption aligncenter\"><a href=\"http:\/\/www.prestigemag.co\/wp-content\/uploads\/2019\/05\/Cannes-Film-Festival.jpg\"><img src=\"data:image\/svg+xml,%3Csvg%20xmlns='http:\/\/www.w3.org\/2000\/svg'%20viewBox='0%200%20942%20408'%3E%3C\/svg%3E\" class=\"zeen-lazy-load-base zeen-lazy-load wp-image-17270 size-full\" data-lazy-src=\"http:\/\/www.prestigemag.co\/wp-content\/uploads\/2019\/05\/Cannes-Film-Festival.jpg\" alt=\"\" width=\"942\" height=\"408\" data-lazy-srcset=\"https:\/\/www.prestigemag.co\/wp-content\/uploads\/2019\/05\/Cannes-Film-Festival.jpg 942w, https:\/\/www.prestigemag.co\/wp-content\/uploads\/2019\/05\/Cannes-Film-Festival-300x130.jpg 300w, https:\/\/www.prestigemag.co\/wp-content\/uploads\/2019\/05\/Cannes-Film-Festival-770x334.jpg 770w, https:\/\/www.prestigemag.co\/wp-content\/uploads\/2019\/05\/Cannes-Film-Festival-293x127.jpg 293w, https:\/\/www.prestigemag.co\/wp-content\/uploads\/2019\/05\/Cannes-Film-Festival-390x169.jpg 390w, https:\/\/www.prestigemag.co\/wp-content\/uploads\/2019\/05\/Cannes-Film-Festival-768x333.jpg 768w, https:\/\/www.prestigemag.co\/wp-content\/uploads\/2019\/05\/Cannes-Film-Festival-150x65.jpg 150w, https:\/\/www.prestigemag.co\/wp-content\/uploads\/2019\/05\/Cannes-Film-Festival-600x260.jpg 600w, https:\/\/www.prestigemag.co\/wp-content\/uploads\/2019\/05\/Cannes-Film-Festival-289x125.jpg 289w, https:\/\/www.prestigemag.co\/wp-content\/uploads\/2019\/05\/Cannes-Film-Festival-155x67.jpg 155w\" data-lazy-sizes=\"(max-width: 942px) 100vw, 942px\" \/><figcaption id=\"caption-attachment-17270\" class=\"wp-caption-text\"><noscript><img class=\"wp-image-17270 size-full\" src=\"http:\/\/www.prestigemag.co\/wp-content\/uploads\/2019\/05\/Cannes-Film-Festival.jpg\" alt=\"\" width=\"942\" height=\"408\" srcset=\"https:\/\/www.prestigemag.co\/wp-content\/uploads\/2019\/05\/Cannes-Film-Festival.jpg 942w, https:\/\/www.prestigemag.co\/wp-content\/uploads\/2019\/05\/Cannes-Film-Festival-300x130.jpg 300w, https:\/\/www.prestigemag.co\/wp-content\/uploads\/2019\/05\/Cannes-Film-Festival-770x334.jpg 770w, https:\/\/www.prestigemag.co\/wp-content\/uploads\/2019\/05\/Cannes-Film-Festival-293x127.jpg 293w, https:\/\/www.prestigemag.co\/wp-content\/uploads\/2019\/05\/Cannes-Film-Festival-390x169.jpg 390w, https:\/\/www.prestigemag.co\/wp-content\/uploads\/2019\/05\/Cannes-Film-Festival-768x333.jpg 768w, https:\/\/www.prestigemag.co\/wp-content\/uploads\/2019\/05\/Cannes-Film-Festival-150x65.jpg 150w, https:\/\/www.prestigemag.co\/wp-content\/uploads\/2019\/05\/Cannes-Film-Festival-600x260.jpg 600w, https:\/\/www.prestigemag.co\/wp-content\/uploads\/2019\/05\/Cannes-Film-Festival-289x125.jpg 289w, https:\/\/www.prestigemag.co\/wp-content\/uploads\/2019\/05\/Cannes-Film-Festival-155x67.jpg 155w\" sizes=\"(max-width: 942px) 100vw, 942px\" \/><\/noscript><\/a> De gauche \u00e0 droite: Araya Hargate et Gong Li habill\u00e9es par Ralph &amp; Russo. \u00a9 Ralph &amp; Russo.<\/figcaption><\/figure>\n<p>&nbsp;<\/p>\n<figure id=\"attachment_17272\" aria-describedby=\"caption-attachment-17272\" style=\"width: 281px\" class=\"wp-caption alignleft\"><a href=\"http:\/\/www.prestigemag.co\/wp-content\/uploads\/2019\/05\/CANNES-2019-SELENA-GOMEZ-2.jpg\"><img src=\"data:image\/svg+xml,%3Csvg%20xmlns='http:\/\/www.w3.org\/2000\/svg'%20viewBox='0%200%20281%20422'%3E%3C\/svg%3E\" class=\"zeen-lazy-load-base zeen-lazy-load wp-image-17272\" data-lazy-src=\"http:\/\/www.prestigemag.co\/wp-content\/uploads\/2019\/05\/CANNES-2019-SELENA-GOMEZ-2-250x375.jpg\" alt=\"\" width=\"281\" height=\"422\" data-lazy-srcset=\"https:\/\/www.prestigemag.co\/wp-content\/uploads\/2019\/05\/CANNES-2019-SELENA-GOMEZ-2-250x375.jpg 250w, https:\/\/www.prestigemag.co\/wp-content\/uploads\/2019\/05\/CANNES-2019-SELENA-GOMEZ-2-200x300.jpg 200w, https:\/\/www.prestigemag.co\/wp-content\/uploads\/2019\/05\/CANNES-2019-SELENA-GOMEZ-2-100x150.jpg 100w, https:\/\/www.prestigemag.co\/wp-content\/uploads\/2019\/05\/CANNES-2019-SELENA-GOMEZ-2-83x125.jpg 83w, https:\/\/www.prestigemag.co\/wp-content\/uploads\/2019\/05\/CANNES-2019-SELENA-GOMEZ-2-45x67.jpg 45w, https:\/\/www.prestigemag.co\/wp-content\/uploads\/2019\/05\/CANNES-2019-SELENA-GOMEZ-2.jpg 630w\" data-lazy-sizes=\"(max-width: 281px) 100vw, 281px\" \/><figcaption id=\"caption-attachment-17272\" class=\"wp-caption-text\"><noscript><img class=\"wp-image-17272\" src=\"http:\/\/www.prestigemag.co\/wp-content\/uploads\/2019\/05\/CANNES-2019-SELENA-GOMEZ-2-250x375.jpg\" alt=\"\" width=\"281\" height=\"422\" srcset=\"https:\/\/www.prestigemag.co\/wp-content\/uploads\/2019\/05\/CANNES-2019-SELENA-GOMEZ-2-250x375.jpg 250w, https:\/\/www.prestigemag.co\/wp-content\/uploads\/2019\/05\/CANNES-2019-SELENA-GOMEZ-2-200x300.jpg 200w, https:\/\/www.prestigemag.co\/wp-content\/uploads\/2019\/05\/CANNES-2019-SELENA-GOMEZ-2-100x150.jpg 100w, https:\/\/www.prestigemag.co\/wp-content\/uploads\/2019\/05\/CANNES-2019-SELENA-GOMEZ-2-83x125.jpg 83w, https:\/\/www.prestigemag.co\/wp-content\/uploads\/2019\/05\/CANNES-2019-SELENA-GOMEZ-2-45x67.jpg 45w, https:\/\/www.prestigemag.co\/wp-content\/uploads\/2019\/05\/CANNES-2019-SELENA-GOMEZ-2.jpg 630w\" sizes=\"(max-width: 281px) 100vw, 281px\" \/><\/noscript><\/a> Selena Gomez portait un collier en diamants Bulgari, elle \u00e9tait maquill\u00e9e par Marc Jacobs \u00e0 la projection du film The Dead don&rsquo;t die par Jim Jarmusch. \u00a9 Bulgari<\/figcaption><\/figure>\n<figure id=\"attachment_17273\" aria-describedby=\"caption-attachment-17273\" style=\"width: 306px\" class=\"wp-caption alignleft\"><a href=\"http:\/\/www.prestigemag.co\/wp-content\/uploads\/2019\/05\/Romane-Bohringer-in-Messika-Cannes-Film-Festival-Opening-Ceremony.jpg\"><img src=\"data:image\/svg+xml,%3Csvg%20xmlns='http:\/\/www.w3.org\/2000\/svg'%20viewBox='0%200%20306%20422'%3E%3C\/svg%3E\" class=\"zeen-lazy-load-base zeen-lazy-load wp-image-17273\" data-lazy-src=\"http:\/\/www.prestigemag.co\/wp-content\/uploads\/2019\/05\/Romane-Bohringer-in-Messika-Cannes-Film-Festival-Opening-Ceremony-272x375.jpg\" alt=\"\" width=\"306\" height=\"422\" data-lazy-srcset=\"https:\/\/www.prestigemag.co\/wp-content\/uploads\/2019\/05\/Romane-Bohringer-in-Messika-Cannes-Film-Festival-Opening-Ceremony-272x375.jpg 272w, https:\/\/www.prestigemag.co\/wp-content\/uploads\/2019\/05\/Romane-Bohringer-in-Messika-Cannes-Film-Festival-Opening-Ceremony-218x300.jpg 218w, https:\/\/www.prestigemag.co\/wp-content\/uploads\/2019\/05\/Romane-Bohringer-in-Messika-Cannes-Film-Festival-Opening-Ceremony-109x150.jpg 109w, https:\/\/www.prestigemag.co\/wp-content\/uploads\/2019\/05\/Romane-Bohringer-in-Messika-Cannes-Film-Festival-Opening-Ceremony-91x125.jpg 91w, https:\/\/www.prestigemag.co\/wp-content\/uploads\/2019\/05\/Romane-Bohringer-in-Messika-Cannes-Film-Festival-Opening-Ceremony-49x67.jpg 49w, https:\/\/www.prestigemag.co\/wp-content\/uploads\/2019\/05\/Romane-Bohringer-in-Messika-Cannes-Film-Festival-Opening-Ceremony.jpg 630w\" data-lazy-sizes=\"(max-width: 306px) 100vw, 306px\" \/><figcaption id=\"caption-attachment-17273\" class=\"wp-caption-text\"><noscript><img class=\"wp-image-17273\" src=\"http:\/\/www.prestigemag.co\/wp-content\/uploads\/2019\/05\/Romane-Bohringer-in-Messika-Cannes-Film-Festival-Opening-Ceremony-272x375.jpg\" alt=\"\" width=\"306\" height=\"422\" srcset=\"https:\/\/www.prestigemag.co\/wp-content\/uploads\/2019\/05\/Romane-Bohringer-in-Messika-Cannes-Film-Festival-Opening-Ceremony-272x375.jpg 272w, https:\/\/www.prestigemag.co\/wp-content\/uploads\/2019\/05\/Romane-Bohringer-in-Messika-Cannes-Film-Festival-Opening-Ceremony-218x300.jpg 218w, https:\/\/www.prestigemag.co\/wp-content\/uploads\/2019\/05\/Romane-Bohringer-in-Messika-Cannes-Film-Festival-Opening-Ceremony-109x150.jpg 109w, https:\/\/www.prestigemag.co\/wp-content\/uploads\/2019\/05\/Romane-Bohringer-in-Messika-Cannes-Film-Festival-Opening-Ceremony-91x125.jpg 91w, https:\/\/www.prestigemag.co\/wp-content\/uploads\/2019\/05\/Romane-Bohringer-in-Messika-Cannes-Film-Festival-Opening-Ceremony-49x67.jpg 49w, https:\/\/www.prestigemag.co\/wp-content\/uploads\/2019\/05\/Romane-Bohringer-in-Messika-Cannes-Film-Festival-Opening-Ceremony.jpg 630w\" sizes=\"(max-width: 306px) 100vw, 306px\" \/><\/noscript><\/a> Romane Bohringer portait des boucles d&rsquo;oreilles Messika \u00e0 la c\u00e9r\u00e9monie d&rsquo;ouverture du Festival de Cannes. \u00a9 Messika<\/figcaption><\/figure>\n<figure id=\"attachment_17276\" aria-describedby=\"caption-attachment-17276\" style=\"width: 281px\" class=\"wp-caption alignleft\"><a href=\"http:\/\/www.prestigemag.co\/wp-content\/uploads\/2019\/05\/CHARLOTTE-GAINSBOURG-CELEBRITY-DRESSING-SAINT-LAURENT.jpg\"><img src=\"data:image\/svg+xml,%3Csvg%20xmlns='http:\/\/www.w3.org\/2000\/svg'%20viewBox='0%200%20281%20422'%3E%3C\/svg%3E\" class=\"zeen-lazy-load-base zeen-lazy-load wp-image-17276\" data-lazy-src=\"http:\/\/www.prestigemag.co\/wp-content\/uploads\/2019\/05\/CHARLOTTE-GAINSBOURG-CELEBRITY-DRESSING-SAINT-LAURENT-250x375.jpg\" alt=\"\" width=\"281\" height=\"422\" data-lazy-srcset=\"https:\/\/www.prestigemag.co\/wp-content\/uploads\/2019\/05\/CHARLOTTE-GAINSBOURG-CELEBRITY-DRESSING-SAINT-LAURENT-250x375.jpg 250w, https:\/\/www.prestigemag.co\/wp-content\/uploads\/2019\/05\/CHARLOTTE-GAINSBOURG-CELEBRITY-DRESSING-SAINT-LAURENT-200x300.jpg 200w, https:\/\/www.prestigemag.co\/wp-content\/uploads\/2019\/05\/CHARLOTTE-GAINSBOURG-CELEBRITY-DRESSING-SAINT-LAURENT-100x150.jpg 100w, https:\/\/www.prestigemag.co\/wp-content\/uploads\/2019\/05\/CHARLOTTE-GAINSBOURG-CELEBRITY-DRESSING-SAINT-LAURENT-83x125.jpg 83w, https:\/\/www.prestigemag.co\/wp-content\/uploads\/2019\/05\/CHARLOTTE-GAINSBOURG-CELEBRITY-DRESSING-SAINT-LAURENT-45x67.jpg 45w, https:\/\/www.prestigemag.co\/wp-content\/uploads\/2019\/05\/CHARLOTTE-GAINSBOURG-CELEBRITY-DRESSING-SAINT-LAURENT.jpg 630w\" data-lazy-sizes=\"(max-width: 281px) 100vw, 281px\" \/><figcaption id=\"caption-attachment-17276\" class=\"wp-caption-text\"><noscript><img class=\"wp-image-17276\" src=\"http:\/\/www.prestigemag.co\/wp-content\/uploads\/2019\/05\/CHARLOTTE-GAINSBOURG-CELEBRITY-DRESSING-SAINT-LAURENT-250x375.jpg\" alt=\"\" width=\"281\" height=\"422\" srcset=\"https:\/\/www.prestigemag.co\/wp-content\/uploads\/2019\/05\/CHARLOTTE-GAINSBOURG-CELEBRITY-DRESSING-SAINT-LAURENT-250x375.jpg 250w, https:\/\/www.prestigemag.co\/wp-content\/uploads\/2019\/05\/CHARLOTTE-GAINSBOURG-CELEBRITY-DRESSING-SAINT-LAURENT-200x300.jpg 200w, https:\/\/www.prestigemag.co\/wp-content\/uploads\/2019\/05\/CHARLOTTE-GAINSBOURG-CELEBRITY-DRESSING-SAINT-LAURENT-100x150.jpg 100w, https:\/\/www.prestigemag.co\/wp-content\/uploads\/2019\/05\/CHARLOTTE-GAINSBOURG-CELEBRITY-DRESSING-SAINT-LAURENT-83x125.jpg 83w, https:\/\/www.prestigemag.co\/wp-content\/uploads\/2019\/05\/CHARLOTTE-GAINSBOURG-CELEBRITY-DRESSING-SAINT-LAURENT-45x67.jpg 45w, https:\/\/www.prestigemag.co\/wp-content\/uploads\/2019\/05\/CHARLOTTE-GAINSBOURG-CELEBRITY-DRESSING-SAINT-LAURENT.jpg 630w\" sizes=\"(max-width: 281px) 100vw, 281px\" \/><\/noscript><\/a> Charlotte Gainsbourg portait une robe Saint Laurent one shoulder drap\u00e9e \u00e0 la c\u00e9r\u00e9monie d&rsquo;ouverture du 72e Festival de Cannes. \u00a9 Saint Laurent.<\/figcaption><\/figure>\n<figure id=\"attachment_17277\" aria-describedby=\"caption-attachment-17277\" style=\"width: 269px\" class=\"wp-caption alignleft\"><a href=\"http:\/\/www.prestigemag.co\/wp-content\/uploads\/2019\/05\/ADAM20DRIVER_05-14-2019_B.jpg\"><img src=\"data:image\/svg+xml,%3Csvg%20xmlns='http:\/\/www.w3.org\/2000\/svg'%20viewBox='0%200%20269%20422'%3E%3C\/svg%3E\" class=\"zeen-lazy-load-base zeen-lazy-load wp-image-17277\" data-lazy-src=\"http:\/\/www.prestigemag.co\/wp-content\/uploads\/2019\/05\/ADAM20DRIVER_05-14-2019_B-239x375.jpg\" alt=\"\" width=\"269\" height=\"422\" data-lazy-srcset=\"https:\/\/www.prestigemag.co\/wp-content\/uploads\/2019\/05\/ADAM20DRIVER_05-14-2019_B-239x375.jpg 239w, https:\/\/www.prestigemag.co\/wp-content\/uploads\/2019\/05\/ADAM20DRIVER_05-14-2019_B-191x300.jpg 191w, https:\/\/www.prestigemag.co\/wp-content\/uploads\/2019\/05\/ADAM20DRIVER_05-14-2019_B-96x150.jpg 96w, https:\/\/www.prestigemag.co\/wp-content\/uploads\/2019\/05\/ADAM20DRIVER_05-14-2019_B-80x125.jpg 80w, https:\/\/www.prestigemag.co\/wp-content\/uploads\/2019\/05\/ADAM20DRIVER_05-14-2019_B-43x67.jpg 43w, https:\/\/www.prestigemag.co\/wp-content\/uploads\/2019\/05\/ADAM20DRIVER_05-14-2019_B.jpg 630w\" data-lazy-sizes=\"(max-width: 269px) 100vw, 269px\" \/><figcaption id=\"caption-attachment-17277\" class=\"wp-caption-text\"><noscript><img class=\"wp-image-17277\" src=\"http:\/\/www.prestigemag.co\/wp-content\/uploads\/2019\/05\/ADAM20DRIVER_05-14-2019_B-239x375.jpg\" alt=\"\" width=\"269\" height=\"422\" srcset=\"https:\/\/www.prestigemag.co\/wp-content\/uploads\/2019\/05\/ADAM20DRIVER_05-14-2019_B-239x375.jpg 239w, https:\/\/www.prestigemag.co\/wp-content\/uploads\/2019\/05\/ADAM20DRIVER_05-14-2019_B-191x300.jpg 191w, https:\/\/www.prestigemag.co\/wp-content\/uploads\/2019\/05\/ADAM20DRIVER_05-14-2019_B-96x150.jpg 96w, https:\/\/www.prestigemag.co\/wp-content\/uploads\/2019\/05\/ADAM20DRIVER_05-14-2019_B-80x125.jpg 80w, https:\/\/www.prestigemag.co\/wp-content\/uploads\/2019\/05\/ADAM20DRIVER_05-14-2019_B-43x67.jpg 43w, https:\/\/www.prestigemag.co\/wp-content\/uploads\/2019\/05\/ADAM20DRIVER_05-14-2019_B.jpg 630w\" sizes=\"(max-width: 269px) 100vw, 269px\" \/><\/noscript><\/a> Adam Driver \u00e9tait en Saint Laurent au 72e Festival de Cannes. \u00a9 Saint Laurent.<\/figcaption><\/figure>\n<p>&nbsp;<\/p>\n<figure id=\"attachment_17286\" aria-describedby=\"caption-attachment-17286\" style=\"width: 281px\" class=\"wp-caption alignleft\"><a href=\"http:\/\/www.prestigemag.co\/wp-content\/uploads\/2019\/05\/Alessandra-Ambrosio-wearing-Rene-Caovilla-to-the-72nd-Cannes-Film-Festival.jpeg\"><img src=\"data:image\/svg+xml,%3Csvg%20xmlns='http:\/\/www.w3.org\/2000\/svg'%20viewBox='0%200%20281%20422'%3E%3C\/svg%3E\" class=\"zeen-lazy-load-base zeen-lazy-load wp-image-17286\" data-lazy-src=\"http:\/\/www.prestigemag.co\/wp-content\/uploads\/2019\/05\/Alessandra-Ambrosio-wearing-Rene-Caovilla-to-the-72nd-Cannes-Film-Festival-250x375.jpeg\" alt=\"\" width=\"281\" height=\"422\" data-lazy-srcset=\"https:\/\/www.prestigemag.co\/wp-content\/uploads\/2019\/05\/Alessandra-Ambrosio-wearing-Rene-Caovilla-to-the-72nd-Cannes-Film-Festival-250x375.jpeg 250w, https:\/\/www.prestigemag.co\/wp-content\/uploads\/2019\/05\/Alessandra-Ambrosio-wearing-Rene-Caovilla-to-the-72nd-Cannes-Film-Festival-200x300.jpeg 200w, https:\/\/www.prestigemag.co\/wp-content\/uploads\/2019\/05\/Alessandra-Ambrosio-wearing-Rene-Caovilla-to-the-72nd-Cannes-Film-Festival-100x150.jpeg 100w, https:\/\/www.prestigemag.co\/wp-content\/uploads\/2019\/05\/Alessandra-Ambrosio-wearing-Rene-Caovilla-to-the-72nd-Cannes-Film-Festival-83x125.jpeg 83w, https:\/\/www.prestigemag.co\/wp-content\/uploads\/2019\/05\/Alessandra-Ambrosio-wearing-Rene-Caovilla-to-the-72nd-Cannes-Film-Festival-45x67.jpeg 45w, https:\/\/www.prestigemag.co\/wp-content\/uploads\/2019\/05\/Alessandra-Ambrosio-wearing-Rene-Caovilla-to-the-72nd-Cannes-Film-Festival.jpeg 630w\" data-lazy-sizes=\"(max-width: 281px) 100vw, 281px\" \/><figcaption id=\"caption-attachment-17286\" class=\"wp-caption-text\"><noscript><img class=\"wp-image-17286\" src=\"http:\/\/www.prestigemag.co\/wp-content\/uploads\/2019\/05\/Alessandra-Ambrosio-wearing-Rene-Caovilla-to-the-72nd-Cannes-Film-Festival-250x375.jpeg\" alt=\"\" width=\"281\" height=\"422\" srcset=\"https:\/\/www.prestigemag.co\/wp-content\/uploads\/2019\/05\/Alessandra-Ambrosio-wearing-Rene-Caovilla-to-the-72nd-Cannes-Film-Festival-250x375.jpeg 250w, https:\/\/www.prestigemag.co\/wp-content\/uploads\/2019\/05\/Alessandra-Ambrosio-wearing-Rene-Caovilla-to-the-72nd-Cannes-Film-Festival-200x300.jpeg 200w, https:\/\/www.prestigemag.co\/wp-content\/uploads\/2019\/05\/Alessandra-Ambrosio-wearing-Rene-Caovilla-to-the-72nd-Cannes-Film-Festival-100x150.jpeg 100w, https:\/\/www.prestigemag.co\/wp-content\/uploads\/2019\/05\/Alessandra-Ambrosio-wearing-Rene-Caovilla-to-the-72nd-Cannes-Film-Festival-83x125.jpeg 83w, https:\/\/www.prestigemag.co\/wp-content\/uploads\/2019\/05\/Alessandra-Ambrosio-wearing-Rene-Caovilla-to-the-72nd-Cannes-Film-Festival-45x67.jpeg 45w, https:\/\/www.prestigemag.co\/wp-content\/uploads\/2019\/05\/Alessandra-Ambrosio-wearing-Rene-Caovilla-to-the-72nd-Cannes-Film-Festival.jpeg 630w\" sizes=\"(max-width: 281px) 100vw, 281px\" \/><\/noscript><\/a> Alessandra Ambrosio portait Rene Caovilla au 72e Festival de Cannes. \u00a9 Rene Caovilla.<\/figcaption><\/figure>\n<figure id=\"attachment_17289\" aria-describedby=\"caption-attachment-17289\" style=\"width: 281px\" class=\"wp-caption alignleft\"><a href=\"http:\/\/www.prestigemag.co\/wp-content\/uploads\/2019\/05\/Nadine-Labaki-1.jpg\"><img src=\"data:image\/svg+xml,%3Csvg%20xmlns='http:\/\/www.w3.org\/2000\/svg'%20viewBox='0%200%20281%20422'%3E%3C\/svg%3E\" class=\"zeen-lazy-load-base zeen-lazy-load wp-image-17289\" data-lazy-src=\"http:\/\/www.prestigemag.co\/wp-content\/uploads\/2019\/05\/Nadine-Labaki-1-250x375.jpg\" alt=\"\" width=\"281\" height=\"422\" data-lazy-srcset=\"https:\/\/www.prestigemag.co\/wp-content\/uploads\/2019\/05\/Nadine-Labaki-1-250x375.jpg 250w, https:\/\/www.prestigemag.co\/wp-content\/uploads\/2019\/05\/Nadine-Labaki-1-200x300.jpg 200w, https:\/\/www.prestigemag.co\/wp-content\/uploads\/2019\/05\/Nadine-Labaki-1-100x150.jpg 100w, https:\/\/www.prestigemag.co\/wp-content\/uploads\/2019\/05\/Nadine-Labaki-1-83x125.jpg 83w, https:\/\/www.prestigemag.co\/wp-content\/uploads\/2019\/05\/Nadine-Labaki-1-45x67.jpg 45w, https:\/\/www.prestigemag.co\/wp-content\/uploads\/2019\/05\/Nadine-Labaki-1.jpg 630w\" data-lazy-sizes=\"(max-width: 281px) 100vw, 281px\" \/><figcaption id=\"caption-attachment-17289\" class=\"wp-caption-text\"><noscript><img class=\"wp-image-17289\" src=\"http:\/\/www.prestigemag.co\/wp-content\/uploads\/2019\/05\/Nadine-Labaki-1-250x375.jpg\" alt=\"\" width=\"281\" height=\"422\" srcset=\"https:\/\/www.prestigemag.co\/wp-content\/uploads\/2019\/05\/Nadine-Labaki-1-250x375.jpg 250w, https:\/\/www.prestigemag.co\/wp-content\/uploads\/2019\/05\/Nadine-Labaki-1-200x300.jpg 200w, https:\/\/www.prestigemag.co\/wp-content\/uploads\/2019\/05\/Nadine-Labaki-1-100x150.jpg 100w, https:\/\/www.prestigemag.co\/wp-content\/uploads\/2019\/05\/Nadine-Labaki-1-83x125.jpg 83w, https:\/\/www.prestigemag.co\/wp-content\/uploads\/2019\/05\/Nadine-Labaki-1-45x67.jpg 45w, https:\/\/www.prestigemag.co\/wp-content\/uploads\/2019\/05\/Nadine-Labaki-1.jpg 630w\" sizes=\"(max-width: 281px) 100vw, 281px\" \/><\/noscript><\/a> La r\u00e9alisatrice libanaise Nadine Labaki, premi\u00e8re femme arabe \u00e0 pr\u00e9sider le jury Un Certain Regard, au Festival de Cannes portait une robe Haute Couture Dior. \u00a9 Dior<\/figcaption><\/figure>\n<figure id=\"attachment_17279\" aria-describedby=\"caption-attachment-17279\" style=\"width: 281px\" class=\"wp-caption alignleft\"><a href=\"http:\/\/www.prestigemag.co\/wp-content\/uploads\/2019\/05\/Angele_wore_CHANEL_at_the_Opening_Ceremony.jpg\"><img src=\"data:image\/svg+xml,%3Csvg%20xmlns='http:\/\/www.w3.org\/2000\/svg'%20viewBox='0%200%20281%20422'%3E%3C\/svg%3E\" class=\"zeen-lazy-load-base zeen-lazy-load wp-image-17279\" data-lazy-src=\"http:\/\/www.prestigemag.co\/wp-content\/uploads\/2019\/05\/Angele_wore_CHANEL_at_the_Opening_Ceremony-250x375.jpg\" alt=\"\" width=\"281\" height=\"422\" data-lazy-srcset=\"https:\/\/www.prestigemag.co\/wp-content\/uploads\/2019\/05\/Angele_wore_CHANEL_at_the_Opening_Ceremony-250x375.jpg 250w, https:\/\/www.prestigemag.co\/wp-content\/uploads\/2019\/05\/Angele_wore_CHANEL_at_the_Opening_Ceremony-200x300.jpg 200w, https:\/\/www.prestigemag.co\/wp-content\/uploads\/2019\/05\/Angele_wore_CHANEL_at_the_Opening_Ceremony-100x150.jpg 100w, https:\/\/www.prestigemag.co\/wp-content\/uploads\/2019\/05\/Angele_wore_CHANEL_at_the_Opening_Ceremony-83x125.jpg 83w, https:\/\/www.prestigemag.co\/wp-content\/uploads\/2019\/05\/Angele_wore_CHANEL_at_the_Opening_Ceremony-45x67.jpg 45w, https:\/\/www.prestigemag.co\/wp-content\/uploads\/2019\/05\/Angele_wore_CHANEL_at_the_Opening_Ceremony.jpg 630w\" data-lazy-sizes=\"(max-width: 281px) 100vw, 281px\" \/><figcaption id=\"caption-attachment-17279\" class=\"wp-caption-text\"><noscript><img class=\"wp-image-17279\" src=\"http:\/\/www.prestigemag.co\/wp-content\/uploads\/2019\/05\/Angele_wore_CHANEL_at_the_Opening_Ceremony-250x375.jpg\" alt=\"\" width=\"281\" height=\"422\" srcset=\"https:\/\/www.prestigemag.co\/wp-content\/uploads\/2019\/05\/Angele_wore_CHANEL_at_the_Opening_Ceremony-250x375.jpg 250w, https:\/\/www.prestigemag.co\/wp-content\/uploads\/2019\/05\/Angele_wore_CHANEL_at_the_Opening_Ceremony-200x300.jpg 200w, https:\/\/www.prestigemag.co\/wp-content\/uploads\/2019\/05\/Angele_wore_CHANEL_at_the_Opening_Ceremony-100x150.jpg 100w, https:\/\/www.prestigemag.co\/wp-content\/uploads\/2019\/05\/Angele_wore_CHANEL_at_the_Opening_Ceremony-83x125.jpg 83w, https:\/\/www.prestigemag.co\/wp-content\/uploads\/2019\/05\/Angele_wore_CHANEL_at_the_Opening_Ceremony-45x67.jpg 45w, https:\/\/www.prestigemag.co\/wp-content\/uploads\/2019\/05\/Angele_wore_CHANEL_at_the_Opening_Ceremony.jpg 630w\" sizes=\"(max-width: 281px) 100vw, 281px\" \/><\/noscript><\/a> Angele portait Chanel \u00e0 la c\u00e9r\u00e9monie d&rsquo;ouverture du 72e Festival de Cannes. \u00a9 Chanel.<\/figcaption><\/figure>\n<figure id=\"attachment_17283\" aria-describedby=\"caption-attachment-17283\" style=\"width: 260px\" class=\"wp-caption alignleft\"><a href=\"http:\/\/www.prestigemag.co\/wp-content\/uploads\/2019\/05\/Dilan-Deniz-in-Messika-Cannes-Film-Festival-Opening-Ceremony-4.jpg\"><img src=\"data:image\/svg+xml,%3Csvg%20xmlns='http:\/\/www.w3.org\/2000\/svg'%20viewBox='0%200%20260%20422'%3E%3C\/svg%3E\" class=\"zeen-lazy-load-base zeen-lazy-load wp-image-17283\" data-lazy-src=\"http:\/\/www.prestigemag.co\/wp-content\/uploads\/2019\/05\/Dilan-Deniz-in-Messika-Cannes-Film-Festival-Opening-Ceremony-4-231x375.jpg\" alt=\"\" width=\"260\" height=\"422\" data-lazy-srcset=\"https:\/\/www.prestigemag.co\/wp-content\/uploads\/2019\/05\/Dilan-Deniz-in-Messika-Cannes-Film-Festival-Opening-Ceremony-4-231x375.jpg 231w, https:\/\/www.prestigemag.co\/wp-content\/uploads\/2019\/05\/Dilan-Deniz-in-Messika-Cannes-Film-Festival-Opening-Ceremony-4-185x300.jpg 185w, https:\/\/www.prestigemag.co\/wp-content\/uploads\/2019\/05\/Dilan-Deniz-in-Messika-Cannes-Film-Festival-Opening-Ceremony-4-92x150.jpg 92w, https:\/\/www.prestigemag.co\/wp-content\/uploads\/2019\/05\/Dilan-Deniz-in-Messika-Cannes-Film-Festival-Opening-Ceremony-4-77x125.jpg 77w, https:\/\/www.prestigemag.co\/wp-content\/uploads\/2019\/05\/Dilan-Deniz-in-Messika-Cannes-Film-Festival-Opening-Ceremony-4-41x67.jpg 41w, https:\/\/www.prestigemag.co\/wp-content\/uploads\/2019\/05\/Dilan-Deniz-in-Messika-Cannes-Film-Festival-Opening-Ceremony-4.jpg 630w\" data-lazy-sizes=\"(max-width: 260px) 100vw, 260px\" \/><figcaption id=\"caption-attachment-17283\" class=\"wp-caption-text\"><noscript><img class=\"wp-image-17283\" src=\"http:\/\/www.prestigemag.co\/wp-content\/uploads\/2019\/05\/Dilan-Deniz-in-Messika-Cannes-Film-Festival-Opening-Ceremony-4-231x375.jpg\" alt=\"\" width=\"260\" height=\"422\" srcset=\"https:\/\/www.prestigemag.co\/wp-content\/uploads\/2019\/05\/Dilan-Deniz-in-Messika-Cannes-Film-Festival-Opening-Ceremony-4-231x375.jpg 231w, https:\/\/www.prestigemag.co\/wp-content\/uploads\/2019\/05\/Dilan-Deniz-in-Messika-Cannes-Film-Festival-Opening-Ceremony-4-185x300.jpg 185w, https:\/\/www.prestigemag.co\/wp-content\/uploads\/2019\/05\/Dilan-Deniz-in-Messika-Cannes-Film-Festival-Opening-Ceremony-4-92x150.jpg 92w, https:\/\/www.prestigemag.co\/wp-content\/uploads\/2019\/05\/Dilan-Deniz-in-Messika-Cannes-Film-Festival-Opening-Ceremony-4-77x125.jpg 77w, https:\/\/www.prestigemag.co\/wp-content\/uploads\/2019\/05\/Dilan-Deniz-in-Messika-Cannes-Film-Festival-Opening-Ceremony-4-41x67.jpg 41w, https:\/\/www.prestigemag.co\/wp-content\/uploads\/2019\/05\/Dilan-Deniz-in-Messika-Cannes-Film-Festival-Opening-Ceremony-4.jpg 630w\" sizes=\"(max-width: 260px) 100vw, 260px\" \/><\/noscript><\/a> Dilan Deniz portait un collier Messika au 72e Festival de Cannes. \u00a9 Messika.<\/figcaption><\/figure>\n<figure id=\"attachment_17280\" aria-describedby=\"caption-attachment-17280\" style=\"width: 281px\" class=\"wp-caption alignleft\"><a href=\"http:\/\/www.prestigemag.co\/wp-content\/uploads\/2019\/05\/Golshifteh-Farahani-in-Givenchy-Haute-Couture.jpg\"><img src=\"data:image\/svg+xml,%3Csvg%20xmlns='http:\/\/www.w3.org\/2000\/svg'%20viewBox='0%200%20281%20422'%3E%3C\/svg%3E\" class=\"zeen-lazy-load-base zeen-lazy-load wp-image-17280\" data-lazy-src=\"http:\/\/www.prestigemag.co\/wp-content\/uploads\/2019\/05\/Golshifteh-Farahani-in-Givenchy-Haute-Couture-250x375.jpg\" alt=\"\" width=\"281\" height=\"422\" data-lazy-srcset=\"https:\/\/www.prestigemag.co\/wp-content\/uploads\/2019\/05\/Golshifteh-Farahani-in-Givenchy-Haute-Couture-250x375.jpg 250w, https:\/\/www.prestigemag.co\/wp-content\/uploads\/2019\/05\/Golshifteh-Farahani-in-Givenchy-Haute-Couture-200x300.jpg 200w, https:\/\/www.prestigemag.co\/wp-content\/uploads\/2019\/05\/Golshifteh-Farahani-in-Givenchy-Haute-Couture-100x150.jpg 100w, https:\/\/www.prestigemag.co\/wp-content\/uploads\/2019\/05\/Golshifteh-Farahani-in-Givenchy-Haute-Couture-83x125.jpg 83w, https:\/\/www.prestigemag.co\/wp-content\/uploads\/2019\/05\/Golshifteh-Farahani-in-Givenchy-Haute-Couture-45x67.jpg 45w, https:\/\/www.prestigemag.co\/wp-content\/uploads\/2019\/05\/Golshifteh-Farahani-in-Givenchy-Haute-Couture.jpg 630w\" data-lazy-sizes=\"(max-width: 281px) 100vw, 281px\" \/><figcaption id=\"caption-attachment-17280\" class=\"wp-caption-text\"><noscript><img class=\"wp-image-17280\" src=\"http:\/\/www.prestigemag.co\/wp-content\/uploads\/2019\/05\/Golshifteh-Farahani-in-Givenchy-Haute-Couture-250x375.jpg\" alt=\"\" width=\"281\" height=\"422\" srcset=\"https:\/\/www.prestigemag.co\/wp-content\/uploads\/2019\/05\/Golshifteh-Farahani-in-Givenchy-Haute-Couture-250x375.jpg 250w, https:\/\/www.prestigemag.co\/wp-content\/uploads\/2019\/05\/Golshifteh-Farahani-in-Givenchy-Haute-Couture-200x300.jpg 200w, https:\/\/www.prestigemag.co\/wp-content\/uploads\/2019\/05\/Golshifteh-Farahani-in-Givenchy-Haute-Couture-100x150.jpg 100w, https:\/\/www.prestigemag.co\/wp-content\/uploads\/2019\/05\/Golshifteh-Farahani-in-Givenchy-Haute-Couture-83x125.jpg 83w, https:\/\/www.prestigemag.co\/wp-content\/uploads\/2019\/05\/Golshifteh-Farahani-in-Givenchy-Haute-Couture-45x67.jpg 45w, https:\/\/www.prestigemag.co\/wp-content\/uploads\/2019\/05\/Golshifteh-Farahani-in-Givenchy-Haute-Couture.jpg 630w\" sizes=\"(max-width: 281px) 100vw, 281px\" \/><\/noscript><\/a> Golshifteh Farahani portait une robe noire en soie de Givenchy Haute Couture, \u00e0 la premi\u00e8re de The Dead don&rsquo;t die. Coiffure de John Nollet. \u00a9 Givenchy.<\/figcaption><\/figure>\n<figure id=\"attachment_17284\" aria-describedby=\"caption-attachment-17284\" style=\"width: 281px\" class=\"wp-caption alignleft\"><a href=\"http:\/\/www.prestigemag.co\/wp-content\/uploads\/2019\/05\/VALENTINO-CELEBRITY-ANNOUNCEMENT-THE-OPENING-CEREMONY-OF-THE-72ND-ANNUAL-CANNES-FILM-FESTIVAL.jpg\"><img src=\"data:image\/svg+xml,%3Csvg%20xmlns='http:\/\/www.w3.org\/2000\/svg'%20viewBox='0%200%20281%20422'%3E%3C\/svg%3E\" class=\"zeen-lazy-load-base zeen-lazy-load wp-image-17284\" data-lazy-src=\"http:\/\/www.prestigemag.co\/wp-content\/uploads\/2019\/05\/VALENTINO-CELEBRITY-ANNOUNCEMENT-THE-OPENING-CEREMONY-OF-THE-72ND-ANNUAL-CANNES-FILM-FESTIVAL-250x375.jpg\" alt=\"\" width=\"281\" height=\"422\" data-lazy-srcset=\"https:\/\/www.prestigemag.co\/wp-content\/uploads\/2019\/05\/VALENTINO-CELEBRITY-ANNOUNCEMENT-THE-OPENING-CEREMONY-OF-THE-72ND-ANNUAL-CANNES-FILM-FESTIVAL-250x375.jpg 250w, https:\/\/www.prestigemag.co\/wp-content\/uploads\/2019\/05\/VALENTINO-CELEBRITY-ANNOUNCEMENT-THE-OPENING-CEREMONY-OF-THE-72ND-ANNUAL-CANNES-FILM-FESTIVAL-200x300.jpg 200w, https:\/\/www.prestigemag.co\/wp-content\/uploads\/2019\/05\/VALENTINO-CELEBRITY-ANNOUNCEMENT-THE-OPENING-CEREMONY-OF-THE-72ND-ANNUAL-CANNES-FILM-FESTIVAL-100x150.jpg 100w, https:\/\/www.prestigemag.co\/wp-content\/uploads\/2019\/05\/VALENTINO-CELEBRITY-ANNOUNCEMENT-THE-OPENING-CEREMONY-OF-THE-72ND-ANNUAL-CANNES-FILM-FESTIVAL-83x125.jpg 83w, https:\/\/www.prestigemag.co\/wp-content\/uploads\/2019\/05\/VALENTINO-CELEBRITY-ANNOUNCEMENT-THE-OPENING-CEREMONY-OF-THE-72ND-ANNUAL-CANNES-FILM-FESTIVAL-45x67.jpg 45w, https:\/\/www.prestigemag.co\/wp-content\/uploads\/2019\/05\/VALENTINO-CELEBRITY-ANNOUNCEMENT-THE-OPENING-CEREMONY-OF-THE-72ND-ANNUAL-CANNES-FILM-FESTIVAL.jpg 630w\" data-lazy-sizes=\"(max-width: 281px) 100vw, 281px\" \/><figcaption id=\"caption-attachment-17284\" class=\"wp-caption-text\"><noscript><img class=\"wp-image-17284\" src=\"http:\/\/www.prestigemag.co\/wp-content\/uploads\/2019\/05\/VALENTINO-CELEBRITY-ANNOUNCEMENT-THE-OPENING-CEREMONY-OF-THE-72ND-ANNUAL-CANNES-FILM-FESTIVAL-250x375.jpg\" alt=\"\" width=\"281\" height=\"422\" srcset=\"https:\/\/www.prestigemag.co\/wp-content\/uploads\/2019\/05\/VALENTINO-CELEBRITY-ANNOUNCEMENT-THE-OPENING-CEREMONY-OF-THE-72ND-ANNUAL-CANNES-FILM-FESTIVAL-250x375.jpg 250w, https:\/\/www.prestigemag.co\/wp-content\/uploads\/2019\/05\/VALENTINO-CELEBRITY-ANNOUNCEMENT-THE-OPENING-CEREMONY-OF-THE-72ND-ANNUAL-CANNES-FILM-FESTIVAL-200x300.jpg 200w, https:\/\/www.prestigemag.co\/wp-content\/uploads\/2019\/05\/VALENTINO-CELEBRITY-ANNOUNCEMENT-THE-OPENING-CEREMONY-OF-THE-72ND-ANNUAL-CANNES-FILM-FESTIVAL-100x150.jpg 100w, https:\/\/www.prestigemag.co\/wp-content\/uploads\/2019\/05\/VALENTINO-CELEBRITY-ANNOUNCEMENT-THE-OPENING-CEREMONY-OF-THE-72ND-ANNUAL-CANNES-FILM-FESTIVAL-83x125.jpg 83w, https:\/\/www.prestigemag.co\/wp-content\/uploads\/2019\/05\/VALENTINO-CELEBRITY-ANNOUNCEMENT-THE-OPENING-CEREMONY-OF-THE-72ND-ANNUAL-CANNES-FILM-FESTIVAL-45x67.jpg 45w, https:\/\/www.prestigemag.co\/wp-content\/uploads\/2019\/05\/VALENTINO-CELEBRITY-ANNOUNCEMENT-THE-OPENING-CEREMONY-OF-THE-72ND-ANNUAL-CANNES-FILM-FESTIVAL.jpg 630w\" sizes=\"(max-width: 281px) 100vw, 281px\" \/><\/noscript><\/a> Louise Bourgoin portait une robe Valentino de la collection Automne Hiver 19\/20. \u00a9 Valentino\/SGP Italia.<\/figcaption><\/figure>\n","protected":false},"excerpt":{"rendered":"<p><em>Les projections et les festivit\u00e9s de la 72e \u00e9dition du Festival de Cannes ont d\u00e9but\u00e9 le soir du 14 mai 2019. Edouard Baer, Ma\u00eetre de c\u00e9r\u00e9monie, a plac\u00e9 dans son discours la c\u00e9r\u00e9monie sous le signe de l\u2019exp\u00e9rience partag\u00e9e<\/em><br \/>.<\/p>\n","protected":false},"author":3,"featured_media":22959,"comment_status":"closed","ping_status":"closed","sticky":false,"template":"","format":"standard","meta":[],"categories":[13333],"tags":[],"yoast_head":"<!-- This site is optimized with the Yoast SEO plugin v19.4 - https:\/\/yoast.com\/wordpress\/plugins\/seo\/ -->\n<title>Coup d\u2019envoi de la 72e \u00e9dition du Festival de Cannes - Prestige Magazine<\/title>\n<meta name=\"description\" content=\"Les projections et les festivit\u00e9s de la 72e \u00e9dition du Festival de Cannes ont d\u00e9but\u00e9 le soir du 14 mai 2019. Edouard Baer, Ma\u00eetre de c\u00e9r\u00e9monie, a plac\u00e9 dans son discours la c\u00e9r\u00e9monie sous le signe de l\u2019exp\u00e9rience partag\u00e9e.\" \/>\n<meta name=\"robots\" content=\"index, follow, max-snippet:-1, max-image-preview:large, max-video-preview:-1\" \/>\n<link rel=\"canonical\" href=\"https:\/\/www.prestigemag.co\/fr\/2019\/05\/coup-denvoi-de-la-72e-edition-du-festival-de-cannes\/\" \/>\n<meta property=\"og:locale\" content=\"fr_FR\" \/>\n<meta property=\"og:type\" content=\"article\" \/>\n<meta property=\"og:title\" content=\"Coup d\u2019envoi de la 72e \u00e9dition du Festival de Cannes - Prestige Magazine\" \/>\n<meta property=\"og:description\" content=\"Les projections et les festivit\u00e9s de la 72e \u00e9dition du Festival de Cannes ont d\u00e9but\u00e9 le soir du 14 mai 2019. Edouard Baer, Ma\u00eetre de c\u00e9r\u00e9monie, a plac\u00e9 dans son discours la c\u00e9r\u00e9monie sous le signe de l\u2019exp\u00e9rience partag\u00e9e.\" \/>\n<meta property=\"og:url\" content=\"https:\/\/www.prestigemag.co\/fr\/2019\/05\/coup-denvoi-de-la-72e-edition-du-festival-de-cannes\/\" \/>\n<meta property=\"og:site_name\" content=\"Prestige Magazine\" \/>\n<meta property=\"article:publisher\" content=\"https:\/\/www.facebook.com\/prestigemag.co\/\" \/>\n<meta property=\"article:published_time\" content=\"2019-05-15T12:25:32+00:00\" \/>\n<meta property=\"og:image\" content=\"https:\/\/www.prestigemag.co\/wp-content\/uploads\/2019\/05\/Cannes-Film-Festival.jpg\" \/>\n\t<meta property=\"og:image:width\" content=\"942\" \/>\n\t<meta property=\"og:image:height\" content=\"408\" \/>\n\t<meta property=\"og:image:type\" content=\"image\/jpeg\" \/>\n<meta name=\"author\" content=\"prestige\" \/>\n<meta name=\"twitter:card\" content=\"summary\" \/>\n<meta name=\"twitter:label1\" content=\"\u00c9crit par\" \/>\n\t<meta name=\"twitter:data1\" content=\"prestige\" \/>\n\t<meta name=\"twitter:label2\" content=\"Dur\u00e9e de lecture estim\u00e9e\" \/>\n\t<meta name=\"twitter:data2\" content=\"2 minutes\" \/>\n<script type=\"application\/ld+json\" class=\"yoast-schema-graph\">{\"@context\":\"https:\/\/schema.org\",\"@graph\":[{\"@type\":\"Organization\",\"@id\":\"https:\/\/www.prestigemag.co\/#organization\",\"name\":\"Prestige\",\"url\":\"https:\/\/www.prestigemag.co\/\",\"sameAs\":[\"https:\/\/www.instagram.com\/prestige.mag\/\",\"https:\/\/www.facebook.com\/prestigemag.co\/\"],\"logo\":{\"@type\":\"ImageObject\",\"inLanguage\":\"fr-FR\",\"@id\":\"https:\/\/www.prestigemag.co\/#\/schema\/logo\/image\/\",\"url\":\"https:\/\/www.prestigemag.co\/wp-content\/uploads\/2021\/11\/logo-Prestige-800x200-1.png\",\"contentUrl\":\"https:\/\/www.prestigemag.co\/wp-content\/uploads\/2021\/11\/logo-Prestige-800x200-1.png\",\"width\":800,\"height\":200,\"caption\":\"Prestige\"},\"image\":{\"@id\":\"https:\/\/www.prestigemag.co\/#\/schema\/logo\/image\/\"}},{\"@type\":\"WebSite\",\"@id\":\"https:\/\/www.prestigemag.co\/#website\",\"url\":\"https:\/\/www.prestigemag.co\/\",\"name\":\"Prestige Magazine\",\"description\":\"Le Monde Des C\u00e9l\u00e9brit\u00e9s\",\"publisher\":{\"@id\":\"https:\/\/www.prestigemag.co\/#organization\"},\"potentialAction\":[{\"@type\":\"SearchAction\",\"target\":{\"@type\":\"EntryPoint\",\"urlTemplate\":\"https:\/\/www.prestigemag.co\/?s={search_term_string}\"},\"query-input\":\"required name=search_term_string\"}],\"inLanguage\":\"fr-FR\"},{\"@type\":\"WebPage\",\"@id\":\"https:\/\/www.prestigemag.co\/fr\/2019\/05\/coup-denvoi-de-la-72e-edition-du-festival-de-cannes\/\",\"url\":\"https:\/\/www.prestigemag.co\/fr\/2019\/05\/coup-denvoi-de-la-72e-edition-du-festival-de-cannes\/\",\"name\":\"Coup d\u2019envoi de la 72e \u00e9dition du Festival de Cannes - Prestige Magazine\",\"isPartOf\":{\"@id\":\"https:\/\/www.prestigemag.co\/#website\"},\"datePublished\":\"2019-05-15T12:25:32+00:00\",\"dateModified\":\"2019-05-15T12:25:32+00:00\",\"description\":\"Les projections et les festivit\u00e9s de la 72e \u00e9dition du Festival de Cannes ont d\u00e9but\u00e9 le soir du 14 mai 2019. Edouard Baer, Ma\u00eetre de c\u00e9r\u00e9monie, a plac\u00e9 dans son discours la c\u00e9r\u00e9monie sous le signe de l\u2019exp\u00e9rience partag\u00e9e.\",\"breadcrumb\":{\"@id\":\"https:\/\/www.prestigemag.co\/fr\/2019\/05\/coup-denvoi-de-la-72e-edition-du-festival-de-cannes\/#breadcrumb\"},\"inLanguage\":\"fr-FR\",\"potentialAction\":[{\"@type\":\"ReadAction\",\"target\":[\"https:\/\/www.prestigemag.co\/fr\/2019\/05\/coup-denvoi-de-la-72e-edition-du-festival-de-cannes\/\"]}]},{\"@type\":\"BreadcrumbList\",\"@id\":\"https:\/\/www.prestigemag.co\/fr\/2019\/05\/coup-denvoi-de-la-72e-edition-du-festival-de-cannes\/#breadcrumb\",\"itemListElement\":[{\"@type\":\"ListItem\",\"position\":1,\"name\":\"Home\",\"item\":\"https:\/\/www.prestigemag.co\/fr\/\"},{\"@type\":\"ListItem\",\"position\":2,\"name\":\"Coup d\u2019envoi de la 72e \u00e9dition du Festival de Cannes\"}]},{\"@type\":\"Article\",\"@id\":\"https:\/\/www.prestigemag.co\/fr\/2019\/05\/coup-denvoi-de-la-72e-edition-du-festival-de-cannes\/#article\",\"isPartOf\":{\"@id\":\"https:\/\/www.prestigemag.co\/fr\/2019\/05\/coup-denvoi-de-la-72e-edition-du-festival-de-cannes\/\"},\"author\":{\"name\":\"prestige\",\"@id\":\"https:\/\/www.prestigemag.co\/#\/schema\/person\/e3f149368970128d68bb2d797bf30fbc\"},\"headline\":\"Coup d\u2019envoi de la 72e \u00e9dition du Festival de Cannes\",\"datePublished\":\"2019-05-15T12:25:32+00:00\",\"dateModified\":\"2019-05-15T12:25:32+00:00\",\"mainEntityOfPage\":{\"@id\":\"https:\/\/www.prestigemag.co\/fr\/2019\/05\/coup-denvoi-de-la-72e-edition-du-festival-de-cannes\/\"},\"wordCount\":394,\"publisher\":{\"@id\":\"https:\/\/www.prestigemag.co\/#organization\"},\"articleSection\":[\"\u00c9v\u00e9nements\"],\"inLanguage\":\"fr-FR\"},{\"@type\":\"Person\",\"@id\":\"https:\/\/www.prestigemag.co\/#\/schema\/person\/e3f149368970128d68bb2d797bf30fbc\",\"name\":\"prestige\",\"image\":{\"@type\":\"ImageObject\",\"inLanguage\":\"fr-FR\",\"@id\":\"https:\/\/www.prestigemag.co\/#\/schema\/person\/image\/\",\"url\":\"https:\/\/secure.gravatar.com\/avatar\/0aa2dff5484d35e50578639a2c3ccef9?s=96&d=mm&r=g\",\"contentUrl\":\"https:\/\/secure.gravatar.com\/avatar\/0aa2dff5484d35e50578639a2c3ccef9?s=96&d=mm&r=g\",\"caption\":\"prestige\"},\"url\":\"https:\/\/www.prestigemag.co\/fr\/author\/prestige\/\"}]}<\/script>\n<!-- \/ Yoast SEO plugin. -->","yoast_head_json":{"title":"Coup d\u2019envoi de la 72e \u00e9dition du Festival de Cannes - Prestige Magazine","description":"Les projections et les festivit\u00e9s de la 72e \u00e9dition du Festival de Cannes ont d\u00e9but\u00e9 le soir du 14 mai 2019. Edouard Baer, Ma\u00eetre de c\u00e9r\u00e9monie, a plac\u00e9 dans son discours la c\u00e9r\u00e9monie sous le signe de l\u2019exp\u00e9rience partag\u00e9e.","robots":{"index":"index","follow":"follow","max-snippet":"max-snippet:-1","max-image-preview":"max-image-preview:large","max-video-preview":"max-video-preview:-1"},"canonical":"https:\/\/www.prestigemag.co\/fr\/2019\/05\/coup-denvoi-de-la-72e-edition-du-festival-de-cannes\/","og_locale":"fr_FR","og_type":"article","og_title":"Coup d\u2019envoi de la 72e \u00e9dition du Festival de Cannes - Prestige Magazine","og_description":"Les projections et les festivit\u00e9s de la 72e \u00e9dition du Festival de Cannes ont d\u00e9but\u00e9 le soir du 14 mai 2019. Edouard Baer, Ma\u00eetre de c\u00e9r\u00e9monie, a plac\u00e9 dans son discours la c\u00e9r\u00e9monie sous le signe de l\u2019exp\u00e9rience partag\u00e9e.","og_url":"https:\/\/www.prestigemag.co\/fr\/2019\/05\/coup-denvoi-de-la-72e-edition-du-festival-de-cannes\/","og_site_name":"Prestige Magazine","article_publisher":"https:\/\/www.facebook.com\/prestigemag.co\/","article_published_time":"2019-05-15T12:25:32+00:00","og_image":[{"width":942,"height":408,"url":"https:\/\/www.prestigemag.co\/wp-content\/uploads\/2019\/05\/Cannes-Film-Festival.jpg","type":"image\/jpeg"}],"author":"prestige","twitter_card":"summary","twitter_misc":{"\u00c9crit par":"prestige","Dur\u00e9e de lecture estim\u00e9e":"2 minutes"},"schema":{"@context":"https:\/\/schema.org","@graph":[{"@type":"Organization","@id":"https:\/\/www.prestigemag.co\/#organization","name":"Prestige","url":"https:\/\/www.prestigemag.co\/","sameAs":["https:\/\/www.instagram.com\/prestige.mag\/","https:\/\/www.facebook.com\/prestigemag.co\/"],"logo":{"@type":"ImageObject","inLanguage":"fr-FR","@id":"https:\/\/www.prestigemag.co\/#\/schema\/logo\/image\/","url":"https:\/\/www.prestigemag.co\/wp-content\/uploads\/2021\/11\/logo-Prestige-800x200-1.png","contentUrl":"https:\/\/www.prestigemag.co\/wp-content\/uploads\/2021\/11\/logo-Prestige-800x200-1.png","width":800,"height":200,"caption":"Prestige"},"image":{"@id":"https:\/\/www.prestigemag.co\/#\/schema\/logo\/image\/"}},{"@type":"WebSite","@id":"https:\/\/www.prestigemag.co\/#website","url":"https:\/\/www.prestigemag.co\/","name":"Prestige Magazine","description":"Le Monde Des C\u00e9l\u00e9brit\u00e9s","publisher":{"@id":"https:\/\/www.prestigemag.co\/#organization"},"potentialAction":[{"@type":"SearchAction","target":{"@type":"EntryPoint","urlTemplate":"https:\/\/www.prestigemag.co\/?s={search_term_string}"},"query-input":"required name=search_term_string"}],"inLanguage":"fr-FR"},{"@type":"WebPage","@id":"https:\/\/www.prestigemag.co\/fr\/2019\/05\/coup-denvoi-de-la-72e-edition-du-festival-de-cannes\/","url":"https:\/\/www.prestigemag.co\/fr\/2019\/05\/coup-denvoi-de-la-72e-edition-du-festival-de-cannes\/","name":"Coup d\u2019envoi de la 72e \u00e9dition du Festival de Cannes - Prestige Magazine","isPartOf":{"@id":"https:\/\/www.prestigemag.co\/#website"},"datePublished":"2019-05-15T12:25:32+00:00","dateModified":"2019-05-15T12:25:32+00:00","description":"Les projections et les festivit\u00e9s de la 72e \u00e9dition du Festival de Cannes ont d\u00e9but\u00e9 le soir du 14 mai 2019. Edouard Baer, Ma\u00eetre de c\u00e9r\u00e9monie, a plac\u00e9 dans son discours la c\u00e9r\u00e9monie sous le signe de l\u2019exp\u00e9rience partag\u00e9e.","breadcrumb":{"@id":"https:\/\/www.prestigemag.co\/fr\/2019\/05\/coup-denvoi-de-la-72e-edition-du-festival-de-cannes\/#breadcrumb"},"inLanguage":"fr-FR","potentialAction":[{"@type":"ReadAction","target":["https:\/\/www.prestigemag.co\/fr\/2019\/05\/coup-denvoi-de-la-72e-edition-du-festival-de-cannes\/"]}]},{"@type":"BreadcrumbList","@id":"https:\/\/www.prestigemag.co\/fr\/2019\/05\/coup-denvoi-de-la-72e-edition-du-festival-de-cannes\/#breadcrumb","itemListElement":[{"@type":"ListItem","position":1,"name":"Home","item":"https:\/\/www.prestigemag.co\/fr\/"},{"@type":"ListItem","position":2,"name":"Coup d\u2019envoi de la 72e \u00e9dition du Festival de Cannes"}]},{"@type":"Article","@id":"https:\/\/www.prestigemag.co\/fr\/2019\/05\/coup-denvoi-de-la-72e-edition-du-festival-de-cannes\/#article","isPartOf":{"@id":"https:\/\/www.prestigemag.co\/fr\/2019\/05\/coup-denvoi-de-la-72e-edition-du-festival-de-cannes\/"},"author":{"name":"prestige","@id":"https:\/\/www.prestigemag.co\/#\/schema\/person\/e3f149368970128d68bb2d797bf30fbc"},"headline":"Coup d\u2019envoi de la 72e \u00e9dition du Festival de Cannes","datePublished":"2019-05-15T12:25:32+00:00","dateModified":"2019-05-15T12:25:32+00:00","mainEntityOfPage":{"@id":"https:\/\/www.prestigemag.co\/fr\/2019\/05\/coup-denvoi-de-la-72e-edition-du-festival-de-cannes\/"},"wordCount":394,"publisher":{"@id":"https:\/\/www.prestigemag.co\/#organization"},"articleSection":["\u00c9v\u00e9nements"],"inLanguage":"fr-FR"},{"@type":"Person","@id":"https:\/\/www.prestigemag.co\/#\/schema\/person\/e3f149368970128d68bb2d797bf30fbc","name":"prestige","image":{"@type":"ImageObject","inLanguage":"fr-FR","@id":"https:\/\/www.prestigemag.co\/#\/schema\/person\/image\/","url":"https:\/\/secure.gravatar.com\/avatar\/0aa2dff5484d35e50578639a2c3ccef9?s=96&d=mm&r=g","contentUrl":"https:\/\/secure.gravatar.com\/avatar\/0aa2dff5484d35e50578639a2c3ccef9?s=96&d=mm&r=g","caption":"prestige"},"url":"https:\/\/www.prestigemag.co\/fr\/author\/prestige\/"}]}},"_links":{"self":[{"href":"https:\/\/www.prestigemag.co\/fr\/wp-json\/wp\/v2\/posts\/22958"}],"collection":[{"href":"https:\/\/www.prestigemag.co\/fr\/wp-json\/wp\/v2\/posts"}],"about":[{"href":"https:\/\/www.prestigemag.co\/fr\/wp-json\/wp\/v2\/types\/post"}],"author":[{"embeddable":true,"href":"https:\/\/www.prestigemag.co\/fr\/wp-json\/wp\/v2\/users\/3"}],"replies":[{"embeddable":true,"href":"https:\/\/www.prestigemag.co\/fr\/wp-json\/wp\/v2\/comments?post=22958"}],"version-history":[{"count":0,"href":"https:\/\/www.prestigemag.co\/fr\/wp-json\/wp\/v2\/posts\/22958\/revisions"}],"wp:featuredmedia":[{"embeddable":true,"href":"https:\/\/www.prestigemag.co\/fr\/wp-json\/wp\/v2\/media\/22959"}],"wp:attachment":[{"href":"https:\/\/www.prestigemag.co\/fr\/wp-json\/wp\/v2\/media?parent=22958"}],"wp:term":[{"taxonomy":"category","embeddable":true,"href":"https:\/\/www.prestigemag.co\/fr\/wp-json\/wp\/v2\/categories?post=22958"},{"taxonomy":"post_tag","embeddable":true,"href":"https:\/\/www.prestigemag.co\/fr\/wp-json\/wp\/v2\/tags?post=22958"}],"curies":[{"name":"wp","href":"https:\/\/api.w.org\/{rel}","templated":true}]}}