{"id":23037,"date":"2019-07-11T12:01:47","date_gmt":"2019-07-11T09:01:47","guid":{"rendered":"http:\/\/www.prestigemag.co\/2019\/07\/azzi-osta-haute-couture-automne-hiver-2019\/"},"modified":"2019-07-11T12:01:47","modified_gmt":"2019-07-11T09:01:47","slug":"azzi-osta-haute-couture-automne-hiver-2019","status":"publish","type":"post","link":"https:\/\/www.prestigemag.co\/fr\/2019\/07\/azzi-osta-haute-couture-automne-hiver-2019\/","title":{"rendered":"AZZI &#038; OSTA Haute Couture Automne-Hiver 2019"},"content":{"rendered":"<h3><strong><em>Through the Lens<\/em><\/strong><\/h3>\n<p>Pour leur 3<sup>e<\/sup> participation \u00e0 la Semaine de la Mode parisienne, AZZI &amp; OSTA ont pr\u00e9sent\u00e9 une collection Haute Couture Automne-Hiver 2019 rendant hommage \u00e0 l\u2019\u00e2ge d\u2019or de la couture des ann\u00e9es 1950. Une collection qui varie entre l\u2019allure vintage et le glamour moderne.<\/p>\n<p>&nbsp;<\/p>\n<p>&nbsp;<\/p>\n<figure id=\"attachment_17783\" aria-describedby=\"caption-attachment-17783\" style=\"width: 1000px\" class=\"wp-caption aligncenter\"><a href=\"http:\/\/www.prestigemag.co\/wp-content\/uploads\/2019\/07\/AO-HC-19-20.jpg\"><img src=\"data:image\/svg+xml,%3Csvg%20xmlns='http:\/\/www.w3.org\/2000\/svg'%20viewBox='0%200%201000%20409'%3E%3C\/svg%3E\" class=\"zeen-lazy-load-base zeen-lazy-load wp-image-17783 size-full\" data-lazy-src=\"http:\/\/www.prestigemag.co\/wp-content\/uploads\/2019\/07\/AO-HC-19-20.jpg\" alt=\"\" width=\"1000\" height=\"409\" data-lazy-srcset=\"https:\/\/www.prestigemag.co\/wp-content\/uploads\/2019\/07\/AO-HC-19-20.jpg 1000w, https:\/\/www.prestigemag.co\/wp-content\/uploads\/2019\/07\/AO-HC-19-20-300x123.jpg 300w, https:\/\/www.prestigemag.co\/wp-content\/uploads\/2019\/07\/AO-HC-19-20-770x315.jpg 770w, https:\/\/www.prestigemag.co\/wp-content\/uploads\/2019\/07\/AO-HC-19-20-293x120.jpg 293w, https:\/\/www.prestigemag.co\/wp-content\/uploads\/2019\/07\/AO-HC-19-20-390x160.jpg 390w, https:\/\/www.prestigemag.co\/wp-content\/uploads\/2019\/07\/AO-HC-19-20-768x314.jpg 768w, https:\/\/www.prestigemag.co\/wp-content\/uploads\/2019\/07\/AO-HC-19-20-150x61.jpg 150w, https:\/\/www.prestigemag.co\/wp-content\/uploads\/2019\/07\/AO-HC-19-20-600x245.jpg 600w, https:\/\/www.prestigemag.co\/wp-content\/uploads\/2019\/07\/AO-HC-19-20-291x119.jpg 291w, https:\/\/www.prestigemag.co\/wp-content\/uploads\/2019\/07\/AO-HC-19-20-164x67.jpg 164w\" data-lazy-sizes=\"(max-width: 1000px) 100vw, 1000px\" \/><figcaption id=\"caption-attachment-17783\" class=\"wp-caption-text\"><noscript><img class=\"wp-image-17783 size-full\" src=\"http:\/\/www.prestigemag.co\/wp-content\/uploads\/2019\/07\/AO-HC-19-20.jpg\" alt=\"\" width=\"1000\" height=\"409\" srcset=\"https:\/\/www.prestigemag.co\/wp-content\/uploads\/2019\/07\/AO-HC-19-20.jpg 1000w, https:\/\/www.prestigemag.co\/wp-content\/uploads\/2019\/07\/AO-HC-19-20-300x123.jpg 300w, https:\/\/www.prestigemag.co\/wp-content\/uploads\/2019\/07\/AO-HC-19-20-770x315.jpg 770w, https:\/\/www.prestigemag.co\/wp-content\/uploads\/2019\/07\/AO-HC-19-20-293x120.jpg 293w, https:\/\/www.prestigemag.co\/wp-content\/uploads\/2019\/07\/AO-HC-19-20-390x160.jpg 390w, https:\/\/www.prestigemag.co\/wp-content\/uploads\/2019\/07\/AO-HC-19-20-768x314.jpg 768w, https:\/\/www.prestigemag.co\/wp-content\/uploads\/2019\/07\/AO-HC-19-20-150x61.jpg 150w, https:\/\/www.prestigemag.co\/wp-content\/uploads\/2019\/07\/AO-HC-19-20-600x245.jpg 600w, https:\/\/www.prestigemag.co\/wp-content\/uploads\/2019\/07\/AO-HC-19-20-291x119.jpg 291w, https:\/\/www.prestigemag.co\/wp-content\/uploads\/2019\/07\/AO-HC-19-20-164x67.jpg 164w\" sizes=\"(max-width: 1000px) 100vw, 1000px\" \/><\/noscript><\/a> \u00a9 Azzi &amp; Osta.<\/figcaption><\/figure>\n<p>&nbsp;<\/p>\n<h3>Haute Couture et photographie<\/h3>\n<p>&nbsp;<\/p>\n<p>L&rsquo;histoire de la Haute Couture et de la photographie sont li\u00e9es. C&rsquo;est l&rsquo;\u0153uvre d&rsquo;Irving Penn qui a inspir\u00e9 la collection Haute Couture AZZI &amp; OSTA Automne-Hiver 2019.\u00a0Renomm\u00e9 pour ses images captivantes o\u00f9 la silhouette est saisie comme une forme d&rsquo;art. Son atelier pr\u00e9sente la toile de fond de sa ma\u00eetrise cr\u00e9ative. C\u2019est l\u2019endroit qui abrite le v\u00e9ritable esprit de l\u2019artiste. C&rsquo;est dans le studio du photographe que la narration a commenc\u00e9. Les invit\u00e9s ont fait un voyage dans le temps, transport\u00e9s en tant qu&rsquo;observateurs d&rsquo;un studio de photographe des ann\u00e9es 1950.<\/p>\n<p>&nbsp;<\/p>\n<figure id=\"attachment_17784\" aria-describedby=\"caption-attachment-17784\" style=\"width: 450px\" class=\"wp-caption aligncenter\"><a href=\"http:\/\/www.prestigemag.co\/wp-content\/uploads\/2019\/07\/AO_HC1920_CARL4240.jpg\"><img src=\"data:image\/svg+xml,%3Csvg%20xmlns='http:\/\/www.w3.org\/2000\/svg'%20viewBox='0%200%20450%20675'%3E%3C\/svg%3E\" class=\"zeen-lazy-load-base zeen-lazy-load wp-image-17784\" data-lazy-src=\"http:\/\/www.prestigemag.co\/wp-content\/uploads\/2019\/07\/AO_HC1920_CARL4240.jpg\" alt=\"\" width=\"450\" height=\"675\" data-lazy-srcset=\"https:\/\/www.prestigemag.co\/wp-content\/uploads\/2019\/07\/AO_HC1920_CARL4240.jpg 630w, https:\/\/www.prestigemag.co\/wp-content\/uploads\/2019\/07\/AO_HC1920_CARL4240-200x300.jpg 200w, https:\/\/www.prestigemag.co\/wp-content\/uploads\/2019\/07\/AO_HC1920_CARL4240-100x150.jpg 100w, https:\/\/www.prestigemag.co\/wp-content\/uploads\/2019\/07\/AO_HC1920_CARL4240-250x375.jpg 250w, https:\/\/www.prestigemag.co\/wp-content\/uploads\/2019\/07\/AO_HC1920_CARL4240-83x125.jpg 83w, https:\/\/www.prestigemag.co\/wp-content\/uploads\/2019\/07\/AO_HC1920_CARL4240-45x67.jpg 45w\" data-lazy-sizes=\"(max-width: 450px) 100vw, 450px\" \/><figcaption id=\"caption-attachment-17784\" class=\"wp-caption-text\"><noscript><img class=\"wp-image-17784\" src=\"http:\/\/www.prestigemag.co\/wp-content\/uploads\/2019\/07\/AO_HC1920_CARL4240.jpg\" alt=\"\" width=\"450\" height=\"675\" srcset=\"https:\/\/www.prestigemag.co\/wp-content\/uploads\/2019\/07\/AO_HC1920_CARL4240.jpg 630w, https:\/\/www.prestigemag.co\/wp-content\/uploads\/2019\/07\/AO_HC1920_CARL4240-200x300.jpg 200w, https:\/\/www.prestigemag.co\/wp-content\/uploads\/2019\/07\/AO_HC1920_CARL4240-100x150.jpg 100w, https:\/\/www.prestigemag.co\/wp-content\/uploads\/2019\/07\/AO_HC1920_CARL4240-250x375.jpg 250w, https:\/\/www.prestigemag.co\/wp-content\/uploads\/2019\/07\/AO_HC1920_CARL4240-83x125.jpg 83w, https:\/\/www.prestigemag.co\/wp-content\/uploads\/2019\/07\/AO_HC1920_CARL4240-45x67.jpg 45w\" sizes=\"(max-width: 450px) 100vw, 450px\" \/><\/noscript><\/a> \u00a9 Azzi &amp; Osta.<\/figcaption><\/figure>\n<p>&nbsp;<\/p>\n<p>Loin d\u2019un regard nostalgique sur le pass\u00e9, \u00abThrough the Lens\u00bb c\u00e9l\u00e8bre l\u2019avenir de la couture. Cet art innovant dans sa cr\u00e9ation repr\u00e9sente une nouvelle \u00e8re fond\u00e9e sur le respect des styles, des principes et des codes qui ont fa\u00e7onn\u00e9 l&rsquo;histoire de la mode.<\/p>\n<p>&nbsp;<\/p>\n<figure id=\"attachment_17786\" aria-describedby=\"caption-attachment-17786\" style=\"width: 450px\" class=\"wp-caption aligncenter\"><a href=\"http:\/\/www.prestigemag.co\/wp-content\/uploads\/2019\/07\/AO_HC1920_CARL4411.jpg\"><img src=\"data:image\/svg+xml,%3Csvg%20xmlns='http:\/\/www.w3.org\/2000\/svg'%20viewBox='0%200%20450%20675'%3E%3C\/svg%3E\" class=\"zeen-lazy-load-base zeen-lazy-load wp-image-17786\" data-lazy-src=\"http:\/\/www.prestigemag.co\/wp-content\/uploads\/2019\/07\/AO_HC1920_CARL4411.jpg\" alt=\"\" width=\"450\" height=\"675\" data-lazy-srcset=\"https:\/\/www.prestigemag.co\/wp-content\/uploads\/2019\/07\/AO_HC1920_CARL4411.jpg 630w, https:\/\/www.prestigemag.co\/wp-content\/uploads\/2019\/07\/AO_HC1920_CARL4411-200x300.jpg 200w, https:\/\/www.prestigemag.co\/wp-content\/uploads\/2019\/07\/AO_HC1920_CARL4411-100x150.jpg 100w, https:\/\/www.prestigemag.co\/wp-content\/uploads\/2019\/07\/AO_HC1920_CARL4411-250x375.jpg 250w, https:\/\/www.prestigemag.co\/wp-content\/uploads\/2019\/07\/AO_HC1920_CARL4411-83x125.jpg 83w, https:\/\/www.prestigemag.co\/wp-content\/uploads\/2019\/07\/AO_HC1920_CARL4411-45x67.jpg 45w\" data-lazy-sizes=\"(max-width: 450px) 100vw, 450px\" \/><figcaption id=\"caption-attachment-17786\" class=\"wp-caption-text\"><noscript><img class=\"wp-image-17786\" src=\"http:\/\/www.prestigemag.co\/wp-content\/uploads\/2019\/07\/AO_HC1920_CARL4411.jpg\" alt=\"\" width=\"450\" height=\"675\" srcset=\"https:\/\/www.prestigemag.co\/wp-content\/uploads\/2019\/07\/AO_HC1920_CARL4411.jpg 630w, https:\/\/www.prestigemag.co\/wp-content\/uploads\/2019\/07\/AO_HC1920_CARL4411-200x300.jpg 200w, https:\/\/www.prestigemag.co\/wp-content\/uploads\/2019\/07\/AO_HC1920_CARL4411-100x150.jpg 100w, https:\/\/www.prestigemag.co\/wp-content\/uploads\/2019\/07\/AO_HC1920_CARL4411-250x375.jpg 250w, https:\/\/www.prestigemag.co\/wp-content\/uploads\/2019\/07\/AO_HC1920_CARL4411-83x125.jpg 83w, https:\/\/www.prestigemag.co\/wp-content\/uploads\/2019\/07\/AO_HC1920_CARL4411-45x67.jpg 45w\" sizes=\"(max-width: 450px) 100vw, 450px\" \/><\/noscript><\/a> \u00a9 Azzi &amp; Osta.<\/figcaption><\/figure>\n<p>&nbsp;<\/p>\n<h3>Etoffes et couleurs dans la collection Azzi &amp; Osta Haute Couture Automne-Hiver 2019<\/h3>\n<p>Les silhouettes sculpt\u00e9es par AZZI &amp; OSTA se caract\u00e9risent par des tailles concaves \u00e9l\u00e9gamment moul\u00e9es dans les nobles Soie Moir\u00e9e et Double Satin Duchesse, qui rappellent les tissus de couture structur\u00e9s des ann\u00e9es 50 et juxtapos\u00e9s avec un art raffin\u00e9. Le tulle et la dentelle capturent la l\u00e9g\u00e8ret\u00e9 du mouvement.<\/p>\n<p>&nbsp;<\/p>\n<figure id=\"attachment_17788\" aria-describedby=\"caption-attachment-17788\" style=\"width: 450px\" class=\"wp-caption aligncenter\"><a href=\"http:\/\/www.prestigemag.co\/wp-content\/uploads\/2019\/07\/Assaad-Osta-and-Georges-Azzi.jpg\"><img src=\"data:image\/svg+xml,%3Csvg%20xmlns='http:\/\/www.w3.org\/2000\/svg'%20viewBox='0%200%20450%20675'%3E%3C\/svg%3E\" class=\"zeen-lazy-load-base zeen-lazy-load wp-image-17788\" data-lazy-src=\"http:\/\/www.prestigemag.co\/wp-content\/uploads\/2019\/07\/Assaad-Osta-and-Georges-Azzi.jpg\" alt=\"\" width=\"450\" height=\"675\" data-lazy-srcset=\"https:\/\/www.prestigemag.co\/wp-content\/uploads\/2019\/07\/Assaad-Osta-and-Georges-Azzi.jpg 630w, https:\/\/www.prestigemag.co\/wp-content\/uploads\/2019\/07\/Assaad-Osta-and-Georges-Azzi-200x300.jpg 200w, https:\/\/www.prestigemag.co\/wp-content\/uploads\/2019\/07\/Assaad-Osta-and-Georges-Azzi-100x150.jpg 100w, https:\/\/www.prestigemag.co\/wp-content\/uploads\/2019\/07\/Assaad-Osta-and-Georges-Azzi-250x375.jpg 250w, https:\/\/www.prestigemag.co\/wp-content\/uploads\/2019\/07\/Assaad-Osta-and-Georges-Azzi-83x125.jpg 83w, https:\/\/www.prestigemag.co\/wp-content\/uploads\/2019\/07\/Assaad-Osta-and-Georges-Azzi-45x67.jpg 45w\" data-lazy-sizes=\"(max-width: 450px) 100vw, 450px\" \/><figcaption id=\"caption-attachment-17788\" class=\"wp-caption-text\"><noscript><img class=\"wp-image-17788\" src=\"http:\/\/www.prestigemag.co\/wp-content\/uploads\/2019\/07\/Assaad-Osta-and-Georges-Azzi.jpg\" alt=\"\" width=\"450\" height=\"675\" srcset=\"https:\/\/www.prestigemag.co\/wp-content\/uploads\/2019\/07\/Assaad-Osta-and-Georges-Azzi.jpg 630w, https:\/\/www.prestigemag.co\/wp-content\/uploads\/2019\/07\/Assaad-Osta-and-Georges-Azzi-200x300.jpg 200w, https:\/\/www.prestigemag.co\/wp-content\/uploads\/2019\/07\/Assaad-Osta-and-Georges-Azzi-100x150.jpg 100w, https:\/\/www.prestigemag.co\/wp-content\/uploads\/2019\/07\/Assaad-Osta-and-Georges-Azzi-250x375.jpg 250w, https:\/\/www.prestigemag.co\/wp-content\/uploads\/2019\/07\/Assaad-Osta-and-Georges-Azzi-83x125.jpg 83w, https:\/\/www.prestigemag.co\/wp-content\/uploads\/2019\/07\/Assaad-Osta-and-Georges-Azzi-45x67.jpg 45w\" sizes=\"(max-width: 450px) 100vw, 450px\" \/><\/noscript><\/a> Les couturiers Assaad Osta et Georges Azzi \u00a9 Azzi &amp; Osta.<\/figcaption><\/figure>\n<p>&nbsp;<\/p>\n<p>Imitant le romantisme des images de natures mortes de Penn, la palette de cette collection s\u2019inspire de d\u00e9licieuses notes florales; rose, orchid\u00e9e profonde, rouge cramoisi, gard\u00e9nia, lavande pastel, lilas gris et lys vert.<\/p>\n<p>&nbsp;<\/p>\n<figure id=\"attachment_17789\" aria-describedby=\"caption-attachment-17789\" style=\"width: 450px\" class=\"wp-caption aligncenter\"><a href=\"http:\/\/www.prestigemag.co\/wp-content\/uploads\/2019\/07\/AO_HC1920_CARL4437.jpg\"><img src=\"data:image\/svg+xml,%3Csvg%20xmlns='http:\/\/www.w3.org\/2000\/svg'%20viewBox='0%200%20450%20675'%3E%3C\/svg%3E\" class=\"zeen-lazy-load-base zeen-lazy-load wp-image-17789\" data-lazy-src=\"http:\/\/www.prestigemag.co\/wp-content\/uploads\/2019\/07\/AO_HC1920_CARL4437.jpg\" alt=\"\" width=\"450\" height=\"675\" data-lazy-srcset=\"https:\/\/www.prestigemag.co\/wp-content\/uploads\/2019\/07\/AO_HC1920_CARL4437.jpg 630w, https:\/\/www.prestigemag.co\/wp-content\/uploads\/2019\/07\/AO_HC1920_CARL4437-200x300.jpg 200w, https:\/\/www.prestigemag.co\/wp-content\/uploads\/2019\/07\/AO_HC1920_CARL4437-100x150.jpg 100w, https:\/\/www.prestigemag.co\/wp-content\/uploads\/2019\/07\/AO_HC1920_CARL4437-250x375.jpg 250w, https:\/\/www.prestigemag.co\/wp-content\/uploads\/2019\/07\/AO_HC1920_CARL4437-83x125.jpg 83w, https:\/\/www.prestigemag.co\/wp-content\/uploads\/2019\/07\/AO_HC1920_CARL4437-45x67.jpg 45w\" data-lazy-sizes=\"(max-width: 450px) 100vw, 450px\" \/><figcaption id=\"caption-attachment-17789\" class=\"wp-caption-text\"><noscript><img class=\"wp-image-17789\" src=\"http:\/\/www.prestigemag.co\/wp-content\/uploads\/2019\/07\/AO_HC1920_CARL4437.jpg\" alt=\"\" width=\"450\" height=\"675\" srcset=\"https:\/\/www.prestigemag.co\/wp-content\/uploads\/2019\/07\/AO_HC1920_CARL4437.jpg 630w, https:\/\/www.prestigemag.co\/wp-content\/uploads\/2019\/07\/AO_HC1920_CARL4437-200x300.jpg 200w, https:\/\/www.prestigemag.co\/wp-content\/uploads\/2019\/07\/AO_HC1920_CARL4437-100x150.jpg 100w, https:\/\/www.prestigemag.co\/wp-content\/uploads\/2019\/07\/AO_HC1920_CARL4437-250x375.jpg 250w, https:\/\/www.prestigemag.co\/wp-content\/uploads\/2019\/07\/AO_HC1920_CARL4437-83x125.jpg 83w, https:\/\/www.prestigemag.co\/wp-content\/uploads\/2019\/07\/AO_HC1920_CARL4437-45x67.jpg 45w\" sizes=\"(max-width: 450px) 100vw, 450px\" \/><\/noscript><\/a> \u00a9 Azzi &amp; Osta.<\/figcaption><\/figure>\n<p>&nbsp;<\/p>\n<p>Des robes f\u00e9minines sculpt\u00e9es, des robes larges aux proportions exag\u00e9r\u00e9es et des vestes brod\u00e9es de tulle.<\/p>\n<p>\u00abJ&rsquo;ai toujours pens\u00e9 que nous vendions des r\u00eaves, pas des v\u00eatements\u00bb &#8211; Irving Penn.<\/p>\n<p>&nbsp;<\/p>\n<p>&nbsp;<\/p>\n","protected":false},"excerpt":{"rendered":"<p><em>Pour leur 3e participation \u00e0 la Semaine de la Mode parisienne, AZZI &#038; OSTA ont pr\u00e9sent\u00e9 une collection Haute Couture Automne-Hiver 2019 rendant hommage \u00e0 l\u2019\u00e2ge d\u2019or de la couture des ann\u00e9es 1950.<\/em><br \/>.<\/p>\n","protected":false},"author":3,"featured_media":23038,"comment_status":"closed","ping_status":"closed","sticky":false,"template":"","format":"standard","meta":[],"categories":[13346,13351],"tags":[],"yoast_head":"<!-- This site is optimized with the Yoast SEO plugin v19.4 - https:\/\/yoast.com\/wordpress\/plugins\/seo\/ -->\n<title>AZZI &amp; OSTA Haute Couture Automne-Hiver 2019 - Prestige Magazine<\/title>\n<meta name=\"description\" content=\"Pour leur 3e participation \u00e0 la Semaine de la Mode parisienne, AZZI &amp; OSTA ont pr\u00e9sent\u00e9 une collection Haute Couture Automne-Hiver 2019 rendant hommage \u00e0 l\u2019\u00e2ge d\u2019or de la couture des ann\u00e9es 1950..\" \/>\n<meta name=\"robots\" content=\"index, follow, max-snippet:-1, max-image-preview:large, max-video-preview:-1\" \/>\n<link rel=\"canonical\" href=\"https:\/\/www.prestigemag.co\/fr\/2019\/07\/azzi-osta-haute-couture-automne-hiver-2019\/\" \/>\n<meta property=\"og:locale\" content=\"fr_FR\" \/>\n<meta property=\"og:type\" content=\"article\" \/>\n<meta property=\"og:title\" content=\"AZZI &amp; OSTA Haute Couture Automne-Hiver 2019 - Prestige Magazine\" \/>\n<meta property=\"og:description\" content=\"Pour leur 3e participation \u00e0 la Semaine de la Mode parisienne, AZZI &amp; OSTA ont pr\u00e9sent\u00e9 une collection Haute Couture Automne-Hiver 2019 rendant hommage \u00e0 l\u2019\u00e2ge d\u2019or de la couture des ann\u00e9es 1950..\" \/>\n<meta property=\"og:url\" content=\"https:\/\/www.prestigemag.co\/fr\/2019\/07\/azzi-osta-haute-couture-automne-hiver-2019\/\" \/>\n<meta property=\"og:site_name\" content=\"Prestige Magazine\" \/>\n<meta property=\"article:publisher\" content=\"https:\/\/www.facebook.com\/prestigemag.co\/\" \/>\n<meta property=\"article:published_time\" content=\"2019-07-11T09:01:47+00:00\" \/>\n<meta property=\"og:image\" content=\"https:\/\/www.prestigemag.co\/wp-content\/uploads\/2019\/07\/AO-HC-19-20.jpg\" \/>\n\t<meta property=\"og:image:width\" content=\"1000\" \/>\n\t<meta property=\"og:image:height\" content=\"409\" \/>\n\t<meta property=\"og:image:type\" content=\"image\/jpeg\" \/>\n<meta name=\"author\" content=\"prestige\" \/>\n<meta name=\"twitter:card\" content=\"summary\" \/>\n<meta name=\"twitter:label1\" content=\"\u00c9crit par\" \/>\n\t<meta name=\"twitter:data1\" content=\"prestige\" \/>\n\t<meta name=\"twitter:label2\" content=\"Dur\u00e9e de lecture estim\u00e9e\" \/>\n\t<meta name=\"twitter:data2\" content=\"2 minutes\" \/>\n<script type=\"application\/ld+json\" class=\"yoast-schema-graph\">{\"@context\":\"https:\/\/schema.org\",\"@graph\":[{\"@type\":\"Organization\",\"@id\":\"https:\/\/www.prestigemag.co\/#organization\",\"name\":\"Prestige\",\"url\":\"https:\/\/www.prestigemag.co\/\",\"sameAs\":[\"https:\/\/www.instagram.com\/prestige.mag\/\",\"https:\/\/www.facebook.com\/prestigemag.co\/\"],\"logo\":{\"@type\":\"ImageObject\",\"inLanguage\":\"fr-FR\",\"@id\":\"https:\/\/www.prestigemag.co\/#\/schema\/logo\/image\/\",\"url\":\"https:\/\/www.prestigemag.co\/wp-content\/uploads\/2021\/11\/logo-Prestige-800x200-1.png\",\"contentUrl\":\"https:\/\/www.prestigemag.co\/wp-content\/uploads\/2021\/11\/logo-Prestige-800x200-1.png\",\"width\":800,\"height\":200,\"caption\":\"Prestige\"},\"image\":{\"@id\":\"https:\/\/www.prestigemag.co\/#\/schema\/logo\/image\/\"}},{\"@type\":\"WebSite\",\"@id\":\"https:\/\/www.prestigemag.co\/#website\",\"url\":\"https:\/\/www.prestigemag.co\/\",\"name\":\"Prestige Magazine\",\"description\":\"Le Monde Des C\u00e9l\u00e9brit\u00e9s\",\"publisher\":{\"@id\":\"https:\/\/www.prestigemag.co\/#organization\"},\"potentialAction\":[{\"@type\":\"SearchAction\",\"target\":{\"@type\":\"EntryPoint\",\"urlTemplate\":\"https:\/\/www.prestigemag.co\/?s={search_term_string}\"},\"query-input\":\"required name=search_term_string\"}],\"inLanguage\":\"fr-FR\"},{\"@type\":\"WebPage\",\"@id\":\"https:\/\/www.prestigemag.co\/fr\/2019\/07\/azzi-osta-haute-couture-automne-hiver-2019\/\",\"url\":\"https:\/\/www.prestigemag.co\/fr\/2019\/07\/azzi-osta-haute-couture-automne-hiver-2019\/\",\"name\":\"AZZI & OSTA Haute Couture Automne-Hiver 2019 - Prestige Magazine\",\"isPartOf\":{\"@id\":\"https:\/\/www.prestigemag.co\/#website\"},\"datePublished\":\"2019-07-11T09:01:47+00:00\",\"dateModified\":\"2019-07-11T09:01:47+00:00\",\"description\":\"Pour leur 3e participation \u00e0 la Semaine de la Mode parisienne, AZZI & OSTA ont pr\u00e9sent\u00e9 une collection Haute Couture Automne-Hiver 2019 rendant hommage \u00e0 l\u2019\u00e2ge d\u2019or de la couture des ann\u00e9es 1950..\",\"breadcrumb\":{\"@id\":\"https:\/\/www.prestigemag.co\/fr\/2019\/07\/azzi-osta-haute-couture-automne-hiver-2019\/#breadcrumb\"},\"inLanguage\":\"fr-FR\",\"potentialAction\":[{\"@type\":\"ReadAction\",\"target\":[\"https:\/\/www.prestigemag.co\/fr\/2019\/07\/azzi-osta-haute-couture-automne-hiver-2019\/\"]}]},{\"@type\":\"BreadcrumbList\",\"@id\":\"https:\/\/www.prestigemag.co\/fr\/2019\/07\/azzi-osta-haute-couture-automne-hiver-2019\/#breadcrumb\",\"itemListElement\":[{\"@type\":\"ListItem\",\"position\":1,\"name\":\"Home\",\"item\":\"https:\/\/www.prestigemag.co\/fr\/\"},{\"@type\":\"ListItem\",\"position\":2,\"name\":\"AZZI &#038; OSTA Haute Couture Automne-Hiver 2019\"}]},{\"@type\":\"Article\",\"@id\":\"https:\/\/www.prestigemag.co\/fr\/2019\/07\/azzi-osta-haute-couture-automne-hiver-2019\/#article\",\"isPartOf\":{\"@id\":\"https:\/\/www.prestigemag.co\/fr\/2019\/07\/azzi-osta-haute-couture-automne-hiver-2019\/\"},\"author\":{\"name\":\"prestige\",\"@id\":\"https:\/\/www.prestigemag.co\/#\/schema\/person\/e3f149368970128d68bb2d797bf30fbc\"},\"headline\":\"AZZI &#038; OSTA Haute Couture Automne-Hiver 2019\",\"datePublished\":\"2019-07-11T09:01:47+00:00\",\"dateModified\":\"2019-07-11T09:01:47+00:00\",\"mainEntityOfPage\":{\"@id\":\"https:\/\/www.prestigemag.co\/fr\/2019\/07\/azzi-osta-haute-couture-automne-hiver-2019\/\"},\"wordCount\":426,\"publisher\":{\"@id\":\"https:\/\/www.prestigemag.co\/#organization\"},\"articleSection\":[\"Mode\",\"News\"],\"inLanguage\":\"fr-FR\"},{\"@type\":\"Person\",\"@id\":\"https:\/\/www.prestigemag.co\/#\/schema\/person\/e3f149368970128d68bb2d797bf30fbc\",\"name\":\"prestige\",\"image\":{\"@type\":\"ImageObject\",\"inLanguage\":\"fr-FR\",\"@id\":\"https:\/\/www.prestigemag.co\/#\/schema\/person\/image\/\",\"url\":\"https:\/\/secure.gravatar.com\/avatar\/0aa2dff5484d35e50578639a2c3ccef9?s=96&d=mm&r=g\",\"contentUrl\":\"https:\/\/secure.gravatar.com\/avatar\/0aa2dff5484d35e50578639a2c3ccef9?s=96&d=mm&r=g\",\"caption\":\"prestige\"},\"url\":\"https:\/\/www.prestigemag.co\/fr\/author\/prestige\/\"}]}<\/script>\n<!-- \/ Yoast SEO plugin. -->","yoast_head_json":{"title":"AZZI & OSTA Haute Couture Automne-Hiver 2019 - Prestige Magazine","description":"Pour leur 3e participation \u00e0 la Semaine de la Mode parisienne, AZZI & OSTA ont pr\u00e9sent\u00e9 une collection Haute Couture Automne-Hiver 2019 rendant hommage \u00e0 l\u2019\u00e2ge d\u2019or de la couture des ann\u00e9es 1950..","robots":{"index":"index","follow":"follow","max-snippet":"max-snippet:-1","max-image-preview":"max-image-preview:large","max-video-preview":"max-video-preview:-1"},"canonical":"https:\/\/www.prestigemag.co\/fr\/2019\/07\/azzi-osta-haute-couture-automne-hiver-2019\/","og_locale":"fr_FR","og_type":"article","og_title":"AZZI & OSTA Haute Couture Automne-Hiver 2019 - Prestige Magazine","og_description":"Pour leur 3e participation \u00e0 la Semaine de la Mode parisienne, AZZI & OSTA ont pr\u00e9sent\u00e9 une collection Haute Couture Automne-Hiver 2019 rendant hommage \u00e0 l\u2019\u00e2ge d\u2019or de la couture des ann\u00e9es 1950..","og_url":"https:\/\/www.prestigemag.co\/fr\/2019\/07\/azzi-osta-haute-couture-automne-hiver-2019\/","og_site_name":"Prestige Magazine","article_publisher":"https:\/\/www.facebook.com\/prestigemag.co\/","article_published_time":"2019-07-11T09:01:47+00:00","og_image":[{"width":1000,"height":409,"url":"https:\/\/www.prestigemag.co\/wp-content\/uploads\/2019\/07\/AO-HC-19-20.jpg","type":"image\/jpeg"}],"author":"prestige","twitter_card":"summary","twitter_misc":{"\u00c9crit par":"prestige","Dur\u00e9e de lecture estim\u00e9e":"2 minutes"},"schema":{"@context":"https:\/\/schema.org","@graph":[{"@type":"Organization","@id":"https:\/\/www.prestigemag.co\/#organization","name":"Prestige","url":"https:\/\/www.prestigemag.co\/","sameAs":["https:\/\/www.instagram.com\/prestige.mag\/","https:\/\/www.facebook.com\/prestigemag.co\/"],"logo":{"@type":"ImageObject","inLanguage":"fr-FR","@id":"https:\/\/www.prestigemag.co\/#\/schema\/logo\/image\/","url":"https:\/\/www.prestigemag.co\/wp-content\/uploads\/2021\/11\/logo-Prestige-800x200-1.png","contentUrl":"https:\/\/www.prestigemag.co\/wp-content\/uploads\/2021\/11\/logo-Prestige-800x200-1.png","width":800,"height":200,"caption":"Prestige"},"image":{"@id":"https:\/\/www.prestigemag.co\/#\/schema\/logo\/image\/"}},{"@type":"WebSite","@id":"https:\/\/www.prestigemag.co\/#website","url":"https:\/\/www.prestigemag.co\/","name":"Prestige Magazine","description":"Le Monde Des C\u00e9l\u00e9brit\u00e9s","publisher":{"@id":"https:\/\/www.prestigemag.co\/#organization"},"potentialAction":[{"@type":"SearchAction","target":{"@type":"EntryPoint","urlTemplate":"https:\/\/www.prestigemag.co\/?s={search_term_string}"},"query-input":"required name=search_term_string"}],"inLanguage":"fr-FR"},{"@type":"WebPage","@id":"https:\/\/www.prestigemag.co\/fr\/2019\/07\/azzi-osta-haute-couture-automne-hiver-2019\/","url":"https:\/\/www.prestigemag.co\/fr\/2019\/07\/azzi-osta-haute-couture-automne-hiver-2019\/","name":"AZZI & OSTA Haute Couture Automne-Hiver 2019 - Prestige Magazine","isPartOf":{"@id":"https:\/\/www.prestigemag.co\/#website"},"datePublished":"2019-07-11T09:01:47+00:00","dateModified":"2019-07-11T09:01:47+00:00","description":"Pour leur 3e participation \u00e0 la Semaine de la Mode parisienne, AZZI & OSTA ont pr\u00e9sent\u00e9 une collection Haute Couture Automne-Hiver 2019 rendant hommage \u00e0 l\u2019\u00e2ge d\u2019or de la couture des ann\u00e9es 1950..","breadcrumb":{"@id":"https:\/\/www.prestigemag.co\/fr\/2019\/07\/azzi-osta-haute-couture-automne-hiver-2019\/#breadcrumb"},"inLanguage":"fr-FR","potentialAction":[{"@type":"ReadAction","target":["https:\/\/www.prestigemag.co\/fr\/2019\/07\/azzi-osta-haute-couture-automne-hiver-2019\/"]}]},{"@type":"BreadcrumbList","@id":"https:\/\/www.prestigemag.co\/fr\/2019\/07\/azzi-osta-haute-couture-automne-hiver-2019\/#breadcrumb","itemListElement":[{"@type":"ListItem","position":1,"name":"Home","item":"https:\/\/www.prestigemag.co\/fr\/"},{"@type":"ListItem","position":2,"name":"AZZI &#038; OSTA Haute Couture Automne-Hiver 2019"}]},{"@type":"Article","@id":"https:\/\/www.prestigemag.co\/fr\/2019\/07\/azzi-osta-haute-couture-automne-hiver-2019\/#article","isPartOf":{"@id":"https:\/\/www.prestigemag.co\/fr\/2019\/07\/azzi-osta-haute-couture-automne-hiver-2019\/"},"author":{"name":"prestige","@id":"https:\/\/www.prestigemag.co\/#\/schema\/person\/e3f149368970128d68bb2d797bf30fbc"},"headline":"AZZI &#038; OSTA Haute Couture Automne-Hiver 2019","datePublished":"2019-07-11T09:01:47+00:00","dateModified":"2019-07-11T09:01:47+00:00","mainEntityOfPage":{"@id":"https:\/\/www.prestigemag.co\/fr\/2019\/07\/azzi-osta-haute-couture-automne-hiver-2019\/"},"wordCount":426,"publisher":{"@id":"https:\/\/www.prestigemag.co\/#organization"},"articleSection":["Mode","News"],"inLanguage":"fr-FR"},{"@type":"Person","@id":"https:\/\/www.prestigemag.co\/#\/schema\/person\/e3f149368970128d68bb2d797bf30fbc","name":"prestige","image":{"@type":"ImageObject","inLanguage":"fr-FR","@id":"https:\/\/www.prestigemag.co\/#\/schema\/person\/image\/","url":"https:\/\/secure.gravatar.com\/avatar\/0aa2dff5484d35e50578639a2c3ccef9?s=96&d=mm&r=g","contentUrl":"https:\/\/secure.gravatar.com\/avatar\/0aa2dff5484d35e50578639a2c3ccef9?s=96&d=mm&r=g","caption":"prestige"},"url":"https:\/\/www.prestigemag.co\/fr\/author\/prestige\/"}]}},"_links":{"self":[{"href":"https:\/\/www.prestigemag.co\/fr\/wp-json\/wp\/v2\/posts\/23037"}],"collection":[{"href":"https:\/\/www.prestigemag.co\/fr\/wp-json\/wp\/v2\/posts"}],"about":[{"href":"https:\/\/www.prestigemag.co\/fr\/wp-json\/wp\/v2\/types\/post"}],"author":[{"embeddable":true,"href":"https:\/\/www.prestigemag.co\/fr\/wp-json\/wp\/v2\/users\/3"}],"replies":[{"embeddable":true,"href":"https:\/\/www.prestigemag.co\/fr\/wp-json\/wp\/v2\/comments?post=23037"}],"version-history":[{"count":0,"href":"https:\/\/www.prestigemag.co\/fr\/wp-json\/wp\/v2\/posts\/23037\/revisions"}],"wp:featuredmedia":[{"embeddable":true,"href":"https:\/\/www.prestigemag.co\/fr\/wp-json\/wp\/v2\/media\/23038"}],"wp:attachment":[{"href":"https:\/\/www.prestigemag.co\/fr\/wp-json\/wp\/v2\/media?parent=23037"}],"wp:term":[{"taxonomy":"category","embeddable":true,"href":"https:\/\/www.prestigemag.co\/fr\/wp-json\/wp\/v2\/categories?post=23037"},{"taxonomy":"post_tag","embeddable":true,"href":"https:\/\/www.prestigemag.co\/fr\/wp-json\/wp\/v2\/tags?post=23037"}],"curies":[{"name":"wp","href":"https:\/\/api.w.org\/{rel}","templated":true}]}}