{"id":23049,"date":"2019-07-25T11:18:54","date_gmt":"2019-07-25T08:18:54","guid":{"rendered":"http:\/\/www.prestigemag.co\/2019\/07\/mariage-de-conte-de-fees-pour-elie-saab-jr\/"},"modified":"2019-07-25T11:18:54","modified_gmt":"2019-07-25T08:18:54","slug":"mariage-de-conte-de-fees-pour-elie-saab-jr","status":"publish","type":"post","link":"https:\/\/www.prestigemag.co\/fr\/2019\/07\/mariage-de-conte-de-fees-pour-elie-saab-jr\/","title":{"rendered":"Mariage de Conte de f\u00e9es pour Elie Saab Jr."},"content":{"rendered":"<p>Le cr\u00e9ateur Libanais Elie Saab et son \u00e9pouse Claudine ont c\u00e9l\u00e9br\u00e9 le mariage de leur fils a\u00een\u00e9, Elie Saab Junior avec Mlle Christina Mourad.<\/p>\n<p>&nbsp;<\/p>\n<p>&nbsp;<\/p>\n<figure id=\"attachment_17922\" aria-describedby=\"caption-attachment-17922\" style=\"width: 1000px\" class=\"wp-caption aligncenter\"><a href=\"http:\/\/www.prestigemag.co\/wp-content\/uploads\/2019\/07\/Wedding-Elie-Saab-Jr.jpg\"><img src=\"data:image\/svg+xml,%3Csvg%20xmlns='http:\/\/www.w3.org\/2000\/svg'%20viewBox='0%200%201000%20409'%3E%3C\/svg%3E\" class=\"zeen-lazy-load-base zeen-lazy-load wp-image-17922 size-full\" data-lazy-src=\"http:\/\/www.prestigemag.co\/wp-content\/uploads\/2019\/07\/Wedding-Elie-Saab-Jr.jpg\" alt=\"\" width=\"1000\" height=\"409\" data-lazy-srcset=\"https:\/\/www.prestigemag.co\/wp-content\/uploads\/2019\/07\/Wedding-Elie-Saab-Jr.jpg 1000w, https:\/\/www.prestigemag.co\/wp-content\/uploads\/2019\/07\/Wedding-Elie-Saab-Jr-300x123.jpg 300w, https:\/\/www.prestigemag.co\/wp-content\/uploads\/2019\/07\/Wedding-Elie-Saab-Jr-770x315.jpg 770w, https:\/\/www.prestigemag.co\/wp-content\/uploads\/2019\/07\/Wedding-Elie-Saab-Jr-293x120.jpg 293w, https:\/\/www.prestigemag.co\/wp-content\/uploads\/2019\/07\/Wedding-Elie-Saab-Jr-390x160.jpg 390w, https:\/\/www.prestigemag.co\/wp-content\/uploads\/2019\/07\/Wedding-Elie-Saab-Jr-768x314.jpg 768w, https:\/\/www.prestigemag.co\/wp-content\/uploads\/2019\/07\/Wedding-Elie-Saab-Jr-150x61.jpg 150w, https:\/\/www.prestigemag.co\/wp-content\/uploads\/2019\/07\/Wedding-Elie-Saab-Jr-600x245.jpg 600w, https:\/\/www.prestigemag.co\/wp-content\/uploads\/2019\/07\/Wedding-Elie-Saab-Jr-291x119.jpg 291w, https:\/\/www.prestigemag.co\/wp-content\/uploads\/2019\/07\/Wedding-Elie-Saab-Jr-164x67.jpg 164w\" data-lazy-sizes=\"(max-width: 1000px) 100vw, 1000px\" \/><figcaption id=\"caption-attachment-17922\" class=\"wp-caption-text\"><noscript><img class=\"wp-image-17922 size-full\" src=\"http:\/\/www.prestigemag.co\/wp-content\/uploads\/2019\/07\/Wedding-Elie-Saab-Jr.jpg\" alt=\"\" width=\"1000\" height=\"409\" srcset=\"https:\/\/www.prestigemag.co\/wp-content\/uploads\/2019\/07\/Wedding-Elie-Saab-Jr.jpg 1000w, https:\/\/www.prestigemag.co\/wp-content\/uploads\/2019\/07\/Wedding-Elie-Saab-Jr-300x123.jpg 300w, https:\/\/www.prestigemag.co\/wp-content\/uploads\/2019\/07\/Wedding-Elie-Saab-Jr-770x315.jpg 770w, https:\/\/www.prestigemag.co\/wp-content\/uploads\/2019\/07\/Wedding-Elie-Saab-Jr-293x120.jpg 293w, https:\/\/www.prestigemag.co\/wp-content\/uploads\/2019\/07\/Wedding-Elie-Saab-Jr-390x160.jpg 390w, https:\/\/www.prestigemag.co\/wp-content\/uploads\/2019\/07\/Wedding-Elie-Saab-Jr-768x314.jpg 768w, https:\/\/www.prestigemag.co\/wp-content\/uploads\/2019\/07\/Wedding-Elie-Saab-Jr-150x61.jpg 150w, https:\/\/www.prestigemag.co\/wp-content\/uploads\/2019\/07\/Wedding-Elie-Saab-Jr-600x245.jpg 600w, https:\/\/www.prestigemag.co\/wp-content\/uploads\/2019\/07\/Wedding-Elie-Saab-Jr-291x119.jpg 291w, https:\/\/www.prestigemag.co\/wp-content\/uploads\/2019\/07\/Wedding-Elie-Saab-Jr-164x67.jpg 164w\" sizes=\"(max-width: 1000px) 100vw, 1000px\" \/><\/noscript><\/a> Un vin d&rsquo;honneur a suivi la c\u00e9r\u00e9monie religieuse.<\/figcaption><\/figure>\n<p>&nbsp;<\/p>\n<h3>La c\u00e9r\u00e9monie religieuse<\/h3>\n<p>Le 19 juillet, le couple a convol\u00e9 en justes noces lors d\u2019une c\u00e9r\u00e9monie religieuse c\u00e9l\u00e9br\u00e9e \u00e0 Bkerk\u00e9 par le patriarche B\u00e9chara Boutros al-Rahi. Un vin d\u2019honneur organis\u00e9 par Neiman Azzi a suivi. La mari\u00e9e, Christina, portait une robe \u00e0 col haut en tulle sans manches ELIE SAAB Haute Couture, en soie ivoire et fils de lurex couleur champagne, brod\u00e9e de 500 000 paillettes, marqu\u00e9e par une tra\u00eene de 4,5 m\u00e8tres.<\/p>\n<p>&nbsp;<\/p>\n<figure id=\"attachment_17923\" aria-describedby=\"caption-attachment-17923\" style=\"width: 700px\" class=\"wp-caption aligncenter\"><a href=\"http:\/\/www.prestigemag.co\/wp-content\/uploads\/2019\/07\/Religious-Ceremony-ElieChristina-19.07.2019-@ParAzarProductions-15.jpg\"><img src=\"data:image\/svg+xml,%3Csvg%20xmlns='http:\/\/www.w3.org\/2000\/svg'%20viewBox='0%200%20700%20467'%3E%3C\/svg%3E\" class=\"zeen-lazy-load-base zeen-lazy-load wp-image-17923\" data-lazy-src=\"http:\/\/www.prestigemag.co\/wp-content\/uploads\/2019\/07\/Religious-Ceremony-ElieChristina-19.07.2019-@ParAzarProductions-15.jpg\" alt=\"\" width=\"700\" height=\"467\" data-lazy-srcset=\"https:\/\/www.prestigemag.co\/wp-content\/uploads\/2019\/07\/Religious-Ceremony-ElieChristina-19.07.2019-@ParAzarProductions-15.jpg 787w, https:\/\/www.prestigemag.co\/wp-content\/uploads\/2019\/07\/Religious-Ceremony-ElieChristina-19.07.2019-@ParAzarProductions-15-300x200.jpg 300w, https:\/\/www.prestigemag.co\/wp-content\/uploads\/2019\/07\/Religious-Ceremony-ElieChristina-19.07.2019-@ParAzarProductions-15-768x512.jpg 768w, https:\/\/www.prestigemag.co\/wp-content\/uploads\/2019\/07\/Religious-Ceremony-ElieChristina-19.07.2019-@ParAzarProductions-15-150x100.jpg 150w, https:\/\/www.prestigemag.co\/wp-content\/uploads\/2019\/07\/Religious-Ceremony-ElieChristina-19.07.2019-@ParAzarProductions-15-562x375.jpg 562w, https:\/\/www.prestigemag.co\/wp-content\/uploads\/2019\/07\/Religious-Ceremony-ElieChristina-19.07.2019-@ParAzarProductions-15-187x125.jpg 187w, https:\/\/www.prestigemag.co\/wp-content\/uploads\/2019\/07\/Religious-Ceremony-ElieChristina-19.07.2019-@ParAzarProductions-15-100x67.jpg 100w\" data-lazy-sizes=\"(max-width: 700px) 100vw, 700px\" \/><figcaption id=\"caption-attachment-17923\" class=\"wp-caption-text\"><noscript><img class=\"wp-image-17923\" src=\"http:\/\/www.prestigemag.co\/wp-content\/uploads\/2019\/07\/Religious-Ceremony-ElieChristina-19.07.2019-@ParAzarProductions-15.jpg\" alt=\"\" width=\"700\" height=\"467\" srcset=\"https:\/\/www.prestigemag.co\/wp-content\/uploads\/2019\/07\/Religious-Ceremony-ElieChristina-19.07.2019-@ParAzarProductions-15.jpg 787w, https:\/\/www.prestigemag.co\/wp-content\/uploads\/2019\/07\/Religious-Ceremony-ElieChristina-19.07.2019-@ParAzarProductions-15-300x200.jpg 300w, https:\/\/www.prestigemag.co\/wp-content\/uploads\/2019\/07\/Religious-Ceremony-ElieChristina-19.07.2019-@ParAzarProductions-15-768x512.jpg 768w, https:\/\/www.prestigemag.co\/wp-content\/uploads\/2019\/07\/Religious-Ceremony-ElieChristina-19.07.2019-@ParAzarProductions-15-150x100.jpg 150w, https:\/\/www.prestigemag.co\/wp-content\/uploads\/2019\/07\/Religious-Ceremony-ElieChristina-19.07.2019-@ParAzarProductions-15-562x375.jpg 562w, https:\/\/www.prestigemag.co\/wp-content\/uploads\/2019\/07\/Religious-Ceremony-ElieChristina-19.07.2019-@ParAzarProductions-15-187x125.jpg 187w, https:\/\/www.prestigemag.co\/wp-content\/uploads\/2019\/07\/Religious-Ceremony-ElieChristina-19.07.2019-@ParAzarProductions-15-100x67.jpg 100w\" sizes=\"(max-width: 700px) 100vw, 700px\" \/><\/noscript><\/a> Durant la c\u00e9r\u00e9monie religieuse.<\/figcaption><\/figure>\n<p>&nbsp;<\/p>\n<p>&nbsp;<\/p>\n<p><a href=\"http:\/\/www.prestigemag.co\/wp-content\/uploads\/2019\/07\/Religious-Ceremony-ElieChristina-19.07.2019-@ParAzarProductions-10.jpg\"><img src=\"data:image\/svg+xml,%3Csvg%20xmlns='http:\/\/www.w3.org\/2000\/svg'%20viewBox='0%200%20701%20468'%3E%3C\/svg%3E\" class=\"zeen-lazy-load-base zeen-lazy-load aligncenter wp-image-17924\" data-lazy-src=\"http:\/\/www.prestigemag.co\/wp-content\/uploads\/2019\/07\/Religious-Ceremony-ElieChristina-19.07.2019-@ParAzarProductions-10.jpg\" alt=\"\" width=\"701\" height=\"468\" data-lazy-srcset=\"https:\/\/www.prestigemag.co\/wp-content\/uploads\/2019\/07\/Religious-Ceremony-ElieChristina-19.07.2019-@ParAzarProductions-10.jpg 1000w, https:\/\/www.prestigemag.co\/wp-content\/uploads\/2019\/07\/Religious-Ceremony-ElieChristina-19.07.2019-@ParAzarProductions-10-300x200.jpg 300w, https:\/\/www.prestigemag.co\/wp-content\/uploads\/2019\/07\/Religious-Ceremony-ElieChristina-19.07.2019-@ParAzarProductions-10-768x512.jpg 768w, https:\/\/www.prestigemag.co\/wp-content\/uploads\/2019\/07\/Religious-Ceremony-ElieChristina-19.07.2019-@ParAzarProductions-10-150x100.jpg 150w, https:\/\/www.prestigemag.co\/wp-content\/uploads\/2019\/07\/Religious-Ceremony-ElieChristina-19.07.2019-@ParAzarProductions-10-562x375.jpg 562w, https:\/\/www.prestigemag.co\/wp-content\/uploads\/2019\/07\/Religious-Ceremony-ElieChristina-19.07.2019-@ParAzarProductions-10-187x125.jpg 187w, https:\/\/www.prestigemag.co\/wp-content\/uploads\/2019\/07\/Religious-Ceremony-ElieChristina-19.07.2019-@ParAzarProductions-10-100x67.jpg 100w\" data-lazy-sizes=\"(max-width: 701px) 100vw, 701px\" \/><noscript><img class=\"aligncenter wp-image-17924\" src=\"http:\/\/www.prestigemag.co\/wp-content\/uploads\/2019\/07\/Religious-Ceremony-ElieChristina-19.07.2019-@ParAzarProductions-10.jpg\" alt=\"\" width=\"701\" height=\"468\" srcset=\"https:\/\/www.prestigemag.co\/wp-content\/uploads\/2019\/07\/Religious-Ceremony-ElieChristina-19.07.2019-@ParAzarProductions-10.jpg 1000w, https:\/\/www.prestigemag.co\/wp-content\/uploads\/2019\/07\/Religious-Ceremony-ElieChristina-19.07.2019-@ParAzarProductions-10-300x200.jpg 300w, https:\/\/www.prestigemag.co\/wp-content\/uploads\/2019\/07\/Religious-Ceremony-ElieChristina-19.07.2019-@ParAzarProductions-10-768x512.jpg 768w, https:\/\/www.prestigemag.co\/wp-content\/uploads\/2019\/07\/Religious-Ceremony-ElieChristina-19.07.2019-@ParAzarProductions-10-150x100.jpg 150w, https:\/\/www.prestigemag.co\/wp-content\/uploads\/2019\/07\/Religious-Ceremony-ElieChristina-19.07.2019-@ParAzarProductions-10-562x375.jpg 562w, https:\/\/www.prestigemag.co\/wp-content\/uploads\/2019\/07\/Religious-Ceremony-ElieChristina-19.07.2019-@ParAzarProductions-10-187x125.jpg 187w, https:\/\/www.prestigemag.co\/wp-content\/uploads\/2019\/07\/Religious-Ceremony-ElieChristina-19.07.2019-@ParAzarProductions-10-100x67.jpg 100w\" sizes=\"(max-width: 701px) 100vw, 701px\" \/><\/noscript><\/a><\/p>\n<p>&nbsp;<\/p>\n<p>&nbsp;<\/p>\n<h3>La soir\u00e9e du mariage<\/h3>\n<p>La soir\u00e9e de noces, organis\u00e9e par Ziad Raphael Nassar, s&rsquo;est d\u00e9roul\u00e9e au Faqra Club en pr\u00e9sence de 1 200 invit\u00e9s. Des personnalit\u00e9s, VIPs, c\u00e9l\u00e9brit\u00e9s et amis de la famille \u00e9taient de la f\u00eate. Parmi les invit\u00e9s: Dita Von Teese, Chantal Thomass, Karolina Kurkova, Nadine Labaki, Toni Garrn, Lily Donaldson, Elissa, Nancy Ajram et Assi Hellani.<\/p>\n<p>&nbsp;<\/p>\n<figure id=\"attachment_17925\" aria-describedby=\"caption-attachment-17925\" style=\"width: 700px\" class=\"wp-caption aligncenter\"><a href=\"http:\/\/www.prestigemag.co\/wp-content\/uploads\/2019\/07\/Guest-Le-premier-ministre-Saad-Hariri-Claudine-Saab-et-Elie-Saab-ElieChristina-19.07.2019-@ParAzarProductions-17.jpg\"><img src=\"data:image\/svg+xml,%3Csvg%20xmlns='http:\/\/www.w3.org\/2000\/svg'%20viewBox='0%200%20700%20467'%3E%3C\/svg%3E\" class=\"zeen-lazy-load-base zeen-lazy-load wp-image-17925\" data-lazy-src=\"http:\/\/www.prestigemag.co\/wp-content\/uploads\/2019\/07\/Guest-Le-premier-ministre-Saad-Hariri-Claudine-Saab-et-Elie-Saab-ElieChristina-19.07.2019-@ParAzarProductions-17.jpg\" alt=\"\" width=\"700\" height=\"467\" data-lazy-srcset=\"https:\/\/www.prestigemag.co\/wp-content\/uploads\/2019\/07\/Guest-Le-premier-ministre-Saad-Hariri-Claudine-Saab-et-Elie-Saab-ElieChristina-19.07.2019-@ParAzarProductions-17.jpg 1000w, https:\/\/www.prestigemag.co\/wp-content\/uploads\/2019\/07\/Guest-Le-premier-ministre-Saad-Hariri-Claudine-Saab-et-Elie-Saab-ElieChristina-19.07.2019-@ParAzarProductions-17-300x200.jpg 300w, https:\/\/www.prestigemag.co\/wp-content\/uploads\/2019\/07\/Guest-Le-premier-ministre-Saad-Hariri-Claudine-Saab-et-Elie-Saab-ElieChristina-19.07.2019-@ParAzarProductions-17-768x512.jpg 768w, https:\/\/www.prestigemag.co\/wp-content\/uploads\/2019\/07\/Guest-Le-premier-ministre-Saad-Hariri-Claudine-Saab-et-Elie-Saab-ElieChristina-19.07.2019-@ParAzarProductions-17-150x100.jpg 150w, https:\/\/www.prestigemag.co\/wp-content\/uploads\/2019\/07\/Guest-Le-premier-ministre-Saad-Hariri-Claudine-Saab-et-Elie-Saab-ElieChristina-19.07.2019-@ParAzarProductions-17-562x375.jpg 562w, https:\/\/www.prestigemag.co\/wp-content\/uploads\/2019\/07\/Guest-Le-premier-ministre-Saad-Hariri-Claudine-Saab-et-Elie-Saab-ElieChristina-19.07.2019-@ParAzarProductions-17-187x125.jpg 187w, https:\/\/www.prestigemag.co\/wp-content\/uploads\/2019\/07\/Guest-Le-premier-ministre-Saad-Hariri-Claudine-Saab-et-Elie-Saab-ElieChristina-19.07.2019-@ParAzarProductions-17-100x67.jpg 100w\" data-lazy-sizes=\"(max-width: 700px) 100vw, 700px\" \/><figcaption id=\"caption-attachment-17925\" class=\"wp-caption-text\"><noscript><img class=\"wp-image-17925\" src=\"http:\/\/www.prestigemag.co\/wp-content\/uploads\/2019\/07\/Guest-Le-premier-ministre-Saad-Hariri-Claudine-Saab-et-Elie-Saab-ElieChristina-19.07.2019-@ParAzarProductions-17.jpg\" alt=\"\" width=\"700\" height=\"467\" srcset=\"https:\/\/www.prestigemag.co\/wp-content\/uploads\/2019\/07\/Guest-Le-premier-ministre-Saad-Hariri-Claudine-Saab-et-Elie-Saab-ElieChristina-19.07.2019-@ParAzarProductions-17.jpg 1000w, https:\/\/www.prestigemag.co\/wp-content\/uploads\/2019\/07\/Guest-Le-premier-ministre-Saad-Hariri-Claudine-Saab-et-Elie-Saab-ElieChristina-19.07.2019-@ParAzarProductions-17-300x200.jpg 300w, https:\/\/www.prestigemag.co\/wp-content\/uploads\/2019\/07\/Guest-Le-premier-ministre-Saad-Hariri-Claudine-Saab-et-Elie-Saab-ElieChristina-19.07.2019-@ParAzarProductions-17-768x512.jpg 768w, https:\/\/www.prestigemag.co\/wp-content\/uploads\/2019\/07\/Guest-Le-premier-ministre-Saad-Hariri-Claudine-Saab-et-Elie-Saab-ElieChristina-19.07.2019-@ParAzarProductions-17-150x100.jpg 150w, https:\/\/www.prestigemag.co\/wp-content\/uploads\/2019\/07\/Guest-Le-premier-ministre-Saad-Hariri-Claudine-Saab-et-Elie-Saab-ElieChristina-19.07.2019-@ParAzarProductions-17-562x375.jpg 562w, https:\/\/www.prestigemag.co\/wp-content\/uploads\/2019\/07\/Guest-Le-premier-ministre-Saad-Hariri-Claudine-Saab-et-Elie-Saab-ElieChristina-19.07.2019-@ParAzarProductions-17-187x125.jpg 187w, https:\/\/www.prestigemag.co\/wp-content\/uploads\/2019\/07\/Guest-Le-premier-ministre-Saad-Hariri-Claudine-Saab-et-Elie-Saab-ElieChristina-19.07.2019-@ParAzarProductions-17-100x67.jpg 100w\" sizes=\"(max-width: 700px) 100vw, 700px\" \/><\/noscript><\/a> Le Premier Ministre Saad Hariri, Claudine et Elie Saab \u00e0 la soir\u00e9e qui a suivi la c\u00e9r\u00e9monie religieuse.<\/figcaption><\/figure>\n<p>&nbsp;<\/p>\n<p>&nbsp;<\/p>\n<figure id=\"attachment_17926\" aria-describedby=\"caption-attachment-17926\" style=\"width: 281px\" class=\"wp-caption aligncenter\"><a href=\"http:\/\/www.prestigemag.co\/wp-content\/uploads\/2019\/07\/Guest-Sara-Sampaio-ElieChristina-after-party-19.07.2019-@CarlHalal.jpg\"><img src=\"data:image\/svg+xml,%3Csvg%20xmlns='http:\/\/www.w3.org\/2000\/svg'%20viewBox='0%200%20281%20422'%3E%3C\/svg%3E\" class=\"zeen-lazy-load-base zeen-lazy-load wp-image-17926\" data-lazy-src=\"http:\/\/www.prestigemag.co\/wp-content\/uploads\/2019\/07\/Guest-Sara-Sampaio-ElieChristina-after-party-19.07.2019-@CarlHalal-250x375.jpg\" alt=\"\" width=\"281\" height=\"422\" data-lazy-srcset=\"https:\/\/www.prestigemag.co\/wp-content\/uploads\/2019\/07\/Guest-Sara-Sampaio-ElieChristina-after-party-19.07.2019-@CarlHalal-250x375.jpg 250w, https:\/\/www.prestigemag.co\/wp-content\/uploads\/2019\/07\/Guest-Sara-Sampaio-ElieChristina-after-party-19.07.2019-@CarlHalal-200x300.jpg 200w, https:\/\/www.prestigemag.co\/wp-content\/uploads\/2019\/07\/Guest-Sara-Sampaio-ElieChristina-after-party-19.07.2019-@CarlHalal-100x150.jpg 100w, https:\/\/www.prestigemag.co\/wp-content\/uploads\/2019\/07\/Guest-Sara-Sampaio-ElieChristina-after-party-19.07.2019-@CarlHalal-83x125.jpg 83w, https:\/\/www.prestigemag.co\/wp-content\/uploads\/2019\/07\/Guest-Sara-Sampaio-ElieChristina-after-party-19.07.2019-@CarlHalal-45x67.jpg 45w, https:\/\/www.prestigemag.co\/wp-content\/uploads\/2019\/07\/Guest-Sara-Sampaio-ElieChristina-after-party-19.07.2019-@CarlHalal.jpg 630w\" data-lazy-sizes=\"(max-width: 281px) 100vw, 281px\" \/><figcaption id=\"caption-attachment-17926\" class=\"wp-caption-text\"><noscript><img class=\"wp-image-17926\" src=\"http:\/\/www.prestigemag.co\/wp-content\/uploads\/2019\/07\/Guest-Sara-Sampaio-ElieChristina-after-party-19.07.2019-@CarlHalal-250x375.jpg\" alt=\"\" width=\"281\" height=\"422\" srcset=\"https:\/\/www.prestigemag.co\/wp-content\/uploads\/2019\/07\/Guest-Sara-Sampaio-ElieChristina-after-party-19.07.2019-@CarlHalal-250x375.jpg 250w, https:\/\/www.prestigemag.co\/wp-content\/uploads\/2019\/07\/Guest-Sara-Sampaio-ElieChristina-after-party-19.07.2019-@CarlHalal-200x300.jpg 200w, https:\/\/www.prestigemag.co\/wp-content\/uploads\/2019\/07\/Guest-Sara-Sampaio-ElieChristina-after-party-19.07.2019-@CarlHalal-100x150.jpg 100w, https:\/\/www.prestigemag.co\/wp-content\/uploads\/2019\/07\/Guest-Sara-Sampaio-ElieChristina-after-party-19.07.2019-@CarlHalal-83x125.jpg 83w, https:\/\/www.prestigemag.co\/wp-content\/uploads\/2019\/07\/Guest-Sara-Sampaio-ElieChristina-after-party-19.07.2019-@CarlHalal-45x67.jpg 45w, https:\/\/www.prestigemag.co\/wp-content\/uploads\/2019\/07\/Guest-Sara-Sampaio-ElieChristina-after-party-19.07.2019-@CarlHalal.jpg 630w\" sizes=\"(max-width: 281px) 100vw, 281px\" \/><\/noscript><\/a> Sara Sampaio.<\/figcaption><\/figure>\n<p>&nbsp;<\/p>\n<p style=\"text-align: center;\">\n<figure id=\"attachment_17927\" aria-describedby=\"caption-attachment-17927\" style=\"width: 281px\" class=\"wp-caption aligncenter\"><a href=\"http:\/\/www.prestigemag.co\/wp-content\/uploads\/2019\/07\/Guest-Salma-Abou-Deif-ElieChristina-after-party-19.07.2019-@CarlHalal.jpg\"><img src=\"data:image\/svg+xml,%3Csvg%20xmlns='http:\/\/www.w3.org\/2000\/svg'%20viewBox='0%200%20281%20422'%3E%3C\/svg%3E\" class=\"zeen-lazy-load-base zeen-lazy-load wp-image-17927\" data-lazy-src=\"http:\/\/www.prestigemag.co\/wp-content\/uploads\/2019\/07\/Guest-Salma-Abou-Deif-ElieChristina-after-party-19.07.2019-@CarlHalal-250x375.jpg\" alt=\"\" width=\"281\" height=\"422\" data-lazy-srcset=\"https:\/\/www.prestigemag.co\/wp-content\/uploads\/2019\/07\/Guest-Salma-Abou-Deif-ElieChristina-after-party-19.07.2019-@CarlHalal-250x375.jpg 250w, https:\/\/www.prestigemag.co\/wp-content\/uploads\/2019\/07\/Guest-Salma-Abou-Deif-ElieChristina-after-party-19.07.2019-@CarlHalal-200x300.jpg 200w, https:\/\/www.prestigemag.co\/wp-content\/uploads\/2019\/07\/Guest-Salma-Abou-Deif-ElieChristina-after-party-19.07.2019-@CarlHalal-100x150.jpg 100w, https:\/\/www.prestigemag.co\/wp-content\/uploads\/2019\/07\/Guest-Salma-Abou-Deif-ElieChristina-after-party-19.07.2019-@CarlHalal-83x125.jpg 83w, https:\/\/www.prestigemag.co\/wp-content\/uploads\/2019\/07\/Guest-Salma-Abou-Deif-ElieChristina-after-party-19.07.2019-@CarlHalal-45x67.jpg 45w, https:\/\/www.prestigemag.co\/wp-content\/uploads\/2019\/07\/Guest-Salma-Abou-Deif-ElieChristina-after-party-19.07.2019-@CarlHalal.jpg 630w\" data-lazy-sizes=\"(max-width: 281px) 100vw, 281px\" \/><figcaption id=\"caption-attachment-17927\" class=\"wp-caption-text\"><noscript><img class=\"wp-image-17927\" src=\"http:\/\/www.prestigemag.co\/wp-content\/uploads\/2019\/07\/Guest-Salma-Abou-Deif-ElieChristina-after-party-19.07.2019-@CarlHalal-250x375.jpg\" alt=\"\" width=\"281\" height=\"422\" srcset=\"https:\/\/www.prestigemag.co\/wp-content\/uploads\/2019\/07\/Guest-Salma-Abou-Deif-ElieChristina-after-party-19.07.2019-@CarlHalal-250x375.jpg 250w, https:\/\/www.prestigemag.co\/wp-content\/uploads\/2019\/07\/Guest-Salma-Abou-Deif-ElieChristina-after-party-19.07.2019-@CarlHalal-200x300.jpg 200w, https:\/\/www.prestigemag.co\/wp-content\/uploads\/2019\/07\/Guest-Salma-Abou-Deif-ElieChristina-after-party-19.07.2019-@CarlHalal-100x150.jpg 100w, https:\/\/www.prestigemag.co\/wp-content\/uploads\/2019\/07\/Guest-Salma-Abou-Deif-ElieChristina-after-party-19.07.2019-@CarlHalal-83x125.jpg 83w, https:\/\/www.prestigemag.co\/wp-content\/uploads\/2019\/07\/Guest-Salma-Abou-Deif-ElieChristina-after-party-19.07.2019-@CarlHalal-45x67.jpg 45w, https:\/\/www.prestigemag.co\/wp-content\/uploads\/2019\/07\/Guest-Salma-Abou-Deif-ElieChristina-after-party-19.07.2019-@CarlHalal.jpg 630w\" sizes=\"(max-width: 281px) 100vw, 281px\" \/><\/noscript><\/a> Salma Abou Deif.<\/figcaption><\/figure>\n<p>&nbsp;<\/p>\n<p>&nbsp;<\/p>\n<figure id=\"attachment_17928\" aria-describedby=\"caption-attachment-17928\" style=\"width: 281px\" class=\"wp-caption aligncenter\"><a href=\"http:\/\/www.prestigemag.co\/wp-content\/uploads\/2019\/07\/Guest-Karolina-Kurkova-ElieChristina-after-party-19.07.2019-@CarlHalal.jpg\"><img src=\"data:image\/svg+xml,%3Csvg%20xmlns='http:\/\/www.w3.org\/2000\/svg'%20viewBox='0%200%20281%20422'%3E%3C\/svg%3E\" class=\"zeen-lazy-load-base zeen-lazy-load wp-image-17928\" data-lazy-src=\"http:\/\/www.prestigemag.co\/wp-content\/uploads\/2019\/07\/Guest-Karolina-Kurkova-ElieChristina-after-party-19.07.2019-@CarlHalal-250x375.jpg\" alt=\"\" width=\"281\" height=\"422\" data-lazy-srcset=\"https:\/\/www.prestigemag.co\/wp-content\/uploads\/2019\/07\/Guest-Karolina-Kurkova-ElieChristina-after-party-19.07.2019-@CarlHalal-250x375.jpg 250w, https:\/\/www.prestigemag.co\/wp-content\/uploads\/2019\/07\/Guest-Karolina-Kurkova-ElieChristina-after-party-19.07.2019-@CarlHalal-200x300.jpg 200w, https:\/\/www.prestigemag.co\/wp-content\/uploads\/2019\/07\/Guest-Karolina-Kurkova-ElieChristina-after-party-19.07.2019-@CarlHalal-100x150.jpg 100w, https:\/\/www.prestigemag.co\/wp-content\/uploads\/2019\/07\/Guest-Karolina-Kurkova-ElieChristina-after-party-19.07.2019-@CarlHalal-83x125.jpg 83w, https:\/\/www.prestigemag.co\/wp-content\/uploads\/2019\/07\/Guest-Karolina-Kurkova-ElieChristina-after-party-19.07.2019-@CarlHalal-45x67.jpg 45w, https:\/\/www.prestigemag.co\/wp-content\/uploads\/2019\/07\/Guest-Karolina-Kurkova-ElieChristina-after-party-19.07.2019-@CarlHalal.jpg 630w\" data-lazy-sizes=\"(max-width: 281px) 100vw, 281px\" \/><figcaption id=\"caption-attachment-17928\" class=\"wp-caption-text\"><noscript><img class=\"wp-image-17928\" src=\"http:\/\/www.prestigemag.co\/wp-content\/uploads\/2019\/07\/Guest-Karolina-Kurkova-ElieChristina-after-party-19.07.2019-@CarlHalal-250x375.jpg\" alt=\"\" width=\"281\" height=\"422\" srcset=\"https:\/\/www.prestigemag.co\/wp-content\/uploads\/2019\/07\/Guest-Karolina-Kurkova-ElieChristina-after-party-19.07.2019-@CarlHalal-250x375.jpg 250w, https:\/\/www.prestigemag.co\/wp-content\/uploads\/2019\/07\/Guest-Karolina-Kurkova-ElieChristina-after-party-19.07.2019-@CarlHalal-200x300.jpg 200w, https:\/\/www.prestigemag.co\/wp-content\/uploads\/2019\/07\/Guest-Karolina-Kurkova-ElieChristina-after-party-19.07.2019-@CarlHalal-100x150.jpg 100w, https:\/\/www.prestigemag.co\/wp-content\/uploads\/2019\/07\/Guest-Karolina-Kurkova-ElieChristina-after-party-19.07.2019-@CarlHalal-83x125.jpg 83w, https:\/\/www.prestigemag.co\/wp-content\/uploads\/2019\/07\/Guest-Karolina-Kurkova-ElieChristina-after-party-19.07.2019-@CarlHalal-45x67.jpg 45w, https:\/\/www.prestigemag.co\/wp-content\/uploads\/2019\/07\/Guest-Karolina-Kurkova-ElieChristina-after-party-19.07.2019-@CarlHalal.jpg 630w\" sizes=\"(max-width: 281px) 100vw, 281px\" \/><\/noscript><\/a> Karolina Kurkova.<\/figcaption><\/figure>\n<p>&nbsp;<\/p>\n<p>&nbsp;<\/p>\n<figure id=\"attachment_17929\" aria-describedby=\"caption-attachment-17929\" style=\"width: 281px\" class=\"wp-caption aligncenter\"><a href=\"http:\/\/www.prestigemag.co\/wp-content\/uploads\/2019\/07\/Guest-Lauren-Remington-Platt-ElieChristina-after-party-19.07.2019-@CarlHalal.jpg\"><img src=\"data:image\/svg+xml,%3Csvg%20xmlns='http:\/\/www.w3.org\/2000\/svg'%20viewBox='0%200%20281%20422'%3E%3C\/svg%3E\" class=\"zeen-lazy-load-base zeen-lazy-load wp-image-17929\" data-lazy-src=\"http:\/\/www.prestigemag.co\/wp-content\/uploads\/2019\/07\/Guest-Lauren-Remington-Platt-ElieChristina-after-party-19.07.2019-@CarlHalal-250x375.jpg\" alt=\"\" width=\"281\" height=\"422\" data-lazy-srcset=\"https:\/\/www.prestigemag.co\/wp-content\/uploads\/2019\/07\/Guest-Lauren-Remington-Platt-ElieChristina-after-party-19.07.2019-@CarlHalal-250x375.jpg 250w, https:\/\/www.prestigemag.co\/wp-content\/uploads\/2019\/07\/Guest-Lauren-Remington-Platt-ElieChristina-after-party-19.07.2019-@CarlHalal-200x300.jpg 200w, https:\/\/www.prestigemag.co\/wp-content\/uploads\/2019\/07\/Guest-Lauren-Remington-Platt-ElieChristina-after-party-19.07.2019-@CarlHalal-100x150.jpg 100w, https:\/\/www.prestigemag.co\/wp-content\/uploads\/2019\/07\/Guest-Lauren-Remington-Platt-ElieChristina-after-party-19.07.2019-@CarlHalal-83x125.jpg 83w, https:\/\/www.prestigemag.co\/wp-content\/uploads\/2019\/07\/Guest-Lauren-Remington-Platt-ElieChristina-after-party-19.07.2019-@CarlHalal-45x67.jpg 45w, https:\/\/www.prestigemag.co\/wp-content\/uploads\/2019\/07\/Guest-Lauren-Remington-Platt-ElieChristina-after-party-19.07.2019-@CarlHalal.jpg 630w\" data-lazy-sizes=\"(max-width: 281px) 100vw, 281px\" \/><figcaption id=\"caption-attachment-17929\" class=\"wp-caption-text\"><noscript><img class=\"wp-image-17929\" src=\"http:\/\/www.prestigemag.co\/wp-content\/uploads\/2019\/07\/Guest-Lauren-Remington-Platt-ElieChristina-after-party-19.07.2019-@CarlHalal-250x375.jpg\" alt=\"\" width=\"281\" height=\"422\" srcset=\"https:\/\/www.prestigemag.co\/wp-content\/uploads\/2019\/07\/Guest-Lauren-Remington-Platt-ElieChristina-after-party-19.07.2019-@CarlHalal-250x375.jpg 250w, https:\/\/www.prestigemag.co\/wp-content\/uploads\/2019\/07\/Guest-Lauren-Remington-Platt-ElieChristina-after-party-19.07.2019-@CarlHalal-200x300.jpg 200w, https:\/\/www.prestigemag.co\/wp-content\/uploads\/2019\/07\/Guest-Lauren-Remington-Platt-ElieChristina-after-party-19.07.2019-@CarlHalal-100x150.jpg 100w, https:\/\/www.prestigemag.co\/wp-content\/uploads\/2019\/07\/Guest-Lauren-Remington-Platt-ElieChristina-after-party-19.07.2019-@CarlHalal-83x125.jpg 83w, https:\/\/www.prestigemag.co\/wp-content\/uploads\/2019\/07\/Guest-Lauren-Remington-Platt-ElieChristina-after-party-19.07.2019-@CarlHalal-45x67.jpg 45w, https:\/\/www.prestigemag.co\/wp-content\/uploads\/2019\/07\/Guest-Lauren-Remington-Platt-ElieChristina-after-party-19.07.2019-@CarlHalal.jpg 630w\" sizes=\"(max-width: 281px) 100vw, 281px\" \/><\/noscript><\/a> Lauren Remington Platt.<\/figcaption><\/figure>\n<p>&nbsp;<\/p>\n<p>&nbsp;<\/p>\n<p>Christina a opt\u00e9 pour une robe corset en forme de c\u0153ur or et beige ros\u00e9, de la collection ELIE SAAB Haute Couture avec une jupe volumineuse et une tra\u00eene de 3,5 m\u00e8tres. La robe est orn\u00e9e de 650 000 paillettes d&rsquo;or et de 150 000 cristaux de strass Swarovski.<\/p>\n<p>&nbsp;<\/p>\n<p>&nbsp;<\/p>\n<figure id=\"attachment_17931\" aria-describedby=\"caption-attachment-17931\" style=\"width: 563px\" class=\"wp-caption aligncenter\"><a href=\"http:\/\/www.prestigemag.co\/wp-content\/uploads\/2019\/07\/After-Party-ElieChristina-19.07.2019-@ParAzarProductions-18.jpg\"><img src=\"data:image\/svg+xml,%3Csvg%20xmlns='http:\/\/www.w3.org\/2000\/svg'%20viewBox='0%200%20563%20375'%3E%3C\/svg%3E\" class=\"zeen-lazy-load-base zeen-lazy-load wp-image-17931 size-featured-image\" data-lazy-src=\"http:\/\/www.prestigemag.co\/wp-content\/uploads\/2019\/07\/After-Party-ElieChristina-19.07.2019-@ParAzarProductions-18-563x375.jpg\" alt=\"\" width=\"563\" height=\"375\" data-lazy-srcset=\"https:\/\/www.prestigemag.co\/wp-content\/uploads\/2019\/07\/After-Party-ElieChristina-19.07.2019-@ParAzarProductions-18-563x375.jpg 563w, https:\/\/www.prestigemag.co\/wp-content\/uploads\/2019\/07\/After-Party-ElieChristina-19.07.2019-@ParAzarProductions-18-300x200.jpg 300w, https:\/\/www.prestigemag.co\/wp-content\/uploads\/2019\/07\/After-Party-ElieChristina-19.07.2019-@ParAzarProductions-18-768x512.jpg 768w, https:\/\/www.prestigemag.co\/wp-content\/uploads\/2019\/07\/After-Party-ElieChristina-19.07.2019-@ParAzarProductions-18-150x100.jpg 150w, https:\/\/www.prestigemag.co\/wp-content\/uploads\/2019\/07\/After-Party-ElieChristina-19.07.2019-@ParAzarProductions-18-188x125.jpg 188w, https:\/\/www.prestigemag.co\/wp-content\/uploads\/2019\/07\/After-Party-ElieChristina-19.07.2019-@ParAzarProductions-18-101x67.jpg 101w, https:\/\/www.prestigemag.co\/wp-content\/uploads\/2019\/07\/After-Party-ElieChristina-19.07.2019-@ParAzarProductions-18.jpg 800w\" data-lazy-sizes=\"(max-width: 563px) 100vw, 563px\" \/><figcaption id=\"caption-attachment-17931\" class=\"wp-caption-text\"><noscript><img class=\"wp-image-17931 size-featured-image\" src=\"http:\/\/www.prestigemag.co\/wp-content\/uploads\/2019\/07\/After-Party-ElieChristina-19.07.2019-@ParAzarProductions-18-563x375.jpg\" alt=\"\" width=\"563\" height=\"375\" srcset=\"https:\/\/www.prestigemag.co\/wp-content\/uploads\/2019\/07\/After-Party-ElieChristina-19.07.2019-@ParAzarProductions-18-563x375.jpg 563w, https:\/\/www.prestigemag.co\/wp-content\/uploads\/2019\/07\/After-Party-ElieChristina-19.07.2019-@ParAzarProductions-18-300x200.jpg 300w, https:\/\/www.prestigemag.co\/wp-content\/uploads\/2019\/07\/After-Party-ElieChristina-19.07.2019-@ParAzarProductions-18-768x512.jpg 768w, https:\/\/www.prestigemag.co\/wp-content\/uploads\/2019\/07\/After-Party-ElieChristina-19.07.2019-@ParAzarProductions-18-150x100.jpg 150w, https:\/\/www.prestigemag.co\/wp-content\/uploads\/2019\/07\/After-Party-ElieChristina-19.07.2019-@ParAzarProductions-18-188x125.jpg 188w, https:\/\/www.prestigemag.co\/wp-content\/uploads\/2019\/07\/After-Party-ElieChristina-19.07.2019-@ParAzarProductions-18-101x67.jpg 101w, https:\/\/www.prestigemag.co\/wp-content\/uploads\/2019\/07\/After-Party-ElieChristina-19.07.2019-@ParAzarProductions-18.jpg 800w\" sizes=\"(max-width: 563px) 100vw, 563px\" \/><\/noscript><\/a> Elie Saab avec la mari\u00e9e.<\/figcaption><\/figure>\n<p>&nbsp;<\/p>\n<p>&nbsp;<\/p>\n<p>La veille du mariage, le 18 juillet, une soir\u00e9e \u00e0 th\u00e8me oriental a \u00e9t\u00e9 donn\u00e9e sur le Plateau de Bakish. Christina portait une combinaison cr\u00e8me avec une cape dor\u00e9e de la collection Elie Saab Haute Couture Automne-Hiver 2019\/2020.<\/p>\n<p>&nbsp;<\/p>\n<h3>Une soir\u00e9e \u00e0 Faqra<\/h3>\n<p>Une f\u00eate \u00e0 la r\u00e9sidence de M. Elie Saab \u00e0 Faqra le samedi 20 a cl\u00f4tur\u00e9 ces belles festivit\u00e9s. Du coucher au lever du soleil, sous les teintes infinies du ciel bleu de l\u2019\u00e9t\u00e9. La mari\u00e9e \u00e9tait v\u00eatue d&rsquo;une robe longue en Georgette de soie aqua marine, agr\u00e9ment\u00e9e d&rsquo;une broche en forme de corail, de la collection Printemps-Et\u00e9 2019 Haute Couture ELIE SAAB.<\/p>\n<p>&nbsp;<\/p>\n<p>&nbsp;<\/p>\n<figure id=\"attachment_17933\" aria-describedby=\"caption-attachment-17933\" style=\"width: 500px\" class=\"wp-caption aligncenter\"><a href=\"http:\/\/www.prestigemag.co\/wp-content\/uploads\/2019\/07\/Dinner-at-Mr-Saab-20.07.2019-@ParAzarProductions-1.jpg\"><img src=\"data:image\/svg+xml,%3Csvg%20xmlns='http:\/\/www.w3.org\/2000\/svg'%20viewBox='0%200%20500%20750'%3E%3C\/svg%3E\" class=\"zeen-lazy-load-base zeen-lazy-load wp-image-17933\" data-lazy-src=\"http:\/\/www.prestigemag.co\/wp-content\/uploads\/2019\/07\/Dinner-at-Mr-Saab-20.07.2019-@ParAzarProductions-1.jpg\" alt=\"\" width=\"500\" height=\"750\" data-lazy-srcset=\"https:\/\/www.prestigemag.co\/wp-content\/uploads\/2019\/07\/Dinner-at-Mr-Saab-20.07.2019-@ParAzarProductions-1.jpg 630w, https:\/\/www.prestigemag.co\/wp-content\/uploads\/2019\/07\/Dinner-at-Mr-Saab-20.07.2019-@ParAzarProductions-1-200x300.jpg 200w, https:\/\/www.prestigemag.co\/wp-content\/uploads\/2019\/07\/Dinner-at-Mr-Saab-20.07.2019-@ParAzarProductions-1-100x150.jpg 100w, https:\/\/www.prestigemag.co\/wp-content\/uploads\/2019\/07\/Dinner-at-Mr-Saab-20.07.2019-@ParAzarProductions-1-250x375.jpg 250w, https:\/\/www.prestigemag.co\/wp-content\/uploads\/2019\/07\/Dinner-at-Mr-Saab-20.07.2019-@ParAzarProductions-1-83x125.jpg 83w, https:\/\/www.prestigemag.co\/wp-content\/uploads\/2019\/07\/Dinner-at-Mr-Saab-20.07.2019-@ParAzarProductions-1-45x67.jpg 45w\" data-lazy-sizes=\"(max-width: 500px) 100vw, 500px\" \/><figcaption id=\"caption-attachment-17933\" class=\"wp-caption-text\"><noscript><img class=\"wp-image-17933\" src=\"http:\/\/www.prestigemag.co\/wp-content\/uploads\/2019\/07\/Dinner-at-Mr-Saab-20.07.2019-@ParAzarProductions-1.jpg\" alt=\"\" width=\"500\" height=\"750\" srcset=\"https:\/\/www.prestigemag.co\/wp-content\/uploads\/2019\/07\/Dinner-at-Mr-Saab-20.07.2019-@ParAzarProductions-1.jpg 630w, https:\/\/www.prestigemag.co\/wp-content\/uploads\/2019\/07\/Dinner-at-Mr-Saab-20.07.2019-@ParAzarProductions-1-200x300.jpg 200w, https:\/\/www.prestigemag.co\/wp-content\/uploads\/2019\/07\/Dinner-at-Mr-Saab-20.07.2019-@ParAzarProductions-1-100x150.jpg 100w, https:\/\/www.prestigemag.co\/wp-content\/uploads\/2019\/07\/Dinner-at-Mr-Saab-20.07.2019-@ParAzarProductions-1-250x375.jpg 250w, https:\/\/www.prestigemag.co\/wp-content\/uploads\/2019\/07\/Dinner-at-Mr-Saab-20.07.2019-@ParAzarProductions-1-83x125.jpg 83w, https:\/\/www.prestigemag.co\/wp-content\/uploads\/2019\/07\/Dinner-at-Mr-Saab-20.07.2019-@ParAzarProductions-1-45x67.jpg 45w\" sizes=\"(max-width: 500px) 100vw, 500px\" \/><\/noscript><\/a> Le couple Elie Saab Jr. et Christina Mourad.<\/figcaption><\/figure>\n<p>&nbsp;<\/p>\n<p>&nbsp;<\/p>\n<figure id=\"attachment_17934\" aria-describedby=\"caption-attachment-17934\" style=\"width: 501px\" class=\"wp-caption aligncenter\"><a href=\"http:\/\/www.prestigemag.co\/wp-content\/uploads\/2019\/07\/The-Bride-Christina-Mourad-ElieChristina-19.07.2019-@ParAzarProductions-4.jpg\"><img src=\"data:image\/svg+xml,%3Csvg%20xmlns='http:\/\/www.w3.org\/2000\/svg'%20viewBox='0%200%20501%20752'%3E%3C\/svg%3E\" class=\"zeen-lazy-load-base zeen-lazy-load wp-image-17934\" data-lazy-src=\"http:\/\/www.prestigemag.co\/wp-content\/uploads\/2019\/07\/The-Bride-Christina-Mourad-ElieChristina-19.07.2019-@ParAzarProductions-4.jpg\" alt=\"\" width=\"501\" height=\"752\" data-lazy-srcset=\"https:\/\/www.prestigemag.co\/wp-content\/uploads\/2019\/07\/The-Bride-Christina-Mourad-ElieChristina-19.07.2019-@ParAzarProductions-4.jpg 600w, https:\/\/www.prestigemag.co\/wp-content\/uploads\/2019\/07\/The-Bride-Christina-Mourad-ElieChristina-19.07.2019-@ParAzarProductions-4-200x300.jpg 200w, https:\/\/www.prestigemag.co\/wp-content\/uploads\/2019\/07\/The-Bride-Christina-Mourad-ElieChristina-19.07.2019-@ParAzarProductions-4-100x150.jpg 100w, https:\/\/www.prestigemag.co\/wp-content\/uploads\/2019\/07\/The-Bride-Christina-Mourad-ElieChristina-19.07.2019-@ParAzarProductions-4-250x375.jpg 250w, https:\/\/www.prestigemag.co\/wp-content\/uploads\/2019\/07\/The-Bride-Christina-Mourad-ElieChristina-19.07.2019-@ParAzarProductions-4-83x125.jpg 83w, https:\/\/www.prestigemag.co\/wp-content\/uploads\/2019\/07\/The-Bride-Christina-Mourad-ElieChristina-19.07.2019-@ParAzarProductions-4-45x67.jpg 45w\" data-lazy-sizes=\"(max-width: 501px) 100vw, 501px\" \/><figcaption id=\"caption-attachment-17934\" class=\"wp-caption-text\"><noscript><img class=\"wp-image-17934\" src=\"http:\/\/www.prestigemag.co\/wp-content\/uploads\/2019\/07\/The-Bride-Christina-Mourad-ElieChristina-19.07.2019-@ParAzarProductions-4.jpg\" alt=\"\" width=\"501\" height=\"752\" srcset=\"https:\/\/www.prestigemag.co\/wp-content\/uploads\/2019\/07\/The-Bride-Christina-Mourad-ElieChristina-19.07.2019-@ParAzarProductions-4.jpg 600w, https:\/\/www.prestigemag.co\/wp-content\/uploads\/2019\/07\/The-Bride-Christina-Mourad-ElieChristina-19.07.2019-@ParAzarProductions-4-200x300.jpg 200w, https:\/\/www.prestigemag.co\/wp-content\/uploads\/2019\/07\/The-Bride-Christina-Mourad-ElieChristina-19.07.2019-@ParAzarProductions-4-100x150.jpg 100w, https:\/\/www.prestigemag.co\/wp-content\/uploads\/2019\/07\/The-Bride-Christina-Mourad-ElieChristina-19.07.2019-@ParAzarProductions-4-250x375.jpg 250w, https:\/\/www.prestigemag.co\/wp-content\/uploads\/2019\/07\/The-Bride-Christina-Mourad-ElieChristina-19.07.2019-@ParAzarProductions-4-83x125.jpg 83w, https:\/\/www.prestigemag.co\/wp-content\/uploads\/2019\/07\/The-Bride-Christina-Mourad-ElieChristina-19.07.2019-@ParAzarProductions-4-45x67.jpg 45w\" sizes=\"(max-width: 501px) 100vw, 501px\" \/><\/noscript><\/a> La mari\u00e9e Christina Mourad.<\/figcaption><\/figure>\n","protected":false},"excerpt":{"rendered":"<p><em>Le cr\u00e9ateur Libanais Elie Saab et son \u00e9pouse Claudine ont c\u00e9l\u00e9br\u00e9 le mariage de leur fils a\u00een\u00e9, Elie Saab Junior avec Mlle Christina Mourad.<\/em><br \/>.<\/p>\n","protected":false},"author":3,"featured_media":23050,"comment_status":"closed","ping_status":"closed","sticky":false,"template":"","format":"standard","meta":[],"categories":[13333,13334],"tags":[],"yoast_head":"<!-- This site is optimized with the Yoast SEO plugin v19.4 - https:\/\/yoast.com\/wordpress\/plugins\/seo\/ -->\n<title>Mariage de Conte de f\u00e9es pour Elie Saab Jr. - Prestige Magazine<\/title>\n<meta name=\"description\" content=\"Le cr\u00e9ateur Libanais Elie Saab et son \u00e9pouse Claudine ont c\u00e9l\u00e9br\u00e9 le mariage de leur fils a\u00een\u00e9, Elie Saab Junior avec Mlle Christina Mourad..\" \/>\n<meta name=\"robots\" content=\"index, follow, max-snippet:-1, max-image-preview:large, max-video-preview:-1\" \/>\n<link rel=\"canonical\" href=\"https:\/\/www.prestigemag.co\/fr\/2019\/07\/mariage-de-conte-de-fees-pour-elie-saab-jr\/\" \/>\n<meta property=\"og:locale\" content=\"fr_FR\" \/>\n<meta property=\"og:type\" content=\"article\" \/>\n<meta property=\"og:title\" content=\"Mariage de Conte de f\u00e9es pour Elie Saab Jr. - Prestige Magazine\" \/>\n<meta property=\"og:description\" content=\"Le cr\u00e9ateur Libanais Elie Saab et son \u00e9pouse Claudine ont c\u00e9l\u00e9br\u00e9 le mariage de leur fils a\u00een\u00e9, Elie Saab Junior avec Mlle Christina Mourad..\" \/>\n<meta property=\"og:url\" content=\"https:\/\/www.prestigemag.co\/fr\/2019\/07\/mariage-de-conte-de-fees-pour-elie-saab-jr\/\" \/>\n<meta property=\"og:site_name\" content=\"Prestige Magazine\" \/>\n<meta property=\"article:publisher\" content=\"https:\/\/www.facebook.com\/prestigemag.co\/\" \/>\n<meta property=\"article:published_time\" content=\"2019-07-25T08:18:54+00:00\" \/>\n<meta property=\"og:image\" content=\"https:\/\/www.prestigemag.co\/wp-content\/uploads\/2019\/07\/Wedding-Elie-Saab-Jr.jpg\" \/>\n\t<meta property=\"og:image:width\" content=\"1000\" \/>\n\t<meta property=\"og:image:height\" content=\"409\" \/>\n\t<meta property=\"og:image:type\" content=\"image\/jpeg\" \/>\n<meta name=\"author\" content=\"prestige\" \/>\n<meta name=\"twitter:card\" content=\"summary\" \/>\n<meta name=\"twitter:label1\" content=\"\u00c9crit par\" \/>\n\t<meta name=\"twitter:data1\" content=\"prestige\" \/>\n\t<meta name=\"twitter:label2\" content=\"Dur\u00e9e de lecture estim\u00e9e\" \/>\n\t<meta name=\"twitter:data2\" content=\"3 minutes\" \/>\n<script type=\"application\/ld+json\" class=\"yoast-schema-graph\">{\"@context\":\"https:\/\/schema.org\",\"@graph\":[{\"@type\":\"Organization\",\"@id\":\"https:\/\/www.prestigemag.co\/#organization\",\"name\":\"Prestige\",\"url\":\"https:\/\/www.prestigemag.co\/\",\"sameAs\":[\"https:\/\/www.instagram.com\/prestige.mag\/\",\"https:\/\/www.facebook.com\/prestigemag.co\/\"],\"logo\":{\"@type\":\"ImageObject\",\"inLanguage\":\"fr-FR\",\"@id\":\"https:\/\/www.prestigemag.co\/#\/schema\/logo\/image\/\",\"url\":\"https:\/\/www.prestigemag.co\/wp-content\/uploads\/2021\/11\/logo-Prestige-800x200-1.png\",\"contentUrl\":\"https:\/\/www.prestigemag.co\/wp-content\/uploads\/2021\/11\/logo-Prestige-800x200-1.png\",\"width\":800,\"height\":200,\"caption\":\"Prestige\"},\"image\":{\"@id\":\"https:\/\/www.prestigemag.co\/#\/schema\/logo\/image\/\"}},{\"@type\":\"WebSite\",\"@id\":\"https:\/\/www.prestigemag.co\/#website\",\"url\":\"https:\/\/www.prestigemag.co\/\",\"name\":\"Prestige Magazine\",\"description\":\"Le Monde Des C\u00e9l\u00e9brit\u00e9s\",\"publisher\":{\"@id\":\"https:\/\/www.prestigemag.co\/#organization\"},\"potentialAction\":[{\"@type\":\"SearchAction\",\"target\":{\"@type\":\"EntryPoint\",\"urlTemplate\":\"https:\/\/www.prestigemag.co\/?s={search_term_string}\"},\"query-input\":\"required name=search_term_string\"}],\"inLanguage\":\"fr-FR\"},{\"@type\":\"WebPage\",\"@id\":\"https:\/\/www.prestigemag.co\/fr\/2019\/07\/mariage-de-conte-de-fees-pour-elie-saab-jr\/\",\"url\":\"https:\/\/www.prestigemag.co\/fr\/2019\/07\/mariage-de-conte-de-fees-pour-elie-saab-jr\/\",\"name\":\"Mariage de Conte de f\u00e9es pour Elie Saab Jr. - Prestige Magazine\",\"isPartOf\":{\"@id\":\"https:\/\/www.prestigemag.co\/#website\"},\"datePublished\":\"2019-07-25T08:18:54+00:00\",\"dateModified\":\"2019-07-25T08:18:54+00:00\",\"description\":\"Le cr\u00e9ateur Libanais Elie Saab et son \u00e9pouse Claudine ont c\u00e9l\u00e9br\u00e9 le mariage de leur fils a\u00een\u00e9, Elie Saab Junior avec Mlle Christina Mourad..\",\"breadcrumb\":{\"@id\":\"https:\/\/www.prestigemag.co\/fr\/2019\/07\/mariage-de-conte-de-fees-pour-elie-saab-jr\/#breadcrumb\"},\"inLanguage\":\"fr-FR\",\"potentialAction\":[{\"@type\":\"ReadAction\",\"target\":[\"https:\/\/www.prestigemag.co\/fr\/2019\/07\/mariage-de-conte-de-fees-pour-elie-saab-jr\/\"]}]},{\"@type\":\"BreadcrumbList\",\"@id\":\"https:\/\/www.prestigemag.co\/fr\/2019\/07\/mariage-de-conte-de-fees-pour-elie-saab-jr\/#breadcrumb\",\"itemListElement\":[{\"@type\":\"ListItem\",\"position\":1,\"name\":\"Home\",\"item\":\"https:\/\/www.prestigemag.co\/fr\/\"},{\"@type\":\"ListItem\",\"position\":2,\"name\":\"Mariage de Conte de f\u00e9es pour Elie Saab Jr.\"}]},{\"@type\":\"Article\",\"@id\":\"https:\/\/www.prestigemag.co\/fr\/2019\/07\/mariage-de-conte-de-fees-pour-elie-saab-jr\/#article\",\"isPartOf\":{\"@id\":\"https:\/\/www.prestigemag.co\/fr\/2019\/07\/mariage-de-conte-de-fees-pour-elie-saab-jr\/\"},\"author\":{\"name\":\"prestige\",\"@id\":\"https:\/\/www.prestigemag.co\/#\/schema\/person\/e3f149368970128d68bb2d797bf30fbc\"},\"headline\":\"Mariage de Conte de f\u00e9es pour Elie Saab Jr.\",\"datePublished\":\"2019-07-25T08:18:54+00:00\",\"dateModified\":\"2019-07-25T08:18:54+00:00\",\"mainEntityOfPage\":{\"@id\":\"https:\/\/www.prestigemag.co\/fr\/2019\/07\/mariage-de-conte-de-fees-pour-elie-saab-jr\/\"},\"wordCount\":512,\"publisher\":{\"@id\":\"https:\/\/www.prestigemag.co\/#organization\"},\"articleSection\":[\"\u00c9v\u00e9nements\",\"Mariage\"],\"inLanguage\":\"fr-FR\"},{\"@type\":\"Person\",\"@id\":\"https:\/\/www.prestigemag.co\/#\/schema\/person\/e3f149368970128d68bb2d797bf30fbc\",\"name\":\"prestige\",\"image\":{\"@type\":\"ImageObject\",\"inLanguage\":\"fr-FR\",\"@id\":\"https:\/\/www.prestigemag.co\/#\/schema\/person\/image\/\",\"url\":\"https:\/\/secure.gravatar.com\/avatar\/0aa2dff5484d35e50578639a2c3ccef9?s=96&d=mm&r=g\",\"contentUrl\":\"https:\/\/secure.gravatar.com\/avatar\/0aa2dff5484d35e50578639a2c3ccef9?s=96&d=mm&r=g\",\"caption\":\"prestige\"},\"url\":\"https:\/\/www.prestigemag.co\/fr\/author\/prestige\/\"}]}<\/script>\n<!-- \/ Yoast SEO plugin. -->","yoast_head_json":{"title":"Mariage de Conte de f\u00e9es pour Elie Saab Jr. - Prestige Magazine","description":"Le cr\u00e9ateur Libanais Elie Saab et son \u00e9pouse Claudine ont c\u00e9l\u00e9br\u00e9 le mariage de leur fils a\u00een\u00e9, Elie Saab Junior avec Mlle Christina Mourad..","robots":{"index":"index","follow":"follow","max-snippet":"max-snippet:-1","max-image-preview":"max-image-preview:large","max-video-preview":"max-video-preview:-1"},"canonical":"https:\/\/www.prestigemag.co\/fr\/2019\/07\/mariage-de-conte-de-fees-pour-elie-saab-jr\/","og_locale":"fr_FR","og_type":"article","og_title":"Mariage de Conte de f\u00e9es pour Elie Saab Jr. - Prestige Magazine","og_description":"Le cr\u00e9ateur Libanais Elie Saab et son \u00e9pouse Claudine ont c\u00e9l\u00e9br\u00e9 le mariage de leur fils a\u00een\u00e9, Elie Saab Junior avec Mlle Christina Mourad..","og_url":"https:\/\/www.prestigemag.co\/fr\/2019\/07\/mariage-de-conte-de-fees-pour-elie-saab-jr\/","og_site_name":"Prestige Magazine","article_publisher":"https:\/\/www.facebook.com\/prestigemag.co\/","article_published_time":"2019-07-25T08:18:54+00:00","og_image":[{"width":1000,"height":409,"url":"https:\/\/www.prestigemag.co\/wp-content\/uploads\/2019\/07\/Wedding-Elie-Saab-Jr.jpg","type":"image\/jpeg"}],"author":"prestige","twitter_card":"summary","twitter_misc":{"\u00c9crit par":"prestige","Dur\u00e9e de lecture estim\u00e9e":"3 minutes"},"schema":{"@context":"https:\/\/schema.org","@graph":[{"@type":"Organization","@id":"https:\/\/www.prestigemag.co\/#organization","name":"Prestige","url":"https:\/\/www.prestigemag.co\/","sameAs":["https:\/\/www.instagram.com\/prestige.mag\/","https:\/\/www.facebook.com\/prestigemag.co\/"],"logo":{"@type":"ImageObject","inLanguage":"fr-FR","@id":"https:\/\/www.prestigemag.co\/#\/schema\/logo\/image\/","url":"https:\/\/www.prestigemag.co\/wp-content\/uploads\/2021\/11\/logo-Prestige-800x200-1.png","contentUrl":"https:\/\/www.prestigemag.co\/wp-content\/uploads\/2021\/11\/logo-Prestige-800x200-1.png","width":800,"height":200,"caption":"Prestige"},"image":{"@id":"https:\/\/www.prestigemag.co\/#\/schema\/logo\/image\/"}},{"@type":"WebSite","@id":"https:\/\/www.prestigemag.co\/#website","url":"https:\/\/www.prestigemag.co\/","name":"Prestige Magazine","description":"Le Monde Des C\u00e9l\u00e9brit\u00e9s","publisher":{"@id":"https:\/\/www.prestigemag.co\/#organization"},"potentialAction":[{"@type":"SearchAction","target":{"@type":"EntryPoint","urlTemplate":"https:\/\/www.prestigemag.co\/?s={search_term_string}"},"query-input":"required name=search_term_string"}],"inLanguage":"fr-FR"},{"@type":"WebPage","@id":"https:\/\/www.prestigemag.co\/fr\/2019\/07\/mariage-de-conte-de-fees-pour-elie-saab-jr\/","url":"https:\/\/www.prestigemag.co\/fr\/2019\/07\/mariage-de-conte-de-fees-pour-elie-saab-jr\/","name":"Mariage de Conte de f\u00e9es pour Elie Saab Jr. - Prestige Magazine","isPartOf":{"@id":"https:\/\/www.prestigemag.co\/#website"},"datePublished":"2019-07-25T08:18:54+00:00","dateModified":"2019-07-25T08:18:54+00:00","description":"Le cr\u00e9ateur Libanais Elie Saab et son \u00e9pouse Claudine ont c\u00e9l\u00e9br\u00e9 le mariage de leur fils a\u00een\u00e9, Elie Saab Junior avec Mlle Christina Mourad..","breadcrumb":{"@id":"https:\/\/www.prestigemag.co\/fr\/2019\/07\/mariage-de-conte-de-fees-pour-elie-saab-jr\/#breadcrumb"},"inLanguage":"fr-FR","potentialAction":[{"@type":"ReadAction","target":["https:\/\/www.prestigemag.co\/fr\/2019\/07\/mariage-de-conte-de-fees-pour-elie-saab-jr\/"]}]},{"@type":"BreadcrumbList","@id":"https:\/\/www.prestigemag.co\/fr\/2019\/07\/mariage-de-conte-de-fees-pour-elie-saab-jr\/#breadcrumb","itemListElement":[{"@type":"ListItem","position":1,"name":"Home","item":"https:\/\/www.prestigemag.co\/fr\/"},{"@type":"ListItem","position":2,"name":"Mariage de Conte de f\u00e9es pour Elie Saab Jr."}]},{"@type":"Article","@id":"https:\/\/www.prestigemag.co\/fr\/2019\/07\/mariage-de-conte-de-fees-pour-elie-saab-jr\/#article","isPartOf":{"@id":"https:\/\/www.prestigemag.co\/fr\/2019\/07\/mariage-de-conte-de-fees-pour-elie-saab-jr\/"},"author":{"name":"prestige","@id":"https:\/\/www.prestigemag.co\/#\/schema\/person\/e3f149368970128d68bb2d797bf30fbc"},"headline":"Mariage de Conte de f\u00e9es pour Elie Saab Jr.","datePublished":"2019-07-25T08:18:54+00:00","dateModified":"2019-07-25T08:18:54+00:00","mainEntityOfPage":{"@id":"https:\/\/www.prestigemag.co\/fr\/2019\/07\/mariage-de-conte-de-fees-pour-elie-saab-jr\/"},"wordCount":512,"publisher":{"@id":"https:\/\/www.prestigemag.co\/#organization"},"articleSection":["\u00c9v\u00e9nements","Mariage"],"inLanguage":"fr-FR"},{"@type":"Person","@id":"https:\/\/www.prestigemag.co\/#\/schema\/person\/e3f149368970128d68bb2d797bf30fbc","name":"prestige","image":{"@type":"ImageObject","inLanguage":"fr-FR","@id":"https:\/\/www.prestigemag.co\/#\/schema\/person\/image\/","url":"https:\/\/secure.gravatar.com\/avatar\/0aa2dff5484d35e50578639a2c3ccef9?s=96&d=mm&r=g","contentUrl":"https:\/\/secure.gravatar.com\/avatar\/0aa2dff5484d35e50578639a2c3ccef9?s=96&d=mm&r=g","caption":"prestige"},"url":"https:\/\/www.prestigemag.co\/fr\/author\/prestige\/"}]}},"_links":{"self":[{"href":"https:\/\/www.prestigemag.co\/fr\/wp-json\/wp\/v2\/posts\/23049"}],"collection":[{"href":"https:\/\/www.prestigemag.co\/fr\/wp-json\/wp\/v2\/posts"}],"about":[{"href":"https:\/\/www.prestigemag.co\/fr\/wp-json\/wp\/v2\/types\/post"}],"author":[{"embeddable":true,"href":"https:\/\/www.prestigemag.co\/fr\/wp-json\/wp\/v2\/users\/3"}],"replies":[{"embeddable":true,"href":"https:\/\/www.prestigemag.co\/fr\/wp-json\/wp\/v2\/comments?post=23049"}],"version-history":[{"count":0,"href":"https:\/\/www.prestigemag.co\/fr\/wp-json\/wp\/v2\/posts\/23049\/revisions"}],"wp:featuredmedia":[{"embeddable":true,"href":"https:\/\/www.prestigemag.co\/fr\/wp-json\/wp\/v2\/media\/23050"}],"wp:attachment":[{"href":"https:\/\/www.prestigemag.co\/fr\/wp-json\/wp\/v2\/media?parent=23049"}],"wp:term":[{"taxonomy":"category","embeddable":true,"href":"https:\/\/www.prestigemag.co\/fr\/wp-json\/wp\/v2\/categories?post=23049"},{"taxonomy":"post_tag","embeddable":true,"href":"https:\/\/www.prestigemag.co\/fr\/wp-json\/wp\/v2\/tags?post=23049"}],"curies":[{"name":"wp","href":"https:\/\/api.w.org\/{rel}","templated":true}]}}