{"id":23055,"date":"2019-07-29T16:07:31","date_gmt":"2019-07-29T13:07:31","guid":{"rendered":"http:\/\/www.prestigemag.co\/2019\/07\/galaxy-fold-pret-pour-le-lancement-a-partir-de-septembre\/"},"modified":"2019-07-29T16:07:31","modified_gmt":"2019-07-29T13:07:31","slug":"galaxy-fold-pret-pour-le-lancement-a-partir-de-septembre","status":"publish","type":"post","link":"https:\/\/www.prestigemag.co\/fr\/2019\/07\/galaxy-fold-pret-pour-le-lancement-a-partir-de-septembre\/","title":{"rendered":"Galaxy Fold pr\u00eat pour le lancement \u00e0 partir de septembre"},"content":{"rendered":"<p>Chez Samsung, \u00eatre les pionniers de l\u2019innovation mobile est notre but. Cela se traduit \u00e0 travers l\u2019introduction de nouveaux produits et technologies qui font avancer l\u2019ensemble du secteur. Plus t\u00f4t cette ann\u00e9e, nous avons annonc\u00e9 le lancement de Galaxy Fold, le premier appareil pliable de Samsung. C&rsquo;est le d\u00e9but d\u2019une toute nouvelle cat\u00e9gorie pour les appareils mobiles. Depuis lors, nous avons apport\u00e9 des am\u00e9liorations \u00e0 Galaxy Fold afin de garantir aux clients la meilleure exp\u00e9rience possible.<\/p>\n<p>&nbsp;<\/p>\n<p>&nbsp;<\/p>\n<p><a href=\"http:\/\/www.prestigemag.co\/wp-content\/uploads\/2019\/07\/Samsung-Galaxy-Fold.jpg\"><img src=\"data:image\/svg+xml,%3Csvg%20xmlns='http:\/\/www.w3.org\/2000\/svg'%20viewBox='0%200%201000%20409'%3E%3C\/svg%3E\" width=\"1000\" height=\"409\" class=\"zeen-lazy-load-base zeen-lazy-load aligncenter size-full wp-image-18015\" data-lazy-src=\"http:\/\/www.prestigemag.co\/wp-content\/uploads\/2019\/07\/Samsung-Galaxy-Fold.jpg\" alt=\"\" data-lazy-srcset=\"https:\/\/www.prestigemag.co\/wp-content\/uploads\/2019\/07\/Samsung-Galaxy-Fold.jpg 1000w, https:\/\/www.prestigemag.co\/wp-content\/uploads\/2019\/07\/Samsung-Galaxy-Fold-300x123.jpg 300w, https:\/\/www.prestigemag.co\/wp-content\/uploads\/2019\/07\/Samsung-Galaxy-Fold-770x315.jpg 770w, https:\/\/www.prestigemag.co\/wp-content\/uploads\/2019\/07\/Samsung-Galaxy-Fold-293x120.jpg 293w, https:\/\/www.prestigemag.co\/wp-content\/uploads\/2019\/07\/Samsung-Galaxy-Fold-390x160.jpg 390w, https:\/\/www.prestigemag.co\/wp-content\/uploads\/2019\/07\/Samsung-Galaxy-Fold-768x314.jpg 768w, https:\/\/www.prestigemag.co\/wp-content\/uploads\/2019\/07\/Samsung-Galaxy-Fold-150x61.jpg 150w, https:\/\/www.prestigemag.co\/wp-content\/uploads\/2019\/07\/Samsung-Galaxy-Fold-600x245.jpg 600w, https:\/\/www.prestigemag.co\/wp-content\/uploads\/2019\/07\/Samsung-Galaxy-Fold-291x119.jpg 291w, https:\/\/www.prestigemag.co\/wp-content\/uploads\/2019\/07\/Samsung-Galaxy-Fold-164x67.jpg 164w\" data-lazy-sizes=\"(max-width: 1000px) 100vw, 1000px\" \/><noscript><img width=\"1000\" height=\"409\" class=\"aligncenter size-full wp-image-18015\" src=\"http:\/\/www.prestigemag.co\/wp-content\/uploads\/2019\/07\/Samsung-Galaxy-Fold.jpg\" alt=\"\" srcset=\"https:\/\/www.prestigemag.co\/wp-content\/uploads\/2019\/07\/Samsung-Galaxy-Fold.jpg 1000w, https:\/\/www.prestigemag.co\/wp-content\/uploads\/2019\/07\/Samsung-Galaxy-Fold-300x123.jpg 300w, https:\/\/www.prestigemag.co\/wp-content\/uploads\/2019\/07\/Samsung-Galaxy-Fold-770x315.jpg 770w, https:\/\/www.prestigemag.co\/wp-content\/uploads\/2019\/07\/Samsung-Galaxy-Fold-293x120.jpg 293w, https:\/\/www.prestigemag.co\/wp-content\/uploads\/2019\/07\/Samsung-Galaxy-Fold-390x160.jpg 390w, https:\/\/www.prestigemag.co\/wp-content\/uploads\/2019\/07\/Samsung-Galaxy-Fold-768x314.jpg 768w, https:\/\/www.prestigemag.co\/wp-content\/uploads\/2019\/07\/Samsung-Galaxy-Fold-150x61.jpg 150w, https:\/\/www.prestigemag.co\/wp-content\/uploads\/2019\/07\/Samsung-Galaxy-Fold-600x245.jpg 600w, https:\/\/www.prestigemag.co\/wp-content\/uploads\/2019\/07\/Samsung-Galaxy-Fold-291x119.jpg 291w, https:\/\/www.prestigemag.co\/wp-content\/uploads\/2019\/07\/Samsung-Galaxy-Fold-164x67.jpg 164w\" sizes=\"(max-width: 1000px) 100vw, 1000px\" \/><\/noscript><\/a><\/p>\n<p>&nbsp;<\/p>\n<p>&nbsp;<\/p>\n<h3>Am\u00e9liorations sur l&rsquo;appareil<\/h3>\n<p>Samsung a pris le temps d&rsquo;\u00e9valuer pleinement la conception du produit, d&rsquo;apporter les am\u00e9liorations n\u00e9cessaires et de mener des tests rigoureux pour valider les modifications apport\u00e9es. Ces am\u00e9liorations dans la conception et la construction comprennent:<\/p>\n<p>&nbsp;<\/p>\n<ul>\n<li>La couche protectrice sup\u00e9rieure de l\u2019Infinity Flex Display a \u00e9t\u00e9 \u00e9tendue au-del\u00e0 du cadre, ce qui montre bien qu\u2019elle fait partie int\u00e9grante de la structure de l\u2019affichage et n\u2019est pas destin\u00e9e \u00e0 \u00eatre supprim\u00e9e.<\/li>\n<li>Galaxy Fold comporte des renforts suppl\u00e9mentaires pour mieux prot\u00e9ger l&rsquo;appareil des particules externes tout en maintenant sa signature pliable:<\/li>\n<li>Le haut et le bas de la zone de la charni\u00e8re ont \u00e9t\u00e9 renforc\u00e9s avec de nouveaux capuchons de protection.<\/li>\n<li>Des couches m\u00e9talliques suppl\u00e9mentaires sous l&rsquo;\u00e9cran Infinity Flex Display ont \u00e9t\u00e9 incluses pour renforcer la protection de l&rsquo;\u00e9cran.<\/li>\n<li>L&rsquo;espace entre la charni\u00e8re et le corps de Galaxy Fold a \u00e9t\u00e9 r\u00e9duit.<\/li>\n<\/ul>\n<p>&nbsp;<\/p>\n<p><a href=\"http:\/\/www.prestigemag.co\/wp-content\/uploads\/2019\/07\/Galaxy-Fold-Back.jpg\"><img src=\"data:image\/svg+xml,%3Csvg%20xmlns='http:\/\/www.w3.org\/2000\/svg'%20viewBox='0%200%20649%20433'%3E%3C\/svg%3E\" class=\"zeen-lazy-load-base zeen-lazy-load aligncenter wp-image-18016\" data-lazy-src=\"http:\/\/www.prestigemag.co\/wp-content\/uploads\/2019\/07\/Galaxy-Fold-Back.jpg\" alt=\"\" width=\"649\" height=\"433\" data-lazy-srcset=\"https:\/\/www.prestigemag.co\/wp-content\/uploads\/2019\/07\/Galaxy-Fold-Back.jpg 787w, https:\/\/www.prestigemag.co\/wp-content\/uploads\/2019\/07\/Galaxy-Fold-Back-300x200.jpg 300w, https:\/\/www.prestigemag.co\/wp-content\/uploads\/2019\/07\/Galaxy-Fold-Back-768x512.jpg 768w, https:\/\/www.prestigemag.co\/wp-content\/uploads\/2019\/07\/Galaxy-Fold-Back-150x100.jpg 150w, https:\/\/www.prestigemag.co\/wp-content\/uploads\/2019\/07\/Galaxy-Fold-Back-562x375.jpg 562w, https:\/\/www.prestigemag.co\/wp-content\/uploads\/2019\/07\/Galaxy-Fold-Back-187x125.jpg 187w, https:\/\/www.prestigemag.co\/wp-content\/uploads\/2019\/07\/Galaxy-Fold-Back-100x67.jpg 100w\" data-lazy-sizes=\"(max-width: 649px) 100vw, 649px\" \/><noscript><img class=\"aligncenter wp-image-18016\" src=\"http:\/\/www.prestigemag.co\/wp-content\/uploads\/2019\/07\/Galaxy-Fold-Back.jpg\" alt=\"\" width=\"649\" height=\"433\" srcset=\"https:\/\/www.prestigemag.co\/wp-content\/uploads\/2019\/07\/Galaxy-Fold-Back.jpg 787w, https:\/\/www.prestigemag.co\/wp-content\/uploads\/2019\/07\/Galaxy-Fold-Back-300x200.jpg 300w, https:\/\/www.prestigemag.co\/wp-content\/uploads\/2019\/07\/Galaxy-Fold-Back-768x512.jpg 768w, https:\/\/www.prestigemag.co\/wp-content\/uploads\/2019\/07\/Galaxy-Fold-Back-150x100.jpg 150w, https:\/\/www.prestigemag.co\/wp-content\/uploads\/2019\/07\/Galaxy-Fold-Back-562x375.jpg 562w, https:\/\/www.prestigemag.co\/wp-content\/uploads\/2019\/07\/Galaxy-Fold-Back-187x125.jpg 187w, https:\/\/www.prestigemag.co\/wp-content\/uploads\/2019\/07\/Galaxy-Fold-Back-100x67.jpg 100w\" sizes=\"(max-width: 649px) 100vw, 649px\" \/><\/noscript><\/a><\/p>\n<p>&nbsp;<\/p>\n<p>&nbsp;<\/p>\n<h3>Plus d&rsquo;applications et de services<\/h3>\n<p>Parall\u00e8lement \u00e0 ces am\u00e9liorations, Samsung a \u00e9galement travaill\u00e9 sans rel\u00e2che pour am\u00e9liorer l&rsquo;exp\u00e9rience utilisateur globale de Galaxy Fold. Le g\u00e9ant cor\u00e9en optimise davantage d&rsquo;applications et de services pour son UX pliable unique. Samsung proc\u00e8de actuellement \u00e0 des tests finaux sur les produits afin de mettre Galaxy Fold \u00e0 la disposition des consommateurs \u00e0 partir de septembre sur certains march\u00e9s. Les d\u00e9tails de la disponibilit\u00e9 seront partag\u00e9s au fur et \u00e0 mesure que nous nous approcherons du lancement.<\/p>\n<p>Galaxy Fold r\u00e9invente compl\u00e8tement le smartphone, en changeant la fa\u00e7on dont vous interagissez, communiquez et vivez la vie quotidienne. Pr\u00e9cis\u00e9ment raffin\u00e9, mince et entour\u00e9 de mat\u00e9riaux luxueux, Galaxy Fold vous permet de vous immerger dans tout ce dont vous avez besoin dans la paume de votre main. Acc\u00e9dez \u00e0 l\u2019essentiel sur l\u2019affichage de la couverture en tenant confortablement Galaxy Fold dans une main et ouvrez-le pour utiliser plusieurs applications \u00e0 la fois. D\u00e9sormais, avec Galaxy Fold, vous pouvez consulter les graphiques, lancer un appel vid\u00e9o et rechercher des informations simultan\u00e9ment.<\/p>\n","protected":false},"excerpt":{"rendered":"<p><em>Chez Samsung, \u00eatre les pionniers de l\u2019innovation mobile est notre but, \u00e0 travers l\u2019introduction de nouveaux produits et technologies qui font avancer l\u2019ensemble du secteur.<\/em><br \/>.<\/p>\n","protected":false},"author":3,"featured_media":23056,"comment_status":"closed","ping_status":"closed","sticky":false,"template":"","format":"standard","meta":[],"categories":[13384],"tags":[],"yoast_head":"<!-- This site is optimized with the Yoast SEO plugin v19.4 - https:\/\/yoast.com\/wordpress\/plugins\/seo\/ -->\n<title>Galaxy Fold pr\u00eat pour le lancement \u00e0 partir de septembre - Prestige Magazine<\/title>\n<meta name=\"description\" content=\"Chez Samsung, \u00eatre les pionniers de l\u2019innovation mobile est notre but, \u00e0 travers l\u2019introduction de nouveaux produits et technologies qui font avancer l\u2019ensemble du secteur..\" \/>\n<meta name=\"robots\" content=\"index, follow, max-snippet:-1, max-image-preview:large, max-video-preview:-1\" \/>\n<link rel=\"canonical\" href=\"https:\/\/www.prestigemag.co\/fr\/2019\/07\/galaxy-fold-pret-pour-le-lancement-a-partir-de-septembre\/\" \/>\n<meta property=\"og:locale\" content=\"fr_FR\" \/>\n<meta property=\"og:type\" content=\"article\" \/>\n<meta property=\"og:title\" content=\"Galaxy Fold pr\u00eat pour le lancement \u00e0 partir de septembre - Prestige Magazine\" \/>\n<meta property=\"og:description\" content=\"Chez Samsung, \u00eatre les pionniers de l\u2019innovation mobile est notre but, \u00e0 travers l\u2019introduction de nouveaux produits et technologies qui font avancer l\u2019ensemble du secteur..\" \/>\n<meta property=\"og:url\" content=\"https:\/\/www.prestigemag.co\/fr\/2019\/07\/galaxy-fold-pret-pour-le-lancement-a-partir-de-septembre\/\" \/>\n<meta property=\"og:site_name\" content=\"Prestige Magazine\" \/>\n<meta property=\"article:publisher\" content=\"https:\/\/www.facebook.com\/prestigemag.co\/\" \/>\n<meta property=\"article:published_time\" content=\"2019-07-29T13:07:31+00:00\" \/>\n<meta property=\"og:image\" content=\"https:\/\/www.prestigemag.co\/wp-content\/uploads\/2019\/07\/Samsung-Galaxy-Fold.jpg\" \/>\n\t<meta property=\"og:image:width\" content=\"1000\" \/>\n\t<meta property=\"og:image:height\" content=\"409\" \/>\n\t<meta property=\"og:image:type\" content=\"image\/jpeg\" \/>\n<meta name=\"author\" content=\"prestige\" \/>\n<meta name=\"twitter:card\" content=\"summary\" \/>\n<meta name=\"twitter:label1\" content=\"\u00c9crit par\" \/>\n\t<meta name=\"twitter:data1\" content=\"prestige\" \/>\n\t<meta name=\"twitter:label2\" content=\"Dur\u00e9e de lecture estim\u00e9e\" \/>\n\t<meta name=\"twitter:data2\" content=\"2 minutes\" \/>\n<script type=\"application\/ld+json\" class=\"yoast-schema-graph\">{\"@context\":\"https:\/\/schema.org\",\"@graph\":[{\"@type\":\"Organization\",\"@id\":\"https:\/\/www.prestigemag.co\/#organization\",\"name\":\"Prestige\",\"url\":\"https:\/\/www.prestigemag.co\/\",\"sameAs\":[\"https:\/\/www.instagram.com\/prestige.mag\/\",\"https:\/\/www.facebook.com\/prestigemag.co\/\"],\"logo\":{\"@type\":\"ImageObject\",\"inLanguage\":\"fr-FR\",\"@id\":\"https:\/\/www.prestigemag.co\/#\/schema\/logo\/image\/\",\"url\":\"https:\/\/www.prestigemag.co\/wp-content\/uploads\/2021\/11\/logo-Prestige-800x200-1.png\",\"contentUrl\":\"https:\/\/www.prestigemag.co\/wp-content\/uploads\/2021\/11\/logo-Prestige-800x200-1.png\",\"width\":800,\"height\":200,\"caption\":\"Prestige\"},\"image\":{\"@id\":\"https:\/\/www.prestigemag.co\/#\/schema\/logo\/image\/\"}},{\"@type\":\"WebSite\",\"@id\":\"https:\/\/www.prestigemag.co\/#website\",\"url\":\"https:\/\/www.prestigemag.co\/\",\"name\":\"Prestige Magazine\",\"description\":\"Le Monde Des C\u00e9l\u00e9brit\u00e9s\",\"publisher\":{\"@id\":\"https:\/\/www.prestigemag.co\/#organization\"},\"potentialAction\":[{\"@type\":\"SearchAction\",\"target\":{\"@type\":\"EntryPoint\",\"urlTemplate\":\"https:\/\/www.prestigemag.co\/?s={search_term_string}\"},\"query-input\":\"required name=search_term_string\"}],\"inLanguage\":\"fr-FR\"},{\"@type\":\"WebPage\",\"@id\":\"https:\/\/www.prestigemag.co\/fr\/2019\/07\/galaxy-fold-pret-pour-le-lancement-a-partir-de-septembre\/\",\"url\":\"https:\/\/www.prestigemag.co\/fr\/2019\/07\/galaxy-fold-pret-pour-le-lancement-a-partir-de-septembre\/\",\"name\":\"Galaxy Fold pr\u00eat pour le lancement \u00e0 partir de septembre - Prestige Magazine\",\"isPartOf\":{\"@id\":\"https:\/\/www.prestigemag.co\/#website\"},\"datePublished\":\"2019-07-29T13:07:31+00:00\",\"dateModified\":\"2019-07-29T13:07:31+00:00\",\"description\":\"Chez Samsung, \u00eatre les pionniers de l\u2019innovation mobile est notre but, \u00e0 travers l\u2019introduction de nouveaux produits et technologies qui font avancer l\u2019ensemble du secteur..\",\"breadcrumb\":{\"@id\":\"https:\/\/www.prestigemag.co\/fr\/2019\/07\/galaxy-fold-pret-pour-le-lancement-a-partir-de-septembre\/#breadcrumb\"},\"inLanguage\":\"fr-FR\",\"potentialAction\":[{\"@type\":\"ReadAction\",\"target\":[\"https:\/\/www.prestigemag.co\/fr\/2019\/07\/galaxy-fold-pret-pour-le-lancement-a-partir-de-septembre\/\"]}]},{\"@type\":\"BreadcrumbList\",\"@id\":\"https:\/\/www.prestigemag.co\/fr\/2019\/07\/galaxy-fold-pret-pour-le-lancement-a-partir-de-septembre\/#breadcrumb\",\"itemListElement\":[{\"@type\":\"ListItem\",\"position\":1,\"name\":\"Home\",\"item\":\"https:\/\/www.prestigemag.co\/fr\/\"},{\"@type\":\"ListItem\",\"position\":2,\"name\":\"Galaxy Fold pr\u00eat pour le lancement \u00e0 partir de septembre\"}]},{\"@type\":\"Article\",\"@id\":\"https:\/\/www.prestigemag.co\/fr\/2019\/07\/galaxy-fold-pret-pour-le-lancement-a-partir-de-septembre\/#article\",\"isPartOf\":{\"@id\":\"https:\/\/www.prestigemag.co\/fr\/2019\/07\/galaxy-fold-pret-pour-le-lancement-a-partir-de-septembre\/\"},\"author\":{\"name\":\"prestige\",\"@id\":\"https:\/\/www.prestigemag.co\/#\/schema\/person\/e3f149368970128d68bb2d797bf30fbc\"},\"headline\":\"Galaxy Fold pr\u00eat pour le lancement \u00e0 partir de septembre\",\"datePublished\":\"2019-07-29T13:07:31+00:00\",\"dateModified\":\"2019-07-29T13:07:31+00:00\",\"mainEntityOfPage\":{\"@id\":\"https:\/\/www.prestigemag.co\/fr\/2019\/07\/galaxy-fold-pret-pour-le-lancement-a-partir-de-septembre\/\"},\"wordCount\":455,\"publisher\":{\"@id\":\"https:\/\/www.prestigemag.co\/#organization\"},\"articleSection\":[\"Technologie\"],\"inLanguage\":\"fr-FR\"},{\"@type\":\"Person\",\"@id\":\"https:\/\/www.prestigemag.co\/#\/schema\/person\/e3f149368970128d68bb2d797bf30fbc\",\"name\":\"prestige\",\"image\":{\"@type\":\"ImageObject\",\"inLanguage\":\"fr-FR\",\"@id\":\"https:\/\/www.prestigemag.co\/#\/schema\/person\/image\/\",\"url\":\"https:\/\/secure.gravatar.com\/avatar\/0aa2dff5484d35e50578639a2c3ccef9?s=96&d=mm&r=g\",\"contentUrl\":\"https:\/\/secure.gravatar.com\/avatar\/0aa2dff5484d35e50578639a2c3ccef9?s=96&d=mm&r=g\",\"caption\":\"prestige\"},\"url\":\"https:\/\/www.prestigemag.co\/fr\/author\/prestige\/\"}]}<\/script>\n<!-- \/ Yoast SEO plugin. -->","yoast_head_json":{"title":"Galaxy Fold pr\u00eat pour le lancement \u00e0 partir de septembre - Prestige Magazine","description":"Chez Samsung, \u00eatre les pionniers de l\u2019innovation mobile est notre but, \u00e0 travers l\u2019introduction de nouveaux produits et technologies qui font avancer l\u2019ensemble du secteur..","robots":{"index":"index","follow":"follow","max-snippet":"max-snippet:-1","max-image-preview":"max-image-preview:large","max-video-preview":"max-video-preview:-1"},"canonical":"https:\/\/www.prestigemag.co\/fr\/2019\/07\/galaxy-fold-pret-pour-le-lancement-a-partir-de-septembre\/","og_locale":"fr_FR","og_type":"article","og_title":"Galaxy Fold pr\u00eat pour le lancement \u00e0 partir de septembre - Prestige Magazine","og_description":"Chez Samsung, \u00eatre les pionniers de l\u2019innovation mobile est notre but, \u00e0 travers l\u2019introduction de nouveaux produits et technologies qui font avancer l\u2019ensemble du secteur..","og_url":"https:\/\/www.prestigemag.co\/fr\/2019\/07\/galaxy-fold-pret-pour-le-lancement-a-partir-de-septembre\/","og_site_name":"Prestige Magazine","article_publisher":"https:\/\/www.facebook.com\/prestigemag.co\/","article_published_time":"2019-07-29T13:07:31+00:00","og_image":[{"width":1000,"height":409,"url":"https:\/\/www.prestigemag.co\/wp-content\/uploads\/2019\/07\/Samsung-Galaxy-Fold.jpg","type":"image\/jpeg"}],"author":"prestige","twitter_card":"summary","twitter_misc":{"\u00c9crit par":"prestige","Dur\u00e9e de lecture estim\u00e9e":"2 minutes"},"schema":{"@context":"https:\/\/schema.org","@graph":[{"@type":"Organization","@id":"https:\/\/www.prestigemag.co\/#organization","name":"Prestige","url":"https:\/\/www.prestigemag.co\/","sameAs":["https:\/\/www.instagram.com\/prestige.mag\/","https:\/\/www.facebook.com\/prestigemag.co\/"],"logo":{"@type":"ImageObject","inLanguage":"fr-FR","@id":"https:\/\/www.prestigemag.co\/#\/schema\/logo\/image\/","url":"https:\/\/www.prestigemag.co\/wp-content\/uploads\/2021\/11\/logo-Prestige-800x200-1.png","contentUrl":"https:\/\/www.prestigemag.co\/wp-content\/uploads\/2021\/11\/logo-Prestige-800x200-1.png","width":800,"height":200,"caption":"Prestige"},"image":{"@id":"https:\/\/www.prestigemag.co\/#\/schema\/logo\/image\/"}},{"@type":"WebSite","@id":"https:\/\/www.prestigemag.co\/#website","url":"https:\/\/www.prestigemag.co\/","name":"Prestige Magazine","description":"Le Monde Des C\u00e9l\u00e9brit\u00e9s","publisher":{"@id":"https:\/\/www.prestigemag.co\/#organization"},"potentialAction":[{"@type":"SearchAction","target":{"@type":"EntryPoint","urlTemplate":"https:\/\/www.prestigemag.co\/?s={search_term_string}"},"query-input":"required name=search_term_string"}],"inLanguage":"fr-FR"},{"@type":"WebPage","@id":"https:\/\/www.prestigemag.co\/fr\/2019\/07\/galaxy-fold-pret-pour-le-lancement-a-partir-de-septembre\/","url":"https:\/\/www.prestigemag.co\/fr\/2019\/07\/galaxy-fold-pret-pour-le-lancement-a-partir-de-septembre\/","name":"Galaxy Fold pr\u00eat pour le lancement \u00e0 partir de septembre - Prestige Magazine","isPartOf":{"@id":"https:\/\/www.prestigemag.co\/#website"},"datePublished":"2019-07-29T13:07:31+00:00","dateModified":"2019-07-29T13:07:31+00:00","description":"Chez Samsung, \u00eatre les pionniers de l\u2019innovation mobile est notre but, \u00e0 travers l\u2019introduction de nouveaux produits et technologies qui font avancer l\u2019ensemble du secteur..","breadcrumb":{"@id":"https:\/\/www.prestigemag.co\/fr\/2019\/07\/galaxy-fold-pret-pour-le-lancement-a-partir-de-septembre\/#breadcrumb"},"inLanguage":"fr-FR","potentialAction":[{"@type":"ReadAction","target":["https:\/\/www.prestigemag.co\/fr\/2019\/07\/galaxy-fold-pret-pour-le-lancement-a-partir-de-septembre\/"]}]},{"@type":"BreadcrumbList","@id":"https:\/\/www.prestigemag.co\/fr\/2019\/07\/galaxy-fold-pret-pour-le-lancement-a-partir-de-septembre\/#breadcrumb","itemListElement":[{"@type":"ListItem","position":1,"name":"Home","item":"https:\/\/www.prestigemag.co\/fr\/"},{"@type":"ListItem","position":2,"name":"Galaxy Fold pr\u00eat pour le lancement \u00e0 partir de septembre"}]},{"@type":"Article","@id":"https:\/\/www.prestigemag.co\/fr\/2019\/07\/galaxy-fold-pret-pour-le-lancement-a-partir-de-septembre\/#article","isPartOf":{"@id":"https:\/\/www.prestigemag.co\/fr\/2019\/07\/galaxy-fold-pret-pour-le-lancement-a-partir-de-septembre\/"},"author":{"name":"prestige","@id":"https:\/\/www.prestigemag.co\/#\/schema\/person\/e3f149368970128d68bb2d797bf30fbc"},"headline":"Galaxy Fold pr\u00eat pour le lancement \u00e0 partir de septembre","datePublished":"2019-07-29T13:07:31+00:00","dateModified":"2019-07-29T13:07:31+00:00","mainEntityOfPage":{"@id":"https:\/\/www.prestigemag.co\/fr\/2019\/07\/galaxy-fold-pret-pour-le-lancement-a-partir-de-septembre\/"},"wordCount":455,"publisher":{"@id":"https:\/\/www.prestigemag.co\/#organization"},"articleSection":["Technologie"],"inLanguage":"fr-FR"},{"@type":"Person","@id":"https:\/\/www.prestigemag.co\/#\/schema\/person\/e3f149368970128d68bb2d797bf30fbc","name":"prestige","image":{"@type":"ImageObject","inLanguage":"fr-FR","@id":"https:\/\/www.prestigemag.co\/#\/schema\/person\/image\/","url":"https:\/\/secure.gravatar.com\/avatar\/0aa2dff5484d35e50578639a2c3ccef9?s=96&d=mm&r=g","contentUrl":"https:\/\/secure.gravatar.com\/avatar\/0aa2dff5484d35e50578639a2c3ccef9?s=96&d=mm&r=g","caption":"prestige"},"url":"https:\/\/www.prestigemag.co\/fr\/author\/prestige\/"}]}},"_links":{"self":[{"href":"https:\/\/www.prestigemag.co\/fr\/wp-json\/wp\/v2\/posts\/23055"}],"collection":[{"href":"https:\/\/www.prestigemag.co\/fr\/wp-json\/wp\/v2\/posts"}],"about":[{"href":"https:\/\/www.prestigemag.co\/fr\/wp-json\/wp\/v2\/types\/post"}],"author":[{"embeddable":true,"href":"https:\/\/www.prestigemag.co\/fr\/wp-json\/wp\/v2\/users\/3"}],"replies":[{"embeddable":true,"href":"https:\/\/www.prestigemag.co\/fr\/wp-json\/wp\/v2\/comments?post=23055"}],"version-history":[{"count":0,"href":"https:\/\/www.prestigemag.co\/fr\/wp-json\/wp\/v2\/posts\/23055\/revisions"}],"wp:featuredmedia":[{"embeddable":true,"href":"https:\/\/www.prestigemag.co\/fr\/wp-json\/wp\/v2\/media\/23056"}],"wp:attachment":[{"href":"https:\/\/www.prestigemag.co\/fr\/wp-json\/wp\/v2\/media?parent=23055"}],"wp:term":[{"taxonomy":"category","embeddable":true,"href":"https:\/\/www.prestigemag.co\/fr\/wp-json\/wp\/v2\/categories?post=23055"},{"taxonomy":"post_tag","embeddable":true,"href":"https:\/\/www.prestigemag.co\/fr\/wp-json\/wp\/v2\/tags?post=23055"}],"curies":[{"name":"wp","href":"https:\/\/api.w.org\/{rel}","templated":true}]}}